{"id":2144,"date":"2012-01-12T21:13:15","date_gmt":"2012-01-12T21:13:15","guid":{"rendered":"http:\/\/www.bbyhaber.com\/bby\/?p=2144"},"modified":"2012-09-07T17:52:00","modified_gmt":"2012-09-07T14:52:00","slug":"eskikoy-ilkogretim-okuluna-1000-kitaplik-kutuphane-denizli","status":"publish","type":"post","link":"https:\/\/www.bbyhaber.com\/bby\/2012\/01\/12\/eskikoy-ilkogretim-okuluna-1000-kitaplik-kutuphane-denizli","title":{"rendered":"Eskik\u00f6y \u0130lk\u00f6\u011fretim Okulu&#8217;na 1000 Kitapl\u0131k K\u00fct\u00fcphane-Denizli"},"content":{"rendered":"<p style=\"text-align: justify;\">Ac\u0131payam Anadolu Lisesi taraf\u0131ndan Eskik\u00f6y \u0130lk\u00f6\u011fretim Okulu&#8217;na bin kitapl\u0131k k\u00fct\u00fcphane kurulaca\u011f\u0131 bildirildi.\u00a0 Ac\u0131payam AnadoluLisesi M\u00fcd\u00fcr\u00fc Talat Tokyay, gazetecilere yapt\u0131\u011f\u0131 a\u00e7\u0131klamada, okulun 11 D s\u0131n\u0131f\u0131 \u00f6\u011frencileri ile Co\u011frafya \u00d6\u011fretmeni Y\u0131lmaz Bayku\u015f&#8217;un, k\u00fct\u00fcphane kampanyas\u0131ba\u015flatt\u0131klar\u0131n\u0131 s\u00f6yledi. &#8220;Dayan\u0131\u015fman\u0131n I\u015f\u0131\u011f\u0131nda Kitaplar\u0131n G\u00f6lgesinde&#8221; ad\u0131n\u0131 verdikleri projeyle Eskik\u00f6y \u0130lk\u00f6\u011fretim Okulu&#8217;na bin kitapl\u0131k k\u00fct\u00fcphane kurmay\u0131 hedeflediklerini ifade eden Tokyay, &#8220;\u00d6\u011frencilerimizin ve il\u00e7emiz esnaf\u0131n\u0131n katk\u0131s\u0131yla \u015fu an kitap say\u0131s\u0131, 650&#8217;ye ula\u015ft\u0131. Hedefimiz olan bin kitaba ula\u015fmaya \u00e7al\u0131\u015f\u0131yoruz&#8221; dedi.<\/p>\n<p style=\"text-align: justify;\">Kaynak: http:\/\/www.haberler.com<\/p>\n","protected":false},"excerpt":{"rendered":"<p>Ac\u0131payam Anadolu Lisesi taraf\u0131ndan Eskik\u00f6y \u0130lk\u00f6\u011fretim Okulu&#8217;na bin kitapl\u0131k k\u00fct\u00fcphane kurulaca\u011f\u0131 bildirildi.\u00a0 Ac\u0131payam AnadoluLisesi M\u00fcd\u00fcr\u00fc Talat Tokyay, gazetecilere yapt\u0131\u011f\u0131 a\u00e7\u0131klamada, okulun 11 D s\u0131n\u0131f\u0131 \u00f6\u011frencileri ile Co\u011frafya \u00d6\u011fretmeni Y\u0131lmaz Bayku\u015f&#8217;un, k\u00fct\u00fcphane kampanyas\u0131ba\u015flatt\u0131klar\u0131n\u0131 s\u00f6yledi. &#8220;Dayan\u0131\u015fman\u0131n I\u015f\u0131\u011f\u0131nda Kitaplar\u0131n G\u00f6lgesinde&#8221; ad\u0131n\u0131 verdikleri projeyle Eskik\u00f6y \u0130lk\u00f6\u011fretim Okulu&#8217;na bin kitapl\u0131k k\u00fct\u00fcphane kurmay\u0131 hedeflediklerini ifade eden Tokyay, &#8220;\u00d6\u011frencilerimizin ve il\u00e7emiz esnaf\u0131n\u0131n [&hellip;]<\/p>\n","protected":false},"author":1,"featured_media":0,"comment_status":"open","ping_status":"open","sticky":false,"template":"","format":"standard","meta":{"footnotes":""},"categories":[],"tags":[845],"class_list":["post-2144","post","type-post","status-publish","format-standard","hentry","tag-okul-kutuphaneleri"],"_links":{"self":[{"href":"https:\/\/www.bbyhaber.com\/bby\/wp-json\/wp\/v2\/posts\/2144"}],"collection":[{"href":"https:\/\/www.bbyhaber.com\/bby\/wp-json\/wp\/v2\/posts"}],"about":[{"href":"https:\/\/www.bbyhaber.com\/bby\/wp-json\/wp\/v2\/types\/post"}],"author":[{"embeddable":true,"href":"https:\/\/www.bbyhaber.com\/bby\/wp-json\/wp\/v2\/users\/1"}],"replies":[{"embeddable":true,"href":"https:\/\/www.bbyhaber.com\/bby\/wp-json\/wp\/v2\/comments?post=2144"}],"version-history":[{"count":0,"href":"https:\/\/www.bbyhaber.com\/bby\/wp-json\/wp\/v2\/posts\/2144\/revisions"}],"wp:attachment":[{"href":"https:\/\/www.bbyhaber.com\/bby\/wp-json\/wp\/v2\/media?parent=2144"}],"wp:term":[{"taxonomy":"category","embeddable":true,"href":"https:\/\/www.bbyhaber.com\/bby\/wp-json\/wp\/v2\/categories?post=2144"},{"taxonomy":"post_tag","embeddable":true,"href":"https:\/\/www.bbyhaber.com\/bby\/wp-json\/wp\/v2\/tags?post=2144"}],"curies":[{"name":"wp","href":"https:\/\/api.w.org\/{rel}","templated":true}]}}