{"id":21401,"date":"2017-03-14T13:33:29","date_gmt":"2017-03-14T10:33:29","guid":{"rendered":"http:\/\/www.bbyhaber.com\/bby\/?p=21401"},"modified":"2017-03-14T13:33:29","modified_gmt":"2017-03-14T10:33:29","slug":"53-kutuphane-haftasi-kitaplageziyorum-bisiklet-turu-tkd-izmir-subesi","status":"publish","type":"post","link":"https:\/\/www.bbyhaber.com\/bby\/2017\/03\/14\/53-kutuphane-haftasi-kitaplageziyorum-bisiklet-turu-tkd-izmir-subesi","title":{"rendered":"53. K\u00fct\u00fcphane Haftas\u0131 #KitaplaGeziyorum Bisiklet Turu-TKD \u0130zmir \u015eubesi"},"content":{"rendered":"<p><img loading=\"lazy\" decoding=\"async\" class=\"alignleft size-medium wp-image-21402\" src=\"http:\/\/www.bbyhaber.com\/bby\/wp-content\/uploads\/2017\/03\/tkd-izmir-bisiklet-turu-300x136.jpg\" alt=\"\" width=\"300\" height=\"136\" data-wp-pid=\"21402\" srcset=\"https:\/\/www.bbyhaber.com\/bby\/wp-content\/uploads\/2017\/03\/tkd-izmir-bisiklet-turu-300x136.jpg 300w, https:\/\/www.bbyhaber.com\/bby\/wp-content\/uploads\/2017\/03\/tkd-izmir-bisiklet-turu-768x348.jpg 768w, https:\/\/www.bbyhaber.com\/bby\/wp-content\/uploads\/2017\/03\/tkd-izmir-bisiklet-turu-800x362.jpg 800w, https:\/\/www.bbyhaber.com\/bby\/wp-content\/uploads\/2017\/03\/tkd-izmir-bisiklet-turu.jpg 895w\" sizes=\"(max-width: 300px) 100vw, 300px\" \/>Bu y\u0131l <strong>27 mart &#8211; 2 Nisan 2017<\/strong> tarihleri aras\u0131nda <strong>53. K\u00fct\u00fcphane Haftas\u0131<\/strong>n\u0131 kutlayaca\u011f\u0131z. <strong>TKD \u0130zmir \u015eubesi<\/strong> K\u00fct\u00fcphane Haftas\u0131 \u00e7al\u0131\u015fmalar\u0131n\u0131 duyurabilmek ad\u0131na \u0130zmir\u2019de\u00a0 k\u00fct\u00fcphanesi olan \u00fcniversite, halk, belediye, okul, ara\u015ft\u0131rma k\u00fct\u00fcphaneleri ve g\u00f6n\u00fcll\u00fclerle \u00e7al\u0131\u015fmalar\u0131m\u0131z\u0131 \u00a0s\u00fcrd\u00fcrmekteyiz.<!--more--><\/p>\n<p>Ayr\u0131ca Derne\u011fimizin ad\u0131n\u0131 ve haftam\u0131zda ger\u00e7ekle\u015fecek kat\u0131l\u0131m\u0131 artt\u0131rabilmek ad\u0131na \u201c<strong>Kitapla Geziyorum<\/strong>\u201d ad\u0131 alt\u0131nda bir <strong><a href=\"https:\/\/www.facebook.com\/kitaplageziyorum\/\" target=\"_blank\">Facebook<\/a><\/strong> ve <strong><a href=\"https:\/\/www.instagram.com\/kitaplageziyorum\" target=\"_blank\">Instagram<\/a><\/strong> hesab\u0131 olu\u015fturduk. Halen takip\u00e7i say\u0131lar\u0131 artmakta olan bu platformda \u00a0foto\u011fraf yar\u0131\u015fmas\u0131 da d\u00fczenledik.<\/p>\n<p><strong>2 Nisan Pazar G\u00fcn\u00fc Saat 14.00\u2019te \u0130zmir Bisikletliler Derne\u011fi ile beraber Cumhuriyet Meydan\u0131ndan ba\u015flay\u0131p \u00a0\u00dc\u00e7kuyular \u00a0\u0130skeleye \u00a0kadar devam edecek bir Bisiklet turu d\u00fczenleyece\u011fiz.<\/strong>\u00a0T\u00fcm Bisikletli gruplara k\u00fct\u00fcphane haftas\u0131 bask\u0131l\u0131\u00a0 T-shirt\u2019ler hediye edilecektir. \u00a0Tur sonunda yiyecek ve i\u00e7ecek ikram\u0131 olacakt\u0131r. Kat\u0131l\u0131mlar\u0131n\u0131z\u0131 bekleriz..<\/p>\n<p><span style=\"color: #ff0000;\"><strong>Tarih: 02 Nisan 2017 Pazar <\/strong><\/span><\/p>\n<p><strong>Saat: 14.00 <\/strong><\/p>\n<p><strong>\u00c7\u0131k\u0131\u015f: Cumhuriyet Meydan\u0131. <\/strong><\/p>\n<p><strong>Var\u0131\u015f:\u00a0 \u00dc\u00e7kuyular \u0130skele<\/strong><strong>\u00a0 <\/strong><\/p>\n","protected":false},"excerpt":{"rendered":"<p>Bu y\u0131l 27 mart &#8211; 2 Nisan 2017 tarihleri aras\u0131nda 53. K\u00fct\u00fcphane Haftas\u0131n\u0131 kutlayaca\u011f\u0131z. TKD \u0130zmir \u015eubesi K\u00fct\u00fcphane Haftas\u0131 \u00e7al\u0131\u015fmalar\u0131n\u0131 duyurabilmek ad\u0131na \u0130zmir\u2019de\u00a0 k\u00fct\u00fcphanesi olan \u00fcniversite, halk, belediye, okul, ara\u015ft\u0131rma k\u00fct\u00fcphaneleri ve g\u00f6n\u00fcll\u00fclerle \u00e7al\u0131\u015fmalar\u0131m\u0131z\u0131 \u00a0s\u00fcrd\u00fcrmekteyiz.<\/p>\n","protected":false},"author":1,"featured_media":21402,"comment_status":"open","ping_status":"open","sticky":false,"template":"","format":"standard","meta":{"footnotes":""},"categories":[1523],"tags":[1461],"class_list":["post-21401","post","type-post","status-publish","format-standard","has-post-thumbnail","hentry","category-53-kutuphane-haftasi","tag-kutuphane-haftasi"],"_links":{"self":[{"href":"https:\/\/www.bbyhaber.com\/bby\/wp-json\/wp\/v2\/posts\/21401"}],"collection":[{"href":"https:\/\/www.bbyhaber.com\/bby\/wp-json\/wp\/v2\/posts"}],"about":[{"href":"https:\/\/www.bbyhaber.com\/bby\/wp-json\/wp\/v2\/types\/post"}],"author":[{"embeddable":true,"href":"https:\/\/www.bbyhaber.com\/bby\/wp-json\/wp\/v2\/users\/1"}],"replies":[{"embeddable":true,"href":"https:\/\/www.bbyhaber.com\/bby\/wp-json\/wp\/v2\/comments?post=21401"}],"version-history":[{"count":1,"href":"https:\/\/www.bbyhaber.com\/bby\/wp-json\/wp\/v2\/posts\/21401\/revisions"}],"predecessor-version":[{"id":21403,"href":"https:\/\/www.bbyhaber.com\/bby\/wp-json\/wp\/v2\/posts\/21401\/revisions\/21403"}],"wp:featuredmedia":[{"embeddable":true,"href":"https:\/\/www.bbyhaber.com\/bby\/wp-json\/wp\/v2\/media\/21402"}],"wp:attachment":[{"href":"https:\/\/www.bbyhaber.com\/bby\/wp-json\/wp\/v2\/media?parent=21401"}],"wp:term":[{"taxonomy":"category","embeddable":true,"href":"https:\/\/www.bbyhaber.com\/bby\/wp-json\/wp\/v2\/categories?post=21401"},{"taxonomy":"post_tag","embeddable":true,"href":"https:\/\/www.bbyhaber.com\/bby\/wp-json\/wp\/v2\/tags?post=21401"}],"curies":[{"name":"wp","href":"https:\/\/api.w.org\/{rel}","templated":true}]}}