{"id":2138,"date":"2012-01-12T10:49:00","date_gmt":"2012-01-12T10:49:00","guid":{"rendered":"http:\/\/www.bbyhaber.com\/bby\/?p=2138"},"modified":"2012-01-12T10:49:07","modified_gmt":"2012-01-12T10:49:07","slug":"kutuphanenin-suyu-cikti","status":"publish","type":"post","link":"https:\/\/www.bbyhaber.com\/bby\/2012\/01\/12\/kutuphanenin-suyu-cikti","title":{"rendered":"K\u00fct\u00fcphanenin suyu \u00e7\u0131kt\u0131"},"content":{"rendered":"<p style=\"text-align: justify;\">Kas\u0131m ay\u0131nda hizmet vermeye ba\u015flayan <a href=\"http:\/\/www.konyakutuphanesi.gov.tr\/\" target=\"_blank\">Konya \u0130l Halk K\u00fct\u00fcphanesi<\/a>, \u015fimdiden d\u00f6k\u00fclmeye ba\u015flad\u0131. \u00d6nceki g\u00fcn ve d\u00fcn ya\u015fanan ya\u011f\u0131\u015flar sonucu 2. katta bulunan y\u00f6netim k\u0131sm\u0131n\u0131n tavan\u0131ndan ya\u011fmur suyu akmaya ba\u015flad\u0131. G\u00f6revliler, tavan i\u00e7in bir \u00e7\u00f6z\u00fcm bulamay\u0131nca, akan suyun alt\u0131na \u00e7\u00f6p bidonlar\u0131n\u0131 koydu. Y\u00f6netim k\u0131sm\u0131nda olu\u015fan su birikintisi g\u00f6revlilerce temizlenirken, binan\u0131n di\u011fer b\u00f6l\u00fcmlerinde ise bir ak\u0131nt\u0131n\u0131n olmad\u0131\u011f\u0131 \u00f6\u011frenildi.<\/p>\n<p style=\"text-align: justify;\">\u0130lerleyen g\u00fcnlerde ya\u011f\u0131\u015flar\u0131n artmas\u0131 halinde bu t\u00fcr sorunlar\u0131n k\u00fct\u00fcphanenin ba\u015fka b\u00f6l\u00fcmlerinde, \u00f6zellikle vatanda\u015flar\u0131n \u00e7o\u011funlukta kulland\u0131\u011f\u0131 okuma salonlar\u0131nda olup olmayaca\u011f\u0131 merak uyand\u0131r\u0131rken, yeni bir binan\u0131n \u015fimdiden su almaya ba\u015flamas\u0131 dikkat \u00e7ekti.<\/p>\n<p style=\"text-align: justify;\">2 Mart 2010\u2019da temeli at\u0131lan ve 28 Kas\u0131m 2011\u2019de hizmet vermeye ba\u015flayan k\u00fct\u00fcphane, yeni ve modern olmas\u0131 nedeniyle vatanda\u015flar taraf\u0131ndan ilgi g\u00f6r\u00fcrken, bu t\u00fcr olumsuzluklar\u0131n ya\u015fanmas\u0131 ise vatanda\u015f\u0131n akl\u0131nda \u201cyeni bir binan\u0131n tavan\u0131 nas\u0131l akar\u201d sorusunu olu\u015fturdu.<\/p>\n<p style=\"text-align: justify;\">YOLLAR DA AYNI DURUMDA<\/p>\n<p style=\"text-align: justify;\">\u00d6te yandan ya\u011f\u0131\u015flar nedeniyle Zafer Meydan\u0131\u2019ndaki trafi\u011fe kapal\u0131 y\u00fcr\u00fcme alan\u0131n\u0131n orta k\u0131sm\u0131ndaki kald\u0131r\u0131m ta\u015flar\u0131n\u0131n \u00fczerinde k\u00fc\u00e7\u00fck g\u00f6lc\u00fckler olu\u015ftu. Olu\u015fan g\u00f6lc\u00fckler nedeniyle vatanda\u015flar y\u00fcr\u00fcmekte g\u00fc\u00e7l\u00fck \u00e7ekerken, dalg\u0131n olan veya fark edemeyen vatanda\u015flarda olu\u015fan birikintiden nasibini ald\u0131. Her ya\u011fmur ya\u011f\u0131\u015f\u0131ndan sonra olu\u015fan bu su birikintilerine vatanda\u015flar art\u0131k bir \u00e7\u00f6z\u00fcm bulunmas\u0131n\u0131 istiyor. Alan\u0131n kenarlar\u0131ndaki kald\u0131r\u0131m ta\u015flar\u0131n\u0131n \u00fczerinde hi\u00e7bir su birikintisi olu\u015fmazken, orta alana y\u0131\u011f\u0131lan su birikintileri alanda y\u00fcr\u00fcyenleri zor durumda b\u0131rak\u0131yor.<\/p>\n<p style=\"text-align: justify;\">\u015eehrin bir\u00e7ok b\u00f6lgesinde kald\u0131r\u0131m ve y\u00fcr\u00fcme alanlar\u0131nda ayn\u0131 s\u0131k\u0131nt\u0131 her ya\u011f\u0131\u015fl\u0131 havada ya\u015fan\u0131rken, vatanda\u015flar modern bir kentin gereklerine uyularak, sorunun \u00e7\u00f6z\u00fcme kavu\u015fturulmas\u0131n\u0131 istiyor<\/p>\n<p style=\"text-align: justify;\">Kaynak: http:\/\/www.yenimeram.com.tr<\/p>\n","protected":false},"excerpt":{"rendered":"<p>Kas\u0131m ay\u0131nda hizmet vermeye ba\u015flayan Konya \u0130l Halk K\u00fct\u00fcphanesi, \u015fimdiden d\u00f6k\u00fclmeye ba\u015flad\u0131. \u00d6nceki g\u00fcn ve d\u00fcn ya\u015fanan ya\u011f\u0131\u015flar sonucu 2. katta bulunan y\u00f6netim k\u0131sm\u0131n\u0131n tavan\u0131ndan ya\u011fmur suyu akmaya ba\u015flad\u0131. G\u00f6revliler, tavan i\u00e7in bir \u00e7\u00f6z\u00fcm bulamay\u0131nca, akan suyun alt\u0131na \u00e7\u00f6p bidonlar\u0131n\u0131 koydu. Y\u00f6netim k\u0131sm\u0131nda olu\u015fan su birikintisi g\u00f6revlilerce temizlenirken, binan\u0131n di\u011fer b\u00f6l\u00fcmlerinde ise bir ak\u0131nt\u0131n\u0131n olmad\u0131\u011f\u0131 [&hellip;]<\/p>\n","protected":false},"author":1,"featured_media":0,"comment_status":"open","ping_status":"open","sticky":false,"template":"","format":"standard","meta":{"footnotes":""},"categories":[1],"tags":[],"class_list":["post-2138","post","type-post","status-publish","format-standard","hentry","category-genel"],"_links":{"self":[{"href":"https:\/\/www.bbyhaber.com\/bby\/wp-json\/wp\/v2\/posts\/2138"}],"collection":[{"href":"https:\/\/www.bbyhaber.com\/bby\/wp-json\/wp\/v2\/posts"}],"about":[{"href":"https:\/\/www.bbyhaber.com\/bby\/wp-json\/wp\/v2\/types\/post"}],"author":[{"embeddable":true,"href":"https:\/\/www.bbyhaber.com\/bby\/wp-json\/wp\/v2\/users\/1"}],"replies":[{"embeddable":true,"href":"https:\/\/www.bbyhaber.com\/bby\/wp-json\/wp\/v2\/comments?post=2138"}],"version-history":[{"count":0,"href":"https:\/\/www.bbyhaber.com\/bby\/wp-json\/wp\/v2\/posts\/2138\/revisions"}],"wp:attachment":[{"href":"https:\/\/www.bbyhaber.com\/bby\/wp-json\/wp\/v2\/media?parent=2138"}],"wp:term":[{"taxonomy":"category","embeddable":true,"href":"https:\/\/www.bbyhaber.com\/bby\/wp-json\/wp\/v2\/categories?post=2138"},{"taxonomy":"post_tag","embeddable":true,"href":"https:\/\/www.bbyhaber.com\/bby\/wp-json\/wp\/v2\/tags?post=2138"}],"curies":[{"name":"wp","href":"https:\/\/api.w.org\/{rel}","templated":true}]}}