{"id":21362,"date":"2017-03-07T11:22:53","date_gmt":"2017-03-07T08:22:53","guid":{"rendered":"http:\/\/www.bbyhaber.com\/bby\/?p=21362"},"modified":"2017-04-13T17:02:04","modified_gmt":"2017-04-13T14:02:04","slug":"3-milli-kultur-surasi-yayincilik-ve-kutuphanecilik-komisyonu-hakkinda-bilgilendirme-doc-dr-asiye-kakirman-yildiz","status":"publish","type":"post","link":"https:\/\/www.bbyhaber.com\/bby\/2017\/03\/07\/3-milli-kultur-surasi-yayincilik-ve-kutuphanecilik-komisyonu-hakkinda-bilgilendirme-doc-dr-asiye-kakirman-yildiz","title":{"rendered":"3. Milli K\u00fclt\u00fcr \u015e\u00fbras\u0131 &#8211; Yay\u0131nc\u0131l\u0131k ve K\u00fct\u00fcphanecilik Komisyonu Hakk\u0131nda Bilgilendirme | Do\u00e7. Dr. Asiye Kak\u0131rman Y\u0131ld\u0131z"},"content":{"rendered":"<p><img loading=\"lazy\" decoding=\"async\" class=\"size-medium wp-image-21368 alignleft\" src=\"http:\/\/www.bbyhaber.com\/bby\/wp-content\/uploads\/2017\/03\/Kak\u0131rman-3.-Milli-K\u00fclt\u00fcr-\u015e\u00fbras\u0131-\u2013-Yay\u0131nc\u0131l\u0131k-ve-K\u00fct\u00fcphanecilik-Komisyonu-Raporu--300x237.png\" alt=\"\" width=\"300\" height=\"237\" data-wp-pid=\"21368\" srcset=\"https:\/\/www.bbyhaber.com\/bby\/wp-content\/uploads\/2017\/03\/Kak\u0131rman-3.-Milli-K\u00fclt\u00fcr-\u015e\u00fbras\u0131-\u2013-Yay\u0131nc\u0131l\u0131k-ve-K\u00fct\u00fcphanecilik-Komisyonu-Raporu--300x237.png 300w, https:\/\/www.bbyhaber.com\/bby\/wp-content\/uploads\/2017\/03\/Kak\u0131rman-3.-Milli-K\u00fclt\u00fcr-\u015e\u00fbras\u0131-\u2013-Yay\u0131nc\u0131l\u0131k-ve-K\u00fct\u00fcphanecilik-Komisyonu-Raporu--768x608.png 768w, https:\/\/www.bbyhaber.com\/bby\/wp-content\/uploads\/2017\/03\/Kak\u0131rman-3.-Milli-K\u00fclt\u00fcr-\u015e\u00fbras\u0131-\u2013-Yay\u0131nc\u0131l\u0131k-ve-K\u00fct\u00fcphanecilik-Komisyonu-Raporu--800x633.png 800w, https:\/\/www.bbyhaber.com\/bby\/wp-content\/uploads\/2017\/03\/Kak\u0131rman-3.-Milli-K\u00fclt\u00fcr-\u015e\u00fbras\u0131-\u2013-Yay\u0131nc\u0131l\u0131k-ve-K\u00fct\u00fcphanecilik-Komisyonu-Raporu-.png 921w\" sizes=\"(max-width: 300px) 100vw, 300px\" \/>3. Milli K\u00fclt\u00fcr \u015e\u00fbras\u0131&#8217;na m\u00fczakereci olarak kat\u0131lan \u00a0Say\u0131n <em>Do\u00e7. Dr. Asiye Kak\u0131rman Y\u0131ld\u0131z\u00a0<\/em>hocam\u0131z\u0131n\u00a0\u00a0<strong><em>Yay\u0131nc\u0131l\u0131k ve K\u00fct\u00fcphanecilik <\/em><\/strong><em><strong>Komisyonu\u00a0<\/strong><\/em>hakk\u0131ndaki\u00a0g\u00f6r\u00fc\u015fleri ve kamuoyuyla payla\u015ft\u0131\u011f\u0131 bilgiler a\u015fa\u011f\u0131da yer almaktad\u0131r.<!--more--><br \/>\nBilindi\u011fi \u00fczere\u00a0 3. Milli K\u00fclt\u00fcr \u015euras\u0131 3- 5 Mart 2017 tarihinde \u0130stanbul L\u00fctfi K\u0131rdar Uluslararas\u0131 Kongre ve Sergi Saray\u0131\u2019nda d\u00fczenlendi.\u00a0 Bu s\u00fcre\u00e7te alan\u0131m\u0131z \u201cYay\u0131nc\u0131l\u0131k ve K\u00fct\u00fcphanecilik\u201d ad\u0131 alt\u0131nda toplanan komisyonda temsil edildi. Fakat ne yaz\u0131k ki komisyonda yay\u0131nc\u0131lardan 9, k\u00fct\u00fcphanecilerden 1 \u00fcye vard\u0131. Tabii ki bunun hem \u00e7ok ciddi bir sorun oldu\u011fu hem de k\u00fct\u00fcphanecilik ba\u015fl\u0131\u011f\u0131n\u0131n tek ba\u015f\u0131na ele al\u0131nmas\u0131n\u0131n gerekti\u011fi; bu alan\u0131n ba\u015fl\u0131 ba\u015f\u0131na bir komisyona ihtiya\u00e7 duydu\u011fu, hem uygulay\u0131c\u0131lar\u0131n hem de akademisyenlerin ayn\u0131 masa etraf\u0131nda oturmas\u0131 gerekti\u011fi her oturumun ba\u015f\u0131nda dile getirildi. Nitekim bu ele\u015ftirilerin neticesinde 3. Milli K\u00fclt\u00fcr \u015euras\u0131 Sonu\u00e7 Bildirgesinin Yay\u0131nc\u0131l\u0131k ve K\u00fct\u00fcphanecilik\u00a0 Komisyon Raporunda\u00a0 \u201cK\u00fct\u00fcphanecili\u011fin ayr\u0131 bir komisyon olarak toplanmas\u0131 uygun olacakt\u0131r\u201d ibaresi yer alm\u0131\u015ft\u0131r.<\/p>\n<p>Temsil g\u00fcc\u00fcm\u00fcz\u00fc y\u00fcksek tutabilmek ve orada tek ba\u015f\u0131na bulunma eksikli\u011fini art\u0131ya \u00e7evirmek i\u00e7in hem \u015eura \u00f6ncesi haz\u0131rlanan metini inceleyen hem de \u015eura s\u0131ras\u0131nda ele al\u0131nan sorunlar\u0131n rapora tam yans\u0131t\u0131labilmesi i\u00e7in emek veren \u00e7ok de\u011ferli hocalar\u0131m ve alan\u0131n\u0131n uzmanlar\u0131 ve uygulay\u0131c\u0131lar\u0131 oldu. Adeta masada konu\u015ful-a-mayan k\u00fct\u00fcphanecilik konusu, destek ve g\u00fc\u00e7 ekibi sayesinde mutfakta halledildi.<\/p>\n<p>Bu noktada, \u015eura\u2019da sunulmak \u00fczere haz\u0131rlanan metni okuyan ve eksik noktalar\u0131 ve eklenmesi gereken konu ba\u015fl\u0131klar\u0131n\u0131\u00a0 i\u015faret ederek metni olgunla\u015ft\u0131ran Do\u00e7.Dr. Erol Y\u0131lmaz, Dr. Kenan Y\u0131ld\u0131z ve hocam Prof. Dr. \u0130smail Er\u00fcnsal\u2019a\u00a0 \u00e7ok te\u015fekk\u00fcr ederim.<\/p>\n<p>Ba\u015fta komisyon ba\u015fkan\u0131 olmak \u00fczere\u00a0 yay\u0131nc\u0131l\u0131k alan\u0131ndaki b\u00fct\u00fcn komisyon \u00fcyelerini \u015fa\u015fk\u0131nl\u0131\u011fa u\u011fratan bir hakimiyet ve destekle bu i\u015fin tamamlanmas\u0131n\u0131 sa\u011flayan,\u00a0 komisyon toplant\u0131lar\u0131 s\u0131ras\u0131nda yenik g\u00f6r\u00fcnen k\u00fct\u00fcphanecilik aya\u011f\u0131n\u0131\u00a0 g\u00fc\u00e7lendiren ve arka planda verdikleri katk\u0131larla raporun adeta yeni ba\u015ftan yaz\u0131lmas\u0131n\u0131 sa\u011flayan KYGM\u2019nin g\u00fc\u00e7l\u00fc ekibi Hamdi Tur\u015fucu, Ali Odaba\u015f\u0131 ve Ahmet Aldemir\u2019e; Sel\u00e7uk \u0130leri\u2019ye,\u00a0 Selahattin \u00d6zt\u00fcrk\u2019e, Do\u00e7. Dr.I\u015f\u0131l \u0130lknur Sert\u2019e ve m\u00fczakereci olarak konu\u015fmak ve sorunlar\u0131 dile getirmek i\u00e7in ciddi m\u00fccadele veren ba\u015fta Asuman Han\u0131m olmak \u00fczere Milli K\u00fct\u00fcphane ekibine \u00e7ok te\u015fekk\u00fcr ederim.<\/p>\n<p>Sizlerle 3. Milli K\u00fclt\u00fcr \u015euras\u0131 Sonu\u00e7 Bildirgesinde Yay\u0131nc\u0131l\u0131k ve K\u00fct\u00fcphanecilik Komisyonu Sonu\u00e7 Raporunda\u00a0 yer alan ve komisyon ba\u015fkan\u0131m\u0131z taraf\u0131ndan kapan\u0131\u015f oturumunda okunan konu ba\u015fl\u0131klar\u0131n\u0131 payla\u015fmak isterim:<\/p>\n<p>1-\u00a0 \u00a0 \u00a0 K\u00dcT\u00dcPHANELER VE K\u00dcT\u00dcPHANEC\u0130L\u0130KLE \u0130LG\u0130L\u0130 TEMEL MEVZUAT EKS\u0130KL\u0130\u011e\u0130<br \/>\n2-\u00a0 \u00a0 \u00a0 ULUSAL B\u0130LG\u0130 POL\u0130T\u0130KASININ EKS\u0130KL\u0130\u011e\u0130<br \/>\n3-\u00a0 \u00a0 \u00a0 K\u00dcT\u00dcPHANELERDE N\u0130TEL\u0130KL\u0130 PERSONEL VE \u0130ST\u0130HDAM SORUNU<br \/>\n4-\u00a0 \u00a0 \u00a0 MEK\u00c2N SORUNLARI \/ YA\u015eAYAN K\u00dcT\u00dcPHANE KONSEPT\u0130<br \/>\n5-\u00a0 \u00a0 \u00a0 TOPLUMUN K\u0130TAP VE K\u00dcT\u00dcPHANEYLE OLAN \u0130L\u0130\u015eK\u0130S\u0130 \/ \u00c7ALI\u015eMALARIN OKUL \u00d6NCES\u0130 D\u00d6NEMDEN BA\u015eLATILMASI GEREKL\u0130L\u0130\u011e\u0130<br \/>\n6-\u00a0 \u00a0 \u00a0 T\u00dcRK\u0130YE&#8217;DE Y\u00dcR\u00dcT\u00dcLEN KATALOGLAMA \u00c7ALI\u015eMALARININ STANDARD\u0130ZASYONU VE MERKEZ\u0130LE\u015eT\u0130R\u0130LMES\u0130<br \/>\n7-\u00a0 \u00a0 \u00a0 GEZ\u0130C\u0130 K\u00dcT\u00dcPHANELER<br \/>\n8-\u00a0 \u00a0 \u00a0 \u00c7OCUK K\u00dcT\u00dcPHANELER\u0130<br \/>\n9-\u00a0 \u00a0 \u00a0 WEB SAYFALARININ AR\u015e\u0130VLENMES\u0130<br \/>\n10-\u00a0 \u00a0 \u00a0NAD\u0130R ESERLER<br \/>\n11-\u00a0 \u00a0 \u00a0K\u00dcT\u00dcPHANEC\u0130L\u0130K VE YAYIMLAR TE\u015eK\u0130LATLANMASI<br \/>\n12-\u00a0 \u00a0 \u00a0B\u00dcY\u00dcK K\u00dcT\u00dcPHANELER\u0130N Y\u00d6NET\u0130M SORUNU<\/p>\n<p>Elbette daha konu\u015fulacak konular\u0131m\u0131z ve eksiklerimiz var.. Umar\u0131m\u00a0 en k\u0131sa s\u00fcrede, en az\u0131ndan bu 12 maddeyi halletmeyi ba\u015far\u0131r\u0131z\u00a0 ve bu \u015furada al\u0131nan kararlarda tespit edilen eksiklikler, 4. Milli K\u00fclt\u00fcr \u015eura\u2019s\u0131nda ayr\u0131 bir komisyonda, alan\u0131n akademisyen ve uygulay\u0131c\u0131lar\u0131n\u0131n birlikte m\u00fczakere ettikleri ortamlarda tamamlan\u0131r.<\/p>\n<p>Sayg\u0131lar\u0131mla&#8230;<\/p>\n","protected":false},"excerpt":{"rendered":"<p>3. Milli K\u00fclt\u00fcr \u015e\u00fbras\u0131&#8217;na m\u00fczakereci olarak kat\u0131lan \u00a0Say\u0131n Do\u00e7. Dr. Asiye Kak\u0131rman Y\u0131ld\u0131z\u00a0hocam\u0131z\u0131n\u00a0\u00a0Yay\u0131nc\u0131l\u0131k ve K\u00fct\u00fcphanecilik Komisyonu\u00a0hakk\u0131ndaki\u00a0g\u00f6r\u00fc\u015fleri ve kamuoyuyla payla\u015ft\u0131\u011f\u0131 bilgiler a\u015fa\u011f\u0131da yer almaktad\u0131r.<\/p>\n","protected":false},"author":129,"featured_media":21368,"comment_status":"open","ping_status":"open","sticky":false,"template":"","format":"standard","meta":{"footnotes":""},"categories":[1],"tags":[962,964,963],"class_list":["post-21362","post","type-post","status-publish","format-standard","has-post-thumbnail","hentry","category-genel","tag-3-milli-kultur-surasi","tag-asiye-kakirman-yildiz","tag-milli-kultur-surasi"],"_links":{"self":[{"href":"https:\/\/www.bbyhaber.com\/bby\/wp-json\/wp\/v2\/posts\/21362"}],"collection":[{"href":"https:\/\/www.bbyhaber.com\/bby\/wp-json\/wp\/v2\/posts"}],"about":[{"href":"https:\/\/www.bbyhaber.com\/bby\/wp-json\/wp\/v2\/types\/post"}],"author":[{"embeddable":true,"href":"https:\/\/www.bbyhaber.com\/bby\/wp-json\/wp\/v2\/users\/129"}],"replies":[{"embeddable":true,"href":"https:\/\/www.bbyhaber.com\/bby\/wp-json\/wp\/v2\/comments?post=21362"}],"version-history":[{"count":5,"href":"https:\/\/www.bbyhaber.com\/bby\/wp-json\/wp\/v2\/posts\/21362\/revisions"}],"predecessor-version":[{"id":21384,"href":"https:\/\/www.bbyhaber.com\/bby\/wp-json\/wp\/v2\/posts\/21362\/revisions\/21384"}],"wp:featuredmedia":[{"embeddable":true,"href":"https:\/\/www.bbyhaber.com\/bby\/wp-json\/wp\/v2\/media\/21368"}],"wp:attachment":[{"href":"https:\/\/www.bbyhaber.com\/bby\/wp-json\/wp\/v2\/media?parent=21362"}],"wp:term":[{"taxonomy":"category","embeddable":true,"href":"https:\/\/www.bbyhaber.com\/bby\/wp-json\/wp\/v2\/categories?post=21362"},{"taxonomy":"post_tag","embeddable":true,"href":"https:\/\/www.bbyhaber.com\/bby\/wp-json\/wp\/v2\/tags?post=21362"}],"curies":[{"name":"wp","href":"https:\/\/api.w.org\/{rel}","templated":true}]}}