{"id":21333,"date":"2017-03-06T10:20:06","date_gmt":"2017-03-06T07:20:06","guid":{"rendered":"http:\/\/www.bbyhaber.com\/bby\/?p=21333"},"modified":"2017-10-14T10:13:27","modified_gmt":"2017-10-14T07:13:27","slug":"unak2017-sempozyumu-akademik-kutuphanelerde-kaynak-yonetimi12-14-ekim-2017ankara","status":"publish","type":"post","link":"https:\/\/www.bbyhaber.com\/bby\/2017\/03\/06\/unak2017-sempozyumu-akademik-kutuphanelerde-kaynak-yonetimi12-14-ekim-2017ankara","title":{"rendered":"\u00dcNAK2017 Sempozyumu-Akademik K\u00fct\u00fcphanelerde Kaynak Y\u00f6netimi,12-14 Ekim 2017,Ankara"},"content":{"rendered":"<p><strong><a href=\"http:\/\/www.bbyhaber.com\/bby\/2016\/08\/10\/unak2016-toplantisi-ohal-nedeniyle-ertelendi\/\"><img loading=\"lazy\" decoding=\"async\" class=\"alignleft size-medium wp-image-21338\" src=\"http:\/\/www.bbyhaber.com\/bby\/wp-content\/uploads\/2017\/03\/unak2017logo-300x150.jpg\" alt=\"\" width=\"300\" height=\"150\" data-wp-pid=\"21338\" srcset=\"https:\/\/www.bbyhaber.com\/bby\/wp-content\/uploads\/2017\/03\/unak2017logo-300x150.jpg 300w, https:\/\/www.bbyhaber.com\/bby\/wp-content\/uploads\/2017\/03\/unak2017logo.jpg 660w\" sizes=\"(max-width: 300px) 100vw, 300px\" \/>Ertelenen \u00dcNAK2016 Sempozyumu<\/a>nun 12-14 Ekim 2017 tarihinde tekrar d\u00fczenlenece\u011fi bildirildi. \u00dcNAK2017 Sempozyumunun 2016\u2019da belirlenen konu kapsam\u0131ndaki uygulamalar\u0131n ve sorunlar\u0131n g\u00fcncelli\u011finin s\u00fcrmesi g\u00f6z \u00f6n\u00fcne al\u0131narak ve bildiri sahiplerinin haklar\u0131 g\u00f6zetilerek ayn\u0131 konular kapsam\u0131nda d\u00fczenlenmesine karar verilmi\u015ftir.<\/strong><\/p>\n<p>\u00dcNAK2017 Sempozyumu \u201c<strong>Akademik K\u00fct\u00fcphanelerde Kaynak Y\u00f6netimi<\/strong>\u201d ana temas\u0131 ile <strong>12 &#8211; 14 Ekim 2017<\/strong> tarihlerinde <strong>At\u0131l\u0131m \u00dcniversitesi\u2019nde ger\u00e7ekle\u015ftirilecektir.<\/strong><!--more--><\/p>\n<p>\u00dcNAK2017 Sempozyumunda, son y\u0131llarda artan elektronik kaynak kullan\u0131m\u0131n yayg\u0131nla\u015fmas\u0131n\u0131n, \u00fcniversite k\u00fct\u00fcphanelerinin b\u00fct\u00e7e, koleksiyon ve personel gibi temel unsurlar\u0131 \u00fczerindeki etkisi ve bu etki sonucu ortaya \u00e7\u0131kan sorunlar ele al\u0131nacakt\u0131r.<\/p>\n<p>Sempozyumda dengeli bir program \u00e7er\u00e7evesinde k\u00fct\u00fcphanelerimizdeki uygulamalar\u0131 aktaracak meslekta\u015flar\u0131m\u0131z\u0131n sunumlar\u0131na, konular\u0131 akademik yakla\u015f\u0131mla ele alacak olan akademisyenlerimizin bildirilerine ve konu ile ilgili sekt\u00f6r firmalar\u0131n\u0131n sunumlar\u0131na yer verilecektir.<\/p>\n<p>\u201c\u00dcNAK2017 Akademik K\u00fct\u00fcphanelerde Kaynak Y\u00f6netimi\u201d ba\u015fl\u0131kl\u0131 sempozyuma g\u00f6nderilen\u00a0<b>t\u00fcm bildiri ve sunumlar e-kitap olarak elektronik ortamda yay\u0131mlanacakt\u0131r.<\/b><\/p>\n<p><b><span style=\"color: #ff0000;\">\u00dcNAK2017 Sempozyum web sitesi :<\/span>\u00a0<\/b><a href=\"http:\/\/unak2017.unak.org.tr\/\" target=\"_blank\" data-saferedirecturl=\"https:\/\/www.google.com\/url?hl=tr&amp;q=http:\/\/unak2017.unak.org.tr\/&amp;source=gmail&amp;ust=1488869031088000&amp;usg=AFQjCNEgBvczXnf77cz5alPinCSZnVZrfA\"><b><span style=\"color: #0563c1;\">http:\/\/unak2017.unak.org.tr<\/span><\/b><\/a><\/p>\n<p><strong><span style=\"color: #ff0000;\">\u00d6nemli tarihler:<\/span><\/strong><\/p>\n<ol>\n<li>Duyuru:\u00a0<strong>6 Mart 2017<\/strong><\/li>\n<li>Duyuru:\u00a0<strong>17 Nisan 2017<\/strong><\/li>\n<li>Duyuru:\u00a0<strong>22 May\u0131s 2017<\/strong><\/li>\n<\/ol>\n<p>Bildiri ve sunum \u00f6zetlerinin g\u00f6nderilmesi: <strong>3 Temmuz 2017<\/strong><\/p>\n<p>Bildiri ve sunum \u00f6zetlerinin kabul\u00fc: <strong>14 A\u011fustos 2017<\/strong><\/p>\n<p>Bildiri ve sunumlar\u0131n tam metinlerinin g\u00f6nderilmesi: <strong>18 Eyl\u00fcl 2017<\/strong><\/p>\n<p><span style=\"color: #0000ff;\"><strong>Sempozyum: 12 &#8211; 14 Ekim 2017<\/strong><\/span><\/p>\n<p>Sempozyum kay\u0131t s\u00fcreci ba\u015flam\u0131\u015ft\u0131r.<\/p>\n<p>\u00dcNAK2017 Sempozyumu davet yaz\u0131s\u0131 Y\u00fcksek\u00f6\u011fretim Kurulu Ba\u015fkanl\u0131\u011f\u0131 (Y\u00d6K) taraf\u0131ndan \u00fcniversitelerimize ilerleyen g\u00fcnlerde g\u00f6nderilecektir.<\/p>\n<p>&nbsp;<\/p>\n","protected":false},"excerpt":{"rendered":"<p>Ertelenen \u00dcNAK2016 Sempozyumunun 12-14 Ekim 2017 tarihinde tekrar d\u00fczenlenece\u011fi bildirildi. \u00dcNAK2017 Sempozyumunun 2016\u2019da belirlenen konu kapsam\u0131ndaki uygulamalar\u0131n ve sorunlar\u0131n g\u00fcncelli\u011finin s\u00fcrmesi g\u00f6z \u00f6n\u00fcne al\u0131narak ve bildiri sahiplerinin haklar\u0131 g\u00f6zetilerek ayn\u0131 konular kapsam\u0131nda d\u00fczenlenmesine karar verilmi\u015ftir. \u00dcNAK2017 Sempozyumu \u201cAkademik K\u00fct\u00fcphanelerde Kaynak Y\u00f6netimi\u201d ana temas\u0131 ile 12 &#8211; 14 Ekim 2017 tarihlerinde At\u0131l\u0131m \u00dcniversitesi\u2019nde ger\u00e7ekle\u015ftirilecektir.<\/p>\n","protected":false},"author":1,"featured_media":21338,"comment_status":"open","ping_status":"open","sticky":false,"template":"","format":"standard","meta":{"footnotes":""},"categories":[],"tags":[1395],"class_list":["post-21333","post","type-post","status-publish","format-standard","has-post-thumbnail","hentry","tag-bby-mesleki-etkinlikler-arsivi"],"_links":{"self":[{"href":"https:\/\/www.bbyhaber.com\/bby\/wp-json\/wp\/v2\/posts\/21333"}],"collection":[{"href":"https:\/\/www.bbyhaber.com\/bby\/wp-json\/wp\/v2\/posts"}],"about":[{"href":"https:\/\/www.bbyhaber.com\/bby\/wp-json\/wp\/v2\/types\/post"}],"author":[{"embeddable":true,"href":"https:\/\/www.bbyhaber.com\/bby\/wp-json\/wp\/v2\/users\/1"}],"replies":[{"embeddable":true,"href":"https:\/\/www.bbyhaber.com\/bby\/wp-json\/wp\/v2\/comments?post=21333"}],"version-history":[{"count":4,"href":"https:\/\/www.bbyhaber.com\/bby\/wp-json\/wp\/v2\/posts\/21333\/revisions"}],"predecessor-version":[{"id":21339,"href":"https:\/\/www.bbyhaber.com\/bby\/wp-json\/wp\/v2\/posts\/21333\/revisions\/21339"}],"wp:featuredmedia":[{"embeddable":true,"href":"https:\/\/www.bbyhaber.com\/bby\/wp-json\/wp\/v2\/media\/21338"}],"wp:attachment":[{"href":"https:\/\/www.bbyhaber.com\/bby\/wp-json\/wp\/v2\/media?parent=21333"}],"wp:term":[{"taxonomy":"category","embeddable":true,"href":"https:\/\/www.bbyhaber.com\/bby\/wp-json\/wp\/v2\/categories?post=21333"},{"taxonomy":"post_tag","embeddable":true,"href":"https:\/\/www.bbyhaber.com\/bby\/wp-json\/wp\/v2\/tags?post=21333"}],"curies":[{"name":"wp","href":"https:\/\/api.w.org\/{rel}","templated":true}]}}