{"id":21328,"date":"2017-03-05T16:02:52","date_gmt":"2017-03-05T13:02:52","guid":{"rendered":"http:\/\/www.bbyhaber.com\/bby\/?p=21328"},"modified":"2017-03-28T10:35:41","modified_gmt":"2017-03-28T07:35:41","slug":"koy-cocuklarinin-bisikletli-kutuphanecisi","status":"publish","type":"post","link":"https:\/\/www.bbyhaber.com\/bby\/2017\/03\/05\/koy-cocuklarinin-bisikletli-kutuphanecisi","title":{"rendered":"K\u00f6y \u00c7ocuklar\u0131n\u0131n \u201cBisikletli\u201d K\u00fct\u00fcphanecisi"},"content":{"rendered":"<p>&nbsp;<\/p>\n<p><img loading=\"lazy\" decoding=\"async\" class=\"alignleft size-medium wp-image-21340\" src=\"http:\/\/www.bbyhaber.com\/bby\/wp-content\/uploads\/2017\/03\/bisikletlikutuphaneci-300x168.jpg\" alt=\"\" width=\"300\" height=\"168\" data-wp-pid=\"21340\" \/>Bitlis Halk K\u00fct\u00fcphanesi M\u00fcd\u00fcr Vekili Hakan Y\u00fccel, bisikletiyle k\u00f6yleri dola\u015farak \u00e7ocuklara kitap da\u011f\u0131t\u0131yor. Hakan Y\u00fccel, \u00f6\u011frencilerin okuma al\u0131\u015fkanl\u0131\u011f\u0131 kazanmas\u0131n\u0131 sa\u011flamak ve bu konuda fark\u0131ndal\u0131k olu\u015fturmak amac\u0131yla bir s\u00fcre \u00f6nce bisikletiyle k\u00f6y \u00e7ocuklar\u0131na kitap g\u00f6t\u00fcrmeye ba\u015flad\u0131.<!--more--><\/p>\n<p><iframe loading=\"lazy\" src=\"https:\/\/www.dailymotion.com\/embed\/video\/x5dxrcv\" width=\"500\" height=\"281\" frameborder=\"0\" allowfullscreen=\"allowfullscreen\" data-mce-fragment=\"1\"><\/iframe><\/p>\n<p>Yer yer karla kapl\u0131 yollarda, so\u011fuk havaya ra\u011fmen pedal \u00e7eviren Y\u00fccel, toplam 5 bin kitab\u0131 k\u00f6ylerde ya\u015fayan \u00e7ocuklarla bulu\u015fturmay\u0131 hedefliyor.<\/p>\n<p>Y\u00fccel, son olarak kent merkezine 12 kilometre uzaktaki Ba\u015fhan k\u00f6y\u00fcne bisikletiyle giderek, \u00e7ocuklara kitap da\u011f\u0131tt\u0131.<\/p>\n<p>Hakan Y\u00fccel, AA muhabirine yapt\u0131\u011f\u0131 a\u00e7\u0131klamada, k\u00fct\u00fcphanedeki \u201ckitap kumbaras\u0131\u201dnda toplanan kitaplar\u0131, k\u00f6ylerdeki \u00e7ocuklara ula\u015ft\u0131rd\u0131\u011f\u0131n\u0131 s\u00f6yledi.<\/p>\n<p>\u0130lk etapta \u00e7ocuklara 100 kitap verdi\u011fini belirten Y\u00fccel, \u201cYolda g\u00f6rd\u00fc\u011f\u00fcm \u00e7ocuklara da kitap hediye ediyorum. \u00c7ocuklar\u0131n y\u00fcz\u00fcndeki sevin\u00e7 bana enerji veriyor. Pedallar\u0131 daha g\u00fc\u00e7l\u00fc \u00e7eviriyorum. Bitlis\u2019te bu y\u0131l k\u0131\u015f \u00e7etin ge\u00e7ti. K\u00f6ylerde hala kar var. Bu y\u00fczden k\u00f6y\u00fcn giri\u015finde bisikletten inerek, yaya olarak kitaplar\u0131 g\u00f6t\u00fcr\u00fcyorum.\u201d dedi.<\/p>\n<p>Y\u00fccel, \u201cE\u015fekli K\u00fct\u00fcphaneci\u201d olarak bilinen Mustafa G\u00fczelg\u00f6z\u2019den ilham alarak bu \u00e7al\u0131\u015fmay\u0131 ger\u00e7ekle\u015ftirdi\u011fini ifade etti.<\/p>\n<p>G\u00fczelg\u00f6z\u2019\u00fcn k\u00f6ylere e\u015fekle, kendisinin ise bisikletiyle kitap g\u00f6t\u00fcrd\u00fc\u011f\u00fcn\u00fc anlatan Y\u00fccel, \u015funlar\u0131 kaydetti:<\/p>\n<p>\u201cBundan sonra da in\u015fallah devam\u0131n\u0131 getirece\u011fim. T\u00fcrkiye2de okuma oran\u0131 bu kadar d\u00fc\u015f\u00fckken, elimizden gelen t\u00fcm \u00e7abay\u0131 g\u00f6stererek \u00f6\u011frencilere okuma al\u0131\u015fkanl\u0131\u011f\u0131 kazand\u0131rmal\u0131y\u0131z. Herkesin ta\u015f\u0131n alt\u0131na elini koymas\u0131 gerekiyor. Bu i\u015f i\u00e7in elimizi ta\u015f\u0131n alt\u0131na koyduk. Kitaplar\u0131m\u0131z\u0131 \u00e7ocuklar\u0131m\u0131za hediye ettik. Vatanda\u015flar\u0131m\u0131zdan k\u00fct\u00fcphanemize kitap ba\u011f\u0131\u015flamas\u0131n\u0131 rica ediyorum. Ba\u011f\u0131\u015flanan kitaplar\u0131 k\u00f6y okullar\u0131na g\u00f6t\u00fcrece\u011fim.\u201d<\/p>\n<p>K\u00f6ylerinde kitap okuman\u0131n mutlulu\u011funu ya\u015fayan \u00e7ocuklar ise Y\u00fccel\u2019e te\u015fekk\u00fcr etti.<\/p>\n<p><a href=\"http:\/\/halkkutuphanem.com\/koy-cocuklarinin-bisikletli-kutuphanecisi\/\" target=\"_blank\">Kaynak<\/a><\/p>\n","protected":false},"excerpt":{"rendered":"<p>&nbsp; Bitlis Halk K\u00fct\u00fcphanesi M\u00fcd\u00fcr Vekili Hakan Y\u00fccel, bisikletiyle k\u00f6yleri dola\u015farak \u00e7ocuklara kitap da\u011f\u0131t\u0131yor. Hakan Y\u00fccel, \u00f6\u011frencilerin okuma al\u0131\u015fkanl\u0131\u011f\u0131 kazanmas\u0131n\u0131 sa\u011flamak ve bu konuda fark\u0131ndal\u0131k olu\u015fturmak amac\u0131yla bir s\u00fcre \u00f6nce bisikletiyle k\u00f6y \u00e7ocuklar\u0131na kitap g\u00f6t\u00fcrmeye ba\u015flad\u0131.<\/p>\n","protected":false},"author":129,"featured_media":21340,"comment_status":"open","ping_status":"open","sticky":false,"template":"","format":"standard","meta":{"footnotes":""},"categories":[1550,1575,1],"tags":[790,791,694],"class_list":["post-21328","post","type-post","status-publish","format-standard","has-post-thumbnail","hentry","category-bisikletli-kutuphaneci","category-esekli-kutuphaneci","category-genel","tag-bitlis-il-halk-kutuphanesi","tag-hakan-yucel","tag-kutuphanecilik-ve-halkla-iliskiler"],"_links":{"self":[{"href":"https:\/\/www.bbyhaber.com\/bby\/wp-json\/wp\/v2\/posts\/21328"}],"collection":[{"href":"https:\/\/www.bbyhaber.com\/bby\/wp-json\/wp\/v2\/posts"}],"about":[{"href":"https:\/\/www.bbyhaber.com\/bby\/wp-json\/wp\/v2\/types\/post"}],"author":[{"embeddable":true,"href":"https:\/\/www.bbyhaber.com\/bby\/wp-json\/wp\/v2\/users\/129"}],"replies":[{"embeddable":true,"href":"https:\/\/www.bbyhaber.com\/bby\/wp-json\/wp\/v2\/comments?post=21328"}],"version-history":[{"count":5,"href":"https:\/\/www.bbyhaber.com\/bby\/wp-json\/wp\/v2\/posts\/21328\/revisions"}],"predecessor-version":[{"id":21341,"href":"https:\/\/www.bbyhaber.com\/bby\/wp-json\/wp\/v2\/posts\/21328\/revisions\/21341"}],"wp:featuredmedia":[{"embeddable":true,"href":"https:\/\/www.bbyhaber.com\/bby\/wp-json\/wp\/v2\/media\/21340"}],"wp:attachment":[{"href":"https:\/\/www.bbyhaber.com\/bby\/wp-json\/wp\/v2\/media?parent=21328"}],"wp:term":[{"taxonomy":"category","embeddable":true,"href":"https:\/\/www.bbyhaber.com\/bby\/wp-json\/wp\/v2\/categories?post=21328"},{"taxonomy":"post_tag","embeddable":true,"href":"https:\/\/www.bbyhaber.com\/bby\/wp-json\/wp\/v2\/tags?post=21328"}],"curies":[{"name":"wp","href":"https:\/\/api.w.org\/{rel}","templated":true}]}}