{"id":21318,"date":"2017-03-02T15:15:16","date_gmt":"2017-03-02T12:15:16","guid":{"rendered":"http:\/\/www.bbyhaber.com\/bby\/?p=21318"},"modified":"2017-03-02T15:15:16","modified_gmt":"2017-03-02T12:15:16","slug":"tarihin-canli-taniklari-arsiv-belgeleri","status":"publish","type":"post","link":"https:\/\/www.bbyhaber.com\/bby\/2017\/03\/02\/tarihin-canli-taniklari-arsiv-belgeleri","title":{"rendered":"Tarihin Canl\u0131 Tan\u0131klar\u0131 Ar\u015fiv Belgeleri"},"content":{"rendered":"<p><img loading=\"lazy\" decoding=\"async\" class=\"alignleft size-medium wp-image-21319\" src=\"http:\/\/www.bbyhaber.com\/bby\/wp-content\/uploads\/2017\/03\/17021503_10211259647384175_7599534458210180574_n-211x300.jpg\" alt=\"\" width=\"211\" height=\"300\" data-wp-pid=\"21319\" srcset=\"https:\/\/www.bbyhaber.com\/bby\/wp-content\/uploads\/2017\/03\/17021503_10211259647384175_7599534458210180574_n-211x300.jpg 211w, https:\/\/www.bbyhaber.com\/bby\/wp-content\/uploads\/2017\/03\/17021503_10211259647384175_7599534458210180574_n.jpg 676w\" sizes=\"(max-width: 211px) 100vw, 211px\" \/>Son d\u00f6nemlerde Osmanl\u0131 T\u00fcrk\u00e7esi&#8217;nin \u00f6\u011frenilmesi konusunda olduk\u00e7a \u00f6nemli geli\u015fmeler olmu\u015ftur. Bu geli\u015fmelere paralel olarak \u00fcniversite \u00f6\u011frencileri ile merakl\u0131lar\u0131na Osmanl\u0131 T\u00fcrk\u00e7esi&#8217;nin \u00f6\u011fretilmesi konusunda bir\u00e7ok eser kaleme al\u0131nm\u0131\u015ft\u0131r. Bu eserler genelde T\u00fcrk\u00e7e, Arap\u00e7a ve Fars\u00e7a gramer kurallar\u0131 ile Osmanl\u0131 T\u00fcrk\u00e7esiyle yaz\u0131lm\u0131\u015f metinleri i\u00e7ine alan eserlerdir.<!--more--><\/p>\n<p>Bu eserlere ek olarak Osmanl\u0131 Paleografyas\u0131 ve Osmanl\u0131 idari merkez ve ta\u015fra te\u015fkilat\u0131 ile b\u00fcrokratik faaliyetlerin yer ald\u0131\u011f\u0131 akademik yay\u0131nlar\u0131n da h\u0131zla artt\u0131\u011f\u0131n\u0131 g\u00f6rmekteyiz.<\/p>\n<p>Bu yay\u0131nlardan bir k\u0131sm\u0131n\u0131 kitap, makale, ansiklopedik madde ve belge ne\u015fri, bir k\u0131sm\u0131n\u0131 ise s\u00f6zl\u00fckler olu\u015fturmaktad\u0131r. B\u00fct\u00fcn bu yay\u0131nlar\u0131n temel amac\u0131n\u0131 Osmanl\u0131 belgelerine a\u015final\u0131k ve Osmanl\u0131 tarih ve b\u00fcrokrasinin t\u00fcm y\u00f6nleriyle anla\u015f\u0131lmas\u0131n\u0131 sa\u011flamak olarak \u00f6zetlemek m\u00fcmk\u00fcnd\u00fcr.<\/p>\n<p>&nbsp;<\/p>\n<p><em>Kitaba dair bilgileri bbyhaber&#8217;e ileten:Selahattin \u00d6zt\u00fcrk<\/em><\/p>\n","protected":false},"excerpt":{"rendered":"<p>Son d\u00f6nemlerde Osmanl\u0131 T\u00fcrk\u00e7esi&#8217;nin \u00f6\u011frenilmesi konusunda olduk\u00e7a \u00f6nemli geli\u015fmeler olmu\u015ftur. Bu geli\u015fmelere paralel olarak \u00fcniversite \u00f6\u011frencileri ile merakl\u0131lar\u0131na Osmanl\u0131 T\u00fcrk\u00e7esi&#8217;nin \u00f6\u011fretilmesi konusunda bir\u00e7ok eser kaleme al\u0131nm\u0131\u015ft\u0131r. Bu eserler genelde T\u00fcrk\u00e7e, Arap\u00e7a ve Fars\u00e7a gramer kurallar\u0131 ile Osmanl\u0131 T\u00fcrk\u00e7esiyle yaz\u0131lm\u0131\u015f metinleri i\u00e7ine alan eserlerdir.<\/p>\n","protected":false},"author":1,"featured_media":21319,"comment_status":"open","ping_status":"open","sticky":false,"template":"","format":"standard","meta":{"footnotes":""},"categories":[],"tags":[1408],"class_list":["post-21318","post","type-post","status-publish","format-standard","has-post-thumbnail","hentry","tag-kitap-tanitimlari"],"_links":{"self":[{"href":"https:\/\/www.bbyhaber.com\/bby\/wp-json\/wp\/v2\/posts\/21318"}],"collection":[{"href":"https:\/\/www.bbyhaber.com\/bby\/wp-json\/wp\/v2\/posts"}],"about":[{"href":"https:\/\/www.bbyhaber.com\/bby\/wp-json\/wp\/v2\/types\/post"}],"author":[{"embeddable":true,"href":"https:\/\/www.bbyhaber.com\/bby\/wp-json\/wp\/v2\/users\/1"}],"replies":[{"embeddable":true,"href":"https:\/\/www.bbyhaber.com\/bby\/wp-json\/wp\/v2\/comments?post=21318"}],"version-history":[{"count":1,"href":"https:\/\/www.bbyhaber.com\/bby\/wp-json\/wp\/v2\/posts\/21318\/revisions"}],"predecessor-version":[{"id":21320,"href":"https:\/\/www.bbyhaber.com\/bby\/wp-json\/wp\/v2\/posts\/21318\/revisions\/21320"}],"wp:featuredmedia":[{"embeddable":true,"href":"https:\/\/www.bbyhaber.com\/bby\/wp-json\/wp\/v2\/media\/21319"}],"wp:attachment":[{"href":"https:\/\/www.bbyhaber.com\/bby\/wp-json\/wp\/v2\/media?parent=21318"}],"wp:term":[{"taxonomy":"category","embeddable":true,"href":"https:\/\/www.bbyhaber.com\/bby\/wp-json\/wp\/v2\/categories?post=21318"},{"taxonomy":"post_tag","embeddable":true,"href":"https:\/\/www.bbyhaber.com\/bby\/wp-json\/wp\/v2\/tags?post=21318"}],"curies":[{"name":"wp","href":"https:\/\/api.w.org\/{rel}","templated":true}]}}