{"id":2130,"date":"2012-01-12T07:09:33","date_gmt":"2012-01-12T07:09:33","guid":{"rendered":"http:\/\/www.bbyhaber.com\/bby\/?p=2130"},"modified":"2013-03-11T09:57:00","modified_gmt":"2013-03-11T07:57:00","slug":"yaylaya-kaplicaya-genclik-kampina-her-yere-kutuphane","status":"publish","type":"post","link":"https:\/\/www.bbyhaber.com\/bby\/2012\/01\/12\/yaylaya-kaplicaya-genclik-kampina-her-yere-kutuphane","title":{"rendered":"Yaylaya, kapl\u0131caya, gen\u00e7lik kamp\u0131na..her yere k\u00fct\u00fcphane"},"content":{"rendered":"<p style=\"text-align: justify;\">K\u00fct\u00fcphanelerden yeteri kadar faydalanamad\u0131\u011f\u0131n\u0131z\u0131 m\u0131 d\u00fc\u015f\u00fcn\u00fcyorsunuz? K\u00fclt\u00fcr ve Turizm Bakanl\u0131\u011f\u0131, yeni y\u00f6netmeli\u011fine g\u00f6re bundan b\u00f6yle insanlar\u0131n belli d\u00f6nemlerde yo\u011fun olarak bulundu\u011fu yayla, dinlenme kamp\u0131 ve kapl\u0131ca gibi mek\u00e2nlara ge\u00e7ici k\u00fct\u00fcphaneler kuracak. B\u00f6ylelikle k\u00fct\u00fcphaneye gidemeyen vatanda\u015flar, ayaklar\u0131na gelen kitap hizmetinden yararlanm\u0131\u015f olacak.<!--more--><\/p>\n<p style=\"text-align: justify;\">K\u00fclt\u00fcr ve Turizm Bakanl\u0131\u011f\u0131, halk k\u00fct\u00fcphanelerini yeniden yap\u0131land\u0131r\u0131yor. K\u00fct\u00fcphanelerden daha \u00e7ok insan\u0131n faydalanmas\u0131 i\u00e7in yeni ad\u0131mlar atan Bakanl\u0131k, bundan b\u00f6yle insanlar\u0131n belli d\u00f6nemlerde yo\u011fun olarak bulundu\u011fu dinlenme kamp\u0131, gen\u00e7lik kamp\u0131, yayla, kapl\u0131ca ve benzeri mek\u00e2nlar ile hastane, cezaevi, yurt, huzurevi, askeri kurum gibi topluluklar\u0131n bulundu\u011fu yerlere valilik onay\u0131 ile k\u00fct\u00fcphane hizmeti g\u00f6t\u00fcrecek. K\u00fclt\u00fcr ve Turizm Bakanl\u0131\u011f\u0131 taraf\u0131ndan olu\u015fturulan yeni <a title=\"BBY Mevzuatlar\" href=\"http:\/\/www.bbyhaber.com\/bby\/2011\/11\/10\/bby-mevzuatlar-2\/\">Halk K\u00fct\u00fcphaneleri Y\u00f6netmeli\u011fi Resm\u00ee Gazete<\/a>&#8216;de yay\u0131mlanarak y\u00fcr\u00fcrl\u00fc\u011fe girdi. Bakanl\u0131k yeni y\u00f6netmelikte, k\u00fct\u00fcphanelerden daha \u00e7ok insan\u0131n faydalanmas\u0131n\u0131, k\u00fct\u00fcphaneye gidemeyen vatanda\u015flara kitap hizmeti g\u00f6t\u00fcrmeyi ama\u00e7l\u0131yor. Engelli, hasta, ya\u015fl\u0131 ve eve ba\u011f\u0131ml\u0131 ki\u015filere sunulan &#8216;eve kitap g\u00f6t\u00fcrme&#8217; hizmetine yeni y\u00f6netmelikle kad\u0131nlar da d\u00e2hil edildi. Bug\u00fcne kadar s\u00f6z konusu hizmete kad\u0131nlar d\u00e2hil de\u011fildi. \u00c7ocuklar i\u00e7in \u00f6zel k\u00fct\u00fcphaneler kurulmas\u0131, halk k\u00fct\u00fcphanelerinde yer alan materyallerin 3&#8217;te 1&#8217;inin de \u00e7ocuklarla ilgili olmas\u0131 y\u00f6netmelikte karara ba\u011flanan uygulamalar aras\u0131nda.<\/p>\n<p style=\"text-align: justify;\">3 ki\u015fiye bir kitap d\u00fc\u015fecek<\/p>\n<p style=\"text-align: justify;\">Bakanl\u0131k, n\u00fcfusu 50 binin \u00fczerinde bulunan il ve il\u00e7elerde bir merkez k\u00fct\u00fcphane d\u0131\u015f\u0131nda her 50 bin ki\u015fi i\u00e7in bir \u015fube halk k\u00fct\u00fcphanesi kurulmas\u0131n\u0131, n\u00fcfus yo\u011funlu\u011fu fazla olan yerlerde ise 100 bin ki\u015fiye kadar bir \u015fube halk k\u00fct\u00fcphanesi kurulmas\u0131n\u0131 kararla\u015ft\u0131rd\u0131. K\u00fct\u00fcphanelerde yer alacak materyal say\u0131s\u0131, yerle\u015fim yerinin n\u00fcfusu \u00f6l\u00e7\u00fc al\u0131nmak suretiyle, \u00fc\u00e7 ki\u015fiye bir kitap d\u00fc\u015fecek \u015fekilde belirlenecek. Bir ilde kitap \u00f6d\u00fcn\u00e7 alan birinin, kitab\u0131 ba\u015fka bir ildeki halk k\u00fct\u00fcphanesine teslim etmesi de yeni uygulamalar aras\u0131nda yer ald\u0131.<\/p>\n<p style=\"text-align: justify;\">Kaynak: http:\/\/www.zaman.com.tr<\/p>\n","protected":false},"excerpt":{"rendered":"<p>K\u00fct\u00fcphanelerden yeteri kadar faydalanamad\u0131\u011f\u0131n\u0131z\u0131 m\u0131 d\u00fc\u015f\u00fcn\u00fcyorsunuz? K\u00fclt\u00fcr ve Turizm Bakanl\u0131\u011f\u0131, yeni y\u00f6netmeli\u011fine g\u00f6re bundan b\u00f6yle insanlar\u0131n belli d\u00f6nemlerde yo\u011fun olarak bulundu\u011fu yayla, dinlenme kamp\u0131 ve kapl\u0131ca gibi mek\u00e2nlara ge\u00e7ici k\u00fct\u00fcphaneler kuracak. B\u00f6ylelikle k\u00fct\u00fcphaneye gidemeyen vatanda\u015flar, ayaklar\u0131na gelen kitap hizmetinden yararlanm\u0131\u015f olacak.<\/p>\n","protected":false},"author":1,"featured_media":0,"comment_status":"open","ping_status":"open","sticky":false,"template":"","format":"standard","meta":{"footnotes":""},"categories":[],"tags":[848,249],"class_list":["post-2130","post","type-post","status-publish","format-standard","hentry","tag-halk-kutuphaneleri","tag-halk-kutuphaneleri-yonetmeligi"],"_links":{"self":[{"href":"https:\/\/www.bbyhaber.com\/bby\/wp-json\/wp\/v2\/posts\/2130"}],"collection":[{"href":"https:\/\/www.bbyhaber.com\/bby\/wp-json\/wp\/v2\/posts"}],"about":[{"href":"https:\/\/www.bbyhaber.com\/bby\/wp-json\/wp\/v2\/types\/post"}],"author":[{"embeddable":true,"href":"https:\/\/www.bbyhaber.com\/bby\/wp-json\/wp\/v2\/users\/1"}],"replies":[{"embeddable":true,"href":"https:\/\/www.bbyhaber.com\/bby\/wp-json\/wp\/v2\/comments?post=2130"}],"version-history":[{"count":0,"href":"https:\/\/www.bbyhaber.com\/bby\/wp-json\/wp\/v2\/posts\/2130\/revisions"}],"wp:attachment":[{"href":"https:\/\/www.bbyhaber.com\/bby\/wp-json\/wp\/v2\/media?parent=2130"}],"wp:term":[{"taxonomy":"category","embeddable":true,"href":"https:\/\/www.bbyhaber.com\/bby\/wp-json\/wp\/v2\/categories?post=2130"},{"taxonomy":"post_tag","embeddable":true,"href":"https:\/\/www.bbyhaber.com\/bby\/wp-json\/wp\/v2\/tags?post=2130"}],"curies":[{"name":"wp","href":"https:\/\/api.w.org\/{rel}","templated":true}]}}