{"id":21170,"date":"2017-02-23T09:52:14","date_gmt":"2017-02-23T06:52:14","guid":{"rendered":"http:\/\/www.bbyhaber.com\/bby\/?p=21170"},"modified":"2017-02-23T10:01:26","modified_gmt":"2017-02-23T07:01:26","slug":"gemiden-kutuphane-yapacaklar","status":"publish","type":"post","link":"https:\/\/www.bbyhaber.com\/bby\/2017\/02\/23\/gemiden-kutuphane-yapacaklar","title":{"rendered":"Gemiden K\u00fct\u00fcphane Yapacaklar"},"content":{"rendered":"<p><img loading=\"lazy\" decoding=\"async\" class=\"alignleft size-medium wp-image-21171\" src=\"http:\/\/www.bbyhaber.com\/bby\/wp-content\/uploads\/2017\/02\/gemiden-kutuphane-yapacaklar-300x219.jpg\" alt=\"\" width=\"300\" height=\"219\" data-wp-pid=\"21171\" srcset=\"https:\/\/www.bbyhaber.com\/bby\/wp-content\/uploads\/2017\/02\/gemiden-kutuphane-yapacaklar-300x219.jpg 300w, https:\/\/www.bbyhaber.com\/bby\/wp-content\/uploads\/2017\/02\/gemiden-kutuphane-yapacaklar.jpg 638w\" sizes=\"(max-width: 300px) 100vw, 300px\" \/>Gemi K\u00fct\u00fcphane yap\u0131m ve montaj \u00e7al\u0131\u015fmalar\u0131, aralar\u0131nda Gemi M\u00fchendislerinin de bulundu\u011fu 9 ki\u015filik teknik ekip taraf\u0131ndan ger\u00e7ekle\u015ftiriliyor. T\u00fcrkiye\u2019de bir ilk olma \u00f6zelli\u011fi ta\u015f\u0131yan <a href=\"http:\/\/www.bbyhaber.com\/bby\/2015\/04\/17\/atil-vagon-kutuphaneye-donusturuldu\/\">Tren K\u00fct\u00fcphane<\/a>\u2019nin hizmete girmesinin ard\u0131ndan sat\u0131n ald\u0131\u011f\u0131 375 ki\u015filik yolcu u\u00e7a\u011f\u0131n\u0131 k\u00fct\u00fcphaneye \u00e7evirerek d\u00fcnyada bir ilke imza atan \u00c7ank\u0131r\u0131 Belediyesi, <strong>temal\u0131 k\u00fct\u00fcphaneler<\/strong>in 3. s\u00fcn\u00fc ger\u00e7ekle\u015ftirmek i\u00e7in \u00e7al\u0131\u015fmalara ba\u015flad\u0131.<!--more--><\/p>\n<p>41 metre uzunlu\u011funda ve ger\u00e7ek gemi \u00f6l\u00e7\u00fclerinde yap\u0131lacak olan Gemi K\u00fct\u00fcphane, Recep Tayyip Erdo\u011fan Park\u0131 i\u00e7erisine yap\u0131m\u0131 ba\u015flanan g\u00f6l\u00fcn i\u00e7erine at\u0131lacak beton kaide \u00fczerine yerle\u015ftirilecek. Gemi K\u00fct\u00fcphane\u2019nin montaj \u00e7al\u0131\u015fmalar\u0131n\u0131n Haziran ay\u0131 i\u00e7erisinde tamamlanaca\u011f\u0131n\u0131 belirten Belediye Ba\u015fkan\u0131 \u0130rfan Din\u00e7, \u201cTren k\u00fct\u00fcphanemiz ile \u00c7ank\u0131r\u0131l\u0131lar\u0131 \u00f6nce tren yolculu\u011funa \u00e7\u0131kard\u0131k, havaalan\u0131 olmayan \u015fehrimizde daha \u00f6nce hi\u00e7 u\u00e7ak g\u00f6rmemi\u015f \u00e7ocuklar\u0131m\u0131z\u0131 ger\u00e7ek bir <a href=\"http:\/\/www.bbyhaber.com\/bby\/2017\/01\/20\/ucak-kutuphanede-kitap-okumayi-sevdiler\/\">u\u00e7ak<\/a> ile bilgiye u\u00e7urduk, \u015fimdi de denizi olmayan \u00c7ank\u0131r\u0131\u2019da \u00e7ocuklar\u0131m\u0131z kaptan olarak bilgiye yelken a\u00e7acak. Klasik k\u00fct\u00fcphane anlay\u0131\u015f\u0131n\u0131n d\u0131\u015f\u0131na \u00e7\u0131karak \u00f6zel tasar\u0131ml\u0131 temal\u0131 k\u00fct\u00fcphanelerimiz ile \u00f6zellikle \u00e7ocuklar\u0131m\u0131za kitap okumay\u0131 \u00f6zendirmek istedik. 13 y\u0131ld\u0131r do\u011fmam\u0131\u015f \u00e7ocuklar\u0131n bile sorumlulu\u011funu \u00fcstlenmi\u015f bir Belediye Ba\u015fkan\u0131 olarak, \u00c7ank\u0131r\u0131\u2019ya \u015fehir kimli\u011fini kazand\u0131rma ve \u015fehri turizme a\u00e7ma yolunda \u00e7ocuklar\u0131m\u0131z\u0131n hayallerini ger\u00e7ekle\u015ftirmek ve bu ger\u00e7ekler ile geleceklerini daha iyi in\u015fa etmelerine katk\u0131 sa\u011flamak hep \u00f6nceli\u011fimiz oldu. Temal\u0131 K\u00fct\u00fcphaneler Projemizi de, ilerleyen zaman i\u00e7erisinde, m\u00fcjdesini verdi\u011fimiz Denizalt\u0131 K\u00fct\u00fcphane ile ta\u00e7land\u0131raca\u011f\u0131z.\u201d ifadelerini kulland\u0131.<\/p>\n<p><a href=\"http:\/\/www.haberma.com\" target=\"_blank\">Kaynak<\/a><\/p>\n","protected":false},"excerpt":{"rendered":"<p>Gemi K\u00fct\u00fcphane yap\u0131m ve montaj \u00e7al\u0131\u015fmalar\u0131, aralar\u0131nda Gemi M\u00fchendislerinin de bulundu\u011fu 9 ki\u015filik teknik ekip taraf\u0131ndan ger\u00e7ekle\u015ftiriliyor. T\u00fcrkiye\u2019de bir ilk olma \u00f6zelli\u011fi ta\u015f\u0131yan Tren K\u00fct\u00fcphane\u2019nin hizmete girmesinin ard\u0131ndan sat\u0131n ald\u0131\u011f\u0131 375 ki\u015filik yolcu u\u00e7a\u011f\u0131n\u0131 k\u00fct\u00fcphaneye \u00e7evirerek d\u00fcnyada bir ilke imza atan \u00c7ank\u0131r\u0131 Belediyesi, temal\u0131 k\u00fct\u00fcphanelerin 3. s\u00fcn\u00fc ger\u00e7ekle\u015ftirmek i\u00e7in \u00e7al\u0131\u015fmalara ba\u015flad\u0131.<\/p>\n","protected":false},"author":1,"featured_media":21171,"comment_status":"open","ping_status":"open","sticky":false,"template":"","format":"standard","meta":{"footnotes":""},"categories":[],"tags":[1439,959],"class_list":["post-21170","post","type-post","status-publish","format-standard","has-post-thumbnail","hentry","tag-cocuk-kutuphaneleri","tag-gemi-kutuphane"],"_links":{"self":[{"href":"https:\/\/www.bbyhaber.com\/bby\/wp-json\/wp\/v2\/posts\/21170"}],"collection":[{"href":"https:\/\/www.bbyhaber.com\/bby\/wp-json\/wp\/v2\/posts"}],"about":[{"href":"https:\/\/www.bbyhaber.com\/bby\/wp-json\/wp\/v2\/types\/post"}],"author":[{"embeddable":true,"href":"https:\/\/www.bbyhaber.com\/bby\/wp-json\/wp\/v2\/users\/1"}],"replies":[{"embeddable":true,"href":"https:\/\/www.bbyhaber.com\/bby\/wp-json\/wp\/v2\/comments?post=21170"}],"version-history":[{"count":4,"href":"https:\/\/www.bbyhaber.com\/bby\/wp-json\/wp\/v2\/posts\/21170\/revisions"}],"predecessor-version":[{"id":21177,"href":"https:\/\/www.bbyhaber.com\/bby\/wp-json\/wp\/v2\/posts\/21170\/revisions\/21177"}],"wp:featuredmedia":[{"embeddable":true,"href":"https:\/\/www.bbyhaber.com\/bby\/wp-json\/wp\/v2\/media\/21171"}],"wp:attachment":[{"href":"https:\/\/www.bbyhaber.com\/bby\/wp-json\/wp\/v2\/media?parent=21170"}],"wp:term":[{"taxonomy":"category","embeddable":true,"href":"https:\/\/www.bbyhaber.com\/bby\/wp-json\/wp\/v2\/categories?post=21170"},{"taxonomy":"post_tag","embeddable":true,"href":"https:\/\/www.bbyhaber.com\/bby\/wp-json\/wp\/v2\/tags?post=21170"}],"curies":[{"name":"wp","href":"https:\/\/api.w.org\/{rel}","templated":true}]}}