{"id":21166,"date":"2017-02-22T13:21:35","date_gmt":"2017-02-22T10:21:35","guid":{"rendered":"http:\/\/www.bbyhaber.com\/bby\/?p=21166"},"modified":"2017-02-22T13:24:46","modified_gmt":"2017-02-22T10:24:46","slug":"namik-kemal-universitesi-merkez-kutuphanesi-insaati-basladi","status":"publish","type":"post","link":"https:\/\/www.bbyhaber.com\/bby\/2017\/02\/22\/namik-kemal-universitesi-merkez-kutuphanesi-insaati-basladi","title":{"rendered":"Nam\u0131k Kemal \u00dcniversitesi Merkez K\u00fct\u00fcphanesi in\u015faat\u0131 ba\u015flad\u0131"},"content":{"rendered":"<p><img loading=\"lazy\" decoding=\"async\" class=\"alignleft size-medium wp-image-21167\" src=\"http:\/\/www.bbyhaber.com\/bby\/wp-content\/uploads\/2017\/02\/namik-kemal-universitesi-merkez-kutuphanesi-insaati-basladi-300x199.jpg\" alt=\"\" width=\"300\" height=\"199\" data-wp-pid=\"21167\" srcset=\"https:\/\/www.bbyhaber.com\/bby\/wp-content\/uploads\/2017\/02\/namik-kemal-universitesi-merkez-kutuphanesi-insaati-basladi-300x199.jpg 300w, https:\/\/www.bbyhaber.com\/bby\/wp-content\/uploads\/2017\/02\/namik-kemal-universitesi-merkez-kutuphanesi-insaati-basladi-768x509.jpg 768w, https:\/\/www.bbyhaber.com\/bby\/wp-content\/uploads\/2017\/02\/namik-kemal-universitesi-merkez-kutuphanesi-insaati-basladi-310x205.jpg 310w, https:\/\/www.bbyhaber.com\/bby\/wp-content\/uploads\/2017\/02\/namik-kemal-universitesi-merkez-kutuphanesi-insaati-basladi-800x530.jpg 800w, https:\/\/www.bbyhaber.com\/bby\/wp-content\/uploads\/2017\/02\/namik-kemal-universitesi-merkez-kutuphanesi-insaati-basladi.jpg 889w\" sizes=\"(max-width: 300px) 100vw, 300px\" \/>Her ge\u00e7en y\u0131l b\u00fcy\u00fcy\u00fcp geli\u015fen Nam\u0131k Kemal \u00dcniversitesi; gelece\u011fin \u00fcniversitesini in\u015fa ederek, yar\u0131nlar\u0131m\u0131z\u0131n teminat\u0131 gen\u00e7lerimize modern \u015fartlarda e\u011fitim imk\u00e2n\u0131 sa\u011flamay\u0131 ama\u00e7lad\u0131\u011f\u0131ndan, mevcut <a href=\"http:\/\/kutuphane.nku.edu.tr\/\" target=\"_blank\">Merkez K\u00fct\u00fcphanesi<\/a>nin yetersiz kalmas\u0131 sebebiyle \u00fcniversitemize ve \u015fehrimize daha modern bir k\u00fct\u00fcphane kazand\u0131rmay\u0131 planlamaktad\u0131r.<!--more--> D\u00fcnyada k\u00fct\u00fcphaneler sadece kitaplar\u0131n muhafaza edildikleri binalar olarak de\u011fil, dijital geli\u015fmelerle entegrasyonu sa\u011flanm\u0131\u015f, t\u00fcm kullan\u0131c\u0131lar\u0131n\u0131n sosyalle\u015fme mek\u00e2nlar\u0131 olarak de\u011ferlendirilmekte ve buna g\u00f6re in\u015fa edilmektedir.<\/p>\n<p>Nam\u0131k Kemal \u00dcniversitesi de B\u00f6lgenin en geli\u015fmi\u015f \u00fcniversitesi olma yolunda h\u0131zla ilerlerken d\u00fcnyam\u0131zdaki geli\u015fmeleri de izleyerek \u00f6\u011frencisinden, ara\u015ft\u0131rmac\u0131s\u0131na modern \u015fartlarda bilgi ve kayna\u011fa eri\u015febilmelerini sa\u011flamak ve onlara daha iyi bir \u00e7al\u0131\u015fma ortam\u0131 olu\u015fturabilmek maksad\u0131yla De\u011firmenalt\u0131 Yerle\u015fkesi i\u00e7erisinde 11.000 metrekare alan \u00fczerine Merkez K\u00fct\u00fcphane Binas\u0131\u2019n\u0131n in\u015faat \u00e7al\u0131\u015fmalar\u0131na ba\u015flam\u0131\u015ft\u0131r.<\/p>\n<p>\u00c7aml\u0131k alan\u0131na biti\u015fik bir noktada 11.000 m2 alana sahip olacak olan k\u00fct\u00fcphane binas\u0131n\u0131n kullan\u0131m \u015fekli \u201c<strong>Karma K\u00fct\u00fcphane<\/strong>\u201d \u015feklindedir. Projede <strong>a\u00e7\u0131k tipte raf<\/strong>lama sisteminden olu\u015fan okuma salonu ve okuma teraslar\u0131, <strong>engelli okuma salonu, s\u00fcreli yay\u0131nlar okuma salonu, kitap sat\u0131\u015f ofisi, dinlenme alanlar\u0131, kitap deposu, kitap onar\u0131m ve cilt merkezi, \u00f6d\u00fcn\u00e7 alma,katalog tarama, grup \u00e7al\u0131\u015fma ve bireysel \u00e7al\u0131\u015fma mek\u00e2nlar\u0131, fuaye, s\u0131n\u0131flar, idari ve teknik ofisler, mutfak, s\u0131\u011f\u0131nak ve otopark ile birlikte 281 ki\u015filik bir konferans salonu<\/strong> yer almaktad\u0131r.<\/p>\n<p>Binan\u0131n 45 derece a\u00e7\u0131 ile arazi \u00fczerinde konumlanm\u0131\u015f olmas\u0131 insan\u0131n ruhunu dinlendirecek bir manzaraya kavu\u015fmas\u0131n\u0131 sa\u011flamaktad\u0131r. Okuma salonlar\u0131 arazinin e\u011fimini takip edecek \u015fekilde terasland\u0131r\u0131lm\u0131\u015f olup, denize ve ormana do\u011fru y\u00f6nlendirilmi\u015ftir. Arazi e\u011fimiyle birlikte giden i\u00e7 teraslar\u0131n okuma salonlar\u0131 olarak manzaraya do\u011fru a\u00e7\u0131lmas\u0131 ama\u00e7lanm\u0131\u015ft\u0131r. Bir \u00fcst kat ise ters y\u00f6nde bir teraslama ile giri\u015f kat\u0131n tavan\u0131n\u0131n manzaraya do\u011fru konik a\u00e7\u0131l\u0131m\u0131n\u0131 sa\u011flarken periyodik okuma salonlar\u0131n\u0131 da i\u00e7erir. Bu kat ayn\u0131 zamanda olu\u015fturulan galerilerle giri\u015f kat\u0131 ile g\u00f6rsel ili\u015fki de kurar. Yarat\u0131lan a\u00e7\u0131k teraslar deniz manzaral\u0131 a\u00e7\u0131k okuma alanlar\u0131d\u0131r. Total i\u00e7 mek\u00e2n anlay\u0131\u015f\u0131 d\u00f6\u015femelerdeki bo\u015fluklar ve galerilerle zenginle\u015ftirilmi\u015ftir.Tekirda\u011f\u2019a yak\u0131\u015fan ve modern mimarinin bir \u00f6rne\u011fi olacak bu \u00e7ok ama\u00e7l\u0131 k\u00fct\u00fcphaneyi \u00fcniversitemize kazand\u0131rmak ad\u0131na yap\u0131lacak in\u015faatta do\u011fal zemin dokusu i\u00e7in de \u00e7at\u0131lar ye\u015fil yap\u0131lacakt\u0131r. B\u00f6ylece do\u011fa ile uyumlu bir g\u00f6r\u00fcn\u00fcm elde edilmesi planlanmaktad\u0131r. Malzeme, enerji, suyun kullan\u0131m\u0131 ve i\u00e7 hava kalitesi gibi ekolojik in\u015faat\u0131n gereksinimleri de in\u015faat s\u00fcresince bina kullan\u0131m\u0131na kazand\u0131r\u0131lacakt\u0131r.<\/p>\n<p>Kullan\u0131c\u0131lar\u0131na 24 saat hizmet verecek k\u00fct\u00fcphane binas\u0131; onlar\u0131n en rahat \u015fekilde \u00e7al\u0131\u015fmalar\u0131na imkan sa\u011flamak ve sosyal zaman ge\u00e7irebilecekleri bir alan olabilmek i\u00e7in bina ile \u00e7evreyi entegre de edecektir. Bu ama\u00e7la k\u00fct\u00fcphanenin hemen yan\u0131 ba\u015f\u0131nda yer alan \u00f6\u011frenci sosyal merkezi ile ba\u011flant\u0131s\u0131 planlanmaktad\u0131r.<\/p>\n<p>B\u00fcnyesinde yer alan akademik birimlerin \u00f6\u011fretim ve ara\u015ft\u0131rmac\u0131 kadrosu ile \u00f6\u011frencilerine, \u00fcniversite d\u0131\u015f\u0131 ara\u015ft\u0131rmac\u0131lara ve halka; bilimsel \u00e7al\u0131\u015fma ve ara\u015ft\u0131rmalar\u0131nda yard\u0131mc\u0131 olmak, bilgi edinmeleri, ilgi alanlar\u0131na g\u00f6re kendilerini yeti\u015ftirmeleri ve zamanlar\u0131n\u0131 de\u011ferlendirmeleri i\u00e7in bilgi kaynaklar\u0131n\u0131n temini ve teknolojik ara\u00e7larla hizmete sunulmas\u0131 amac\u0131yla in\u015fas\u0131na ba\u015flanan Nam\u0131k Kemal \u00dcniversitesi Merkez K\u00fct\u00fcphane Binas\u0131, modern ve estetik yap\u0131s\u0131yla, kullan\u0131c\u0131 odakl\u0131 ve sosyal y\u00f6n\u00fc ile Tekirda\u011f\u2019\u0131n ve \u00fcniversitemizdeki birimlerin \u00f6zde\u015fle\u015fme ve bulu\u015fma noktas\u0131 olacakt\u0131r. Nam\u0131k Kemal \u00dcniversitesi \u00f6\u011frencilerine ve \u015fehre modern bir k\u00fct\u00fcphaneyi kazand\u0131rman\u0131n heyecan ve gururunu ya\u015famaktad\u0131r.<\/p>\n<p><a href=\"http:\/\/www.tekirdagyenihaber.com\" target=\"_blank\">Kaynak<\/a><\/p>\n","protected":false},"excerpt":{"rendered":"<p>Her ge\u00e7en y\u0131l b\u00fcy\u00fcy\u00fcp geli\u015fen Nam\u0131k Kemal \u00dcniversitesi; gelece\u011fin \u00fcniversitesini in\u015fa ederek, yar\u0131nlar\u0131m\u0131z\u0131n teminat\u0131 gen\u00e7lerimize modern \u015fartlarda e\u011fitim imk\u00e2n\u0131 sa\u011flamay\u0131 ama\u00e7lad\u0131\u011f\u0131ndan, mevcut Merkez K\u00fct\u00fcphanesinin yetersiz kalmas\u0131 sebebiyle \u00fcniversitemize ve \u015fehrimize daha modern bir k\u00fct\u00fcphane kazand\u0131rmay\u0131 planlamaktad\u0131r.<\/p>\n","protected":false},"author":1,"featured_media":21167,"comment_status":"open","ping_status":"open","sticky":false,"template":"","format":"standard","meta":{"footnotes":""},"categories":[],"tags":[1437],"class_list":["post-21166","post","type-post","status-publish","format-standard","has-post-thumbnail","hentry","tag-univ-arastirma-kutuphaneleri"],"_links":{"self":[{"href":"https:\/\/www.bbyhaber.com\/bby\/wp-json\/wp\/v2\/posts\/21166"}],"collection":[{"href":"https:\/\/www.bbyhaber.com\/bby\/wp-json\/wp\/v2\/posts"}],"about":[{"href":"https:\/\/www.bbyhaber.com\/bby\/wp-json\/wp\/v2\/types\/post"}],"author":[{"embeddable":true,"href":"https:\/\/www.bbyhaber.com\/bby\/wp-json\/wp\/v2\/users\/1"}],"replies":[{"embeddable":true,"href":"https:\/\/www.bbyhaber.com\/bby\/wp-json\/wp\/v2\/comments?post=21166"}],"version-history":[{"count":2,"href":"https:\/\/www.bbyhaber.com\/bby\/wp-json\/wp\/v2\/posts\/21166\/revisions"}],"predecessor-version":[{"id":21169,"href":"https:\/\/www.bbyhaber.com\/bby\/wp-json\/wp\/v2\/posts\/21166\/revisions\/21169"}],"wp:featuredmedia":[{"embeddable":true,"href":"https:\/\/www.bbyhaber.com\/bby\/wp-json\/wp\/v2\/media\/21167"}],"wp:attachment":[{"href":"https:\/\/www.bbyhaber.com\/bby\/wp-json\/wp\/v2\/media?parent=21166"}],"wp:term":[{"taxonomy":"category","embeddable":true,"href":"https:\/\/www.bbyhaber.com\/bby\/wp-json\/wp\/v2\/categories?post=21166"},{"taxonomy":"post_tag","embeddable":true,"href":"https:\/\/www.bbyhaber.com\/bby\/wp-json\/wp\/v2\/tags?post=21166"}],"curies":[{"name":"wp","href":"https:\/\/api.w.org\/{rel}","templated":true}]}}