{"id":21148,"date":"2017-02-21T11:36:04","date_gmt":"2017-02-21T08:36:04","guid":{"rendered":"http:\/\/www.bbyhaber.com\/bby\/?p=21148"},"modified":"2017-02-21T11:36:04","modified_gmt":"2017-02-21T08:36:04","slug":"lutfen-kitaplarimizi-hur-birakin-lutfen-kutuphanemizi-bize-birakin","status":"publish","type":"post","link":"https:\/\/www.bbyhaber.com\/bby\/2017\/02\/21\/lutfen-kitaplarimizi-hur-birakin-lutfen-kutuphanemizi-bize-birakin","title":{"rendered":"L\u00fctfen kitaplar\u0131m\u0131z\u0131 h\u00fcr b\u0131rak\u0131n! L\u00fctfen k\u00fct\u00fcphanemizi bize b\u0131rak\u0131n!"},"content":{"rendered":"<p><img loading=\"lazy\" decoding=\"async\" class=\"alignleft size-medium wp-image-21149\" src=\"http:\/\/www.bbyhaber.com\/bby\/wp-content\/uploads\/2017\/02\/van_il_halk_kutuphanesi_ne_zaman_acilacak-300x166.jpg\" alt=\"\" width=\"300\" height=\"166\" data-wp-pid=\"21149\" srcset=\"https:\/\/www.bbyhaber.com\/bby\/wp-content\/uploads\/2017\/02\/van_il_halk_kutuphanesi_ne_zaman_acilacak-300x166.jpg 300w, https:\/\/www.bbyhaber.com\/bby\/wp-content\/uploads\/2017\/02\/van_il_halk_kutuphanesi_ne_zaman_acilacak.jpg 302w\" sizes=\"(max-width: 300px) 100vw, 300px\" \/>Van Halk K\u00fct\u00fcphanemiz depremle birlikte yok oldu. Sadece k\u00fct\u00fcphanemiz mi yok oldu? Harflerimiz, s\u00f6zc\u00fcklerimiz, c\u00fcmlelerimiz, kitaplar\u0131m\u0131z, hislerimiz, d\u00fc\u015f\u00fcncelerimiz, hayallerimiz ve nihayetinde insanlar\u0131m\u0131z\u2026 <strong>Bir kitap ka\u00e7 insand\u0131r sayan\u0131n\u0131z oldu mu hi\u00e7? Ka\u00e7 kazan\u00e7 elde ederiz bir tek kitapla bilir misiniz? Ka\u00e7 insan kazan\u0131r\u0131z tek bir kitapla? <\/strong>\u00c7oktur say\u0131s\u0131, en az birdir ama mutlaka.\u00a0<!--more--><\/p>\n<p>Yeni bir kitap okuma projesi ba\u015flat\u0131ld\u0131 Van\u2019da. Kutluyorum mimarlar\u0131n\u0131 ve ayr\u0131ca kitapseverleri. Okuma al\u0131\u015fkanl\u0131\u011f\u0131n\u0131n kazand\u0131r\u0131lmas\u0131 ve e\u011fitimin s\u00fcrd\u00fcr\u00fclebilirli\u011finin sa\u011flanmas\u0131 ad\u0131na b\u00f6ylesi projeler umut vericidir. \u0130leriki nesillerin bilin\u00e7lili\u011fini artt\u0131rmak ve potansiyel y\u00fcksek k\u00fclt\u00fcrl\u00fc insanlar yeti\u015ftirmek ad\u0131na olumlama yarat\u0131r her zaman. Bu y\u00fczden kitap fuarlar\u0131n\u0131 her zaman sevmi\u015fimdir. Bir fark\u0131ndal\u0131k yarat\u0131r \u00f6ncelikle; sonras\u0131nda m\u00fcthi\u015f bir heves. Bu vesileyle Van\u2019da d\u00fczenlenmesini istedi\u011fimiz kitap fuarlar\u0131n\u0131 merakla bekliyoruz!<\/p>\n<p><strong>Burada asl\u0131nda de\u011finmek istedi\u011fim ve alt\u0131n\u0131 \u00e7izmek istedi\u011fim konu fail-i me\u00e7hul bir varl\u0131k haline getirilen halk k\u00fct\u00fcphanemiz. <\/strong>Depremden sonra bizden al\u0131nan ve bir t\u00fcrl\u00fc halka kazand\u0131r\u0131lamayan milli de\u011ferimiz\u2026 <strong>S\u00fcrekli yak\u0131nd\u0131\u011f\u0131m\u0131z hakikatler aras\u0131nda belki de en \u00f6nemli olan\u0131d\u0131r bu kurum. <\/strong>Neden mi? \u00c7\u00fcnk\u00fc sosyo-k\u00fclt\u00fcrel olgunluk en \u00e7ok kitapla kazand\u0131r\u0131l\u0131r. \u00c7\u00fcnk\u00fc kitap okuma oran\u0131 ile ya\u015fant\u0131sal kalite aras\u0131nda do\u011fru bir orant\u0131 mevcuttur. K\u00fclt\u00fcr Bakanl\u0131\u011f\u0131 2016 T\u00fcrkiye Okuma K\u00fclt\u00fcr\u00fc Haritas\u0131 verilerine g\u00f6re Van\u2019da halk k\u00fct\u00fcphanesine \u00fcyelik oran\u0131 2.1 ile 3 aras\u0131nda g\u00f6r\u00fcl\u00fcr (bkz. http:\/\/www.kygm.gov.tr\/Eklenti\/55,yonetici-ozetipdf.pdf?0). Bu de\u011ferlendirme k\u00fct\u00fcphanesi salonsuz olan bir kent i\u00e7in \u00e7ok da hayal k\u0131r\u0131kl\u0131\u011f\u0131 say\u0131lmaz. Ayr\u0131ca ayn\u0131 verilere g\u00f6re halk k\u00fct\u00fcphanesinden yararlanma oran\u0131 5 ile 7 aras\u0131ndad\u0131r; ancak Vanl\u0131n\u0131n bo\u015f zamanda yap\u0131lan aktiviteye verdi\u011fi cevab\u0131 ne yaz\u0131k ki \u2018kitap okuma\u2019 de\u011fil \u2018TV izleme\u2019 olmu\u015ftur.<\/p>\n<p>T\u00dc\u0130K 2015 E\u011fitim istatistiklerine g\u00f6re Van \u20186 ya\u015f ve \u00fczeri okuma yazma bilmeyenler\u2019 aras\u0131nda y\u00fczde 7.5 oranla 12. s\u0131rada (Bkz. http:\/\/www.milliyet.com.tr\/turkiye-de-illere-gore-okur-egitim-2234272\/). <strong>Bu vahim durum okuma al\u0131\u015fkanl\u0131\u011f\u0131n\u0131n kazand\u0131r\u0131lmas\u0131 ve k\u00fct\u00fcphanelerin halkla bulu\u015fturulmas\u0131 noktas\u0131nda da \u00f6nemlidir. <\/strong>Yine T\u00dc\u0130K\u2019in 2016 \u2018\u0130llerde Ya\u015fam Endeksi\u2019 ara\u015ft\u0131rmas\u0131nda, Van\u2019\u0131n e\u011fitimde 75. s\u0131rada yer alarak en k\u00f6t\u00fc 10 il aras\u0131nda yer ald\u0131\u011f\u0131 g\u00f6r\u00fcl\u00fcr (Bkz. <a href=\"http:\/\/www.hurriyet.com.tr\/tuik-illerde-yasam-endeksi-arastirmasi-egitimde-en-iyi-il-tunceli-40044276\" target=\"_blank\">http:\/\/www.hurriyet.com.tr\/tuik-illerde-yasam-endeksi-arastirmasi-egitimde-en-iyi-il-tunceli-40044276<\/a>).<\/p>\n<p><strong>Toplumlar\u0131n geli\u015fmi\u015fli\u011fi ile okuma al\u0131\u015fkanl\u0131klar\u0131 aras\u0131nda da yukar\u0131 endeksli bir paralellik mevcuttur.<\/strong> Geli\u015fmi\u015flik sadece fiziksel verilerle tespit edilmez; bir kentin ahlaki de\u011ferleri, politik tutumu, gen\u00e7li\u011fi, erdemleri, tav\u0131r ve tutumlar\u0131 da bu s\u00f6z konusu geli\u015fmi\u015fli\u011fin kapsam\u0131ndad\u0131r. Haliyle k\u00fct\u00fcphanesi bir t\u00fcrl\u00fc yap\u0131lamayan bir kentin sosyo-k\u00fclt\u00fcrel, sosyo-politik ve sosyo-ahlaki varl\u0131\u011f\u0131nda bir olumlama olmas\u0131 beklenemez. Sonu\u00e7ta kitap dayat\u0131lmayan bir toplum, k\u00fct\u00fcphanesi elinden al\u0131nan bir sosyal yap\u0131 ve s\u00f6zc\u00fcklere ve d\u00fc\u015f\u00fcncelere teslim edilmeyen bir kentin insan\u0131ndan \u00e7ok \u015fey al\u0131nm\u0131\u015f olur. Ve bu durumda da da y\u0131k\u0131c\u0131l\u0131k, sald\u0131rganl\u0131k, tahamm\u00fcls\u00fczl\u00fck, hasetlik, kendini be\u011fenmi\u015flik kitaps\u0131z toplumun al\u0131\u015f\u0131lm\u0131\u015f arkada\u015f\u0131 olur.<\/p>\n<p>Bir milyonu a\u015fan bir n\u00fcfusu olan bir kentten bahsediyoruz\u2026 Bir s\u00fcr\u00fc sorunlarla bo\u011fu\u015fan bir kent\u2026 <strong>Soruyorum yetkililere! Bir kitap onlarca insan demek, bilmeyenimiz var m\u0131? Yok. Peki, onca y\u0131l bekletilen bir kurumda okutulmayan kitaplar ka\u00e7 insan\u0131 yok eder, d\u00fc\u015f\u00fcnebiliyor musunuz?<\/strong> Okumaya ge\u00e7 kal\u0131nan her kitaptan, kitap almaya gelip de d\u00f6nen her insandan ve s\u00f6zc\u00fcklerin beyinlere h\u00fckmetti\u011fi her an\u0131n ya\u015fanmam\u0131\u015fl\u0131\u011f\u0131ndan siz mesuls\u00fcn\u00fcz! Bir okuma salonuna d\u00fc\u015fk\u00fcn ka\u00e7 insan var bilemezsiniz!<\/p>\n<p>L\u00fctfen kitaplar\u0131m\u0131z\u0131 h\u00fcr b\u0131rak\u0131n! L\u00fctfen k\u00fct\u00fcphanemizi bize b\u0131rak\u0131n! Van Halk K\u00fct\u00fcphanesi art\u0131k salonlar\u0131n\u0131 herkese a\u00e7s\u0131n!<\/p>\n<p><a href=\"http:\/\/sehrivangazetesi.com\" target=\"_blank\">Kaynak:\u00d6nder \u00c7ak\u0131rta\u015f<\/a><\/p>\n","protected":false},"excerpt":{"rendered":"<p>Van Halk K\u00fct\u00fcphanemiz depremle birlikte yok oldu. Sadece k\u00fct\u00fcphanemiz mi yok oldu? Harflerimiz, s\u00f6zc\u00fcklerimiz, c\u00fcmlelerimiz, kitaplar\u0131m\u0131z, hislerimiz, d\u00fc\u015f\u00fcncelerimiz, hayallerimiz ve nihayetinde insanlar\u0131m\u0131z\u2026 Bir kitap ka\u00e7 insand\u0131r sayan\u0131n\u0131z oldu mu hi\u00e7? Ka\u00e7 kazan\u00e7 elde ederiz bir tek kitapla bilir misiniz? Ka\u00e7 insan kazan\u0131r\u0131z tek bir kitapla? \u00c7oktur say\u0131s\u0131, en az birdir ama mutlaka.\u00a0<\/p>\n","protected":false},"author":1,"featured_media":21149,"comment_status":"open","ping_status":"open","sticky":false,"template":"","format":"standard","meta":{"footnotes":""},"categories":[1555,1],"tags":[],"class_list":["post-21148","post","type-post","status-publish","format-standard","has-post-thumbnail","hentry","category-deprem-kutuphane","category-genel"],"_links":{"self":[{"href":"https:\/\/www.bbyhaber.com\/bby\/wp-json\/wp\/v2\/posts\/21148"}],"collection":[{"href":"https:\/\/www.bbyhaber.com\/bby\/wp-json\/wp\/v2\/posts"}],"about":[{"href":"https:\/\/www.bbyhaber.com\/bby\/wp-json\/wp\/v2\/types\/post"}],"author":[{"embeddable":true,"href":"https:\/\/www.bbyhaber.com\/bby\/wp-json\/wp\/v2\/users\/1"}],"replies":[{"embeddable":true,"href":"https:\/\/www.bbyhaber.com\/bby\/wp-json\/wp\/v2\/comments?post=21148"}],"version-history":[{"count":1,"href":"https:\/\/www.bbyhaber.com\/bby\/wp-json\/wp\/v2\/posts\/21148\/revisions"}],"predecessor-version":[{"id":21150,"href":"https:\/\/www.bbyhaber.com\/bby\/wp-json\/wp\/v2\/posts\/21148\/revisions\/21150"}],"wp:featuredmedia":[{"embeddable":true,"href":"https:\/\/www.bbyhaber.com\/bby\/wp-json\/wp\/v2\/media\/21149"}],"wp:attachment":[{"href":"https:\/\/www.bbyhaber.com\/bby\/wp-json\/wp\/v2\/media?parent=21148"}],"wp:term":[{"taxonomy":"category","embeddable":true,"href":"https:\/\/www.bbyhaber.com\/bby\/wp-json\/wp\/v2\/categories?post=21148"},{"taxonomy":"post_tag","embeddable":true,"href":"https:\/\/www.bbyhaber.com\/bby\/wp-json\/wp\/v2\/tags?post=21148"}],"curies":[{"name":"wp","href":"https:\/\/api.w.org\/{rel}","templated":true}]}}