{"id":21134,"date":"2017-02-20T14:58:50","date_gmt":"2017-02-20T11:58:50","guid":{"rendered":"http:\/\/www.bbyhaber.com\/bby\/?p=21134"},"modified":"2017-02-20T14:58:50","modified_gmt":"2017-02-20T11:58:50","slug":"diyarbakiri-anlatan-kitaplar-bu-kutuphanede-toplaniyor","status":"publish","type":"post","link":"https:\/\/www.bbyhaber.com\/bby\/2017\/02\/20\/diyarbakiri-anlatan-kitaplar-bu-kutuphanede-toplaniyor","title":{"rendered":"Diyarbak\u0131r&#8217;\u0131 anlatan kitaplar bu k\u00fct\u00fcphanede toplan\u0131yor"},"content":{"rendered":"<p><img loading=\"lazy\" decoding=\"async\" class=\"alignleft size-medium wp-image-21136\" src=\"http:\/\/www.bbyhaber.com\/bby\/wp-content\/uploads\/2017\/02\/diyarbakiri-anlatan-kitaplar-bu-kutuphanede-toplaniyor-300x166.jpg\" alt=\"\" width=\"300\" height=\"166\" data-wp-pid=\"21136\" srcset=\"https:\/\/www.bbyhaber.com\/bby\/wp-content\/uploads\/2017\/02\/diyarbakiri-anlatan-kitaplar-bu-kutuphanede-toplaniyor-300x166.jpg 300w, https:\/\/www.bbyhaber.com\/bby\/wp-content\/uploads\/2017\/02\/diyarbakiri-anlatan-kitaplar-bu-kutuphanede-toplaniyor.jpg 642w\" sizes=\"(max-width: 300px) 100vw, 300px\" \/>Diyarbak\u0131r Dicle \u00dcniversitesi (D\u00dc) Merkez K\u00fct\u00fcphanesi b\u00fcnyesinde 5 bin kitab\u0131n yer ald\u0131\u011f\u0131 &#8220;<strong>Diyarbekir Kitapl\u0131\u011f\u0131<\/strong>&#8221; kuruldu. D\u00dc Merkez K\u00fct\u00fcphanesinde olu\u015fturulan ve Diyarbak\u0131r&#8217;\u0131 anlatan 5 bin kitab\u0131n yer ald\u0131\u011f\u0131 &#8220;Diyarbekir Kitapl\u0131\u011f\u0131&#8221;na, Diyarbak\u0131rl\u0131 yazarlar \u015eevket Beysano\u011flu ve Esma Ocak&#8217;\u0131n kitaplar\u0131n\u0131n bir k\u0131sm\u0131 da ba\u011f\u0131\u015fland\u0131. Kitapl\u0131\u011fa, yurt d\u0131\u015f\u0131nda yay\u0131nlanan ve Diyarbak\u0131r&#8217;\u0131 anlatan kitaplar\u0131n da toplanmas\u0131 planlan\u0131yor.<!--more--><\/p>\n<p>D\u00dc Merkez K\u00fct\u00fcphanesi Dok\u00fcmantasyon Daire Ba\u015fkanl\u0131\u011f\u0131 \u015eube M\u00fcd\u00fcr\u00fc Song\u00fcl Atl\u0131, yapt\u0131\u011f\u0131 a\u00e7\u0131klamada, k\u00fct\u00fcphane b\u00fcnyesinde kurulan kitapl\u0131\u011f\u0131, Diyarbak\u0131r ve \u00e7evresindeki illerle ilgili ara\u015ft\u0131rmalarda, ara\u015ft\u0131rmac\u0131lar\u0131n merkezi haline getirmek istediklerini s\u00f6yledi.<\/p>\n<p>Ama\u00e7lar\u0131n\u0131n Diyarbak\u0131r ve \u00e7evresiyle ilgili t\u00fcm ara\u015ft\u0131rmalarda, bir ara\u015ft\u0131rmac\u0131n\u0131n akl\u0131na gelebilecek ilk yer olmay\u0131 hedeflediklerini vurgulayan Atl\u0131, Prof. Dr. Talip G\u00fcl&#8217;\u00fcn rekt\u00f6r se\u00e7ilmesinden sonra k\u00fc\u00e7\u00fck olan kitapl\u0131\u011f\u0131 b\u00fcy\u00fck bir k\u00fct\u00fcphaneye \u00e7evirdiklerini, ilk etapta 5 bin kitapla hizmet vermeye ba\u015flad\u0131klar\u0131n\u0131 belirtti.<\/p>\n<p><strong>&#8220;Nadir eserler de kitapl\u0131\u011f\u0131m\u0131zda var&#8221;<\/strong><\/p>\n<p>Kentin en tan\u0131nm\u0131\u015f \u015fahsiyetlerinden birisi olan \u015eevket Beysano\u011flu kitapl\u0131\u011f\u0131n\u0131n bir b\u00f6l\u00fcm\u00fcn\u00fc Diyarbak\u0131r K\u00fct\u00fcphanesine getirdiklerini aktaran Atl\u0131, Diyarbak\u0131r ile ilgili yay\u0131nlanm\u0131\u015f en ayr\u0131nt\u0131l\u0131 kitaplardan biri olarak kabul edilen Amida&#8217;n\u0131n T\u00fcrk\u00e7e bask\u0131s\u0131n\u0131n ellerinde mevcut oldu\u011funu bildirdi.<\/p>\n<p>Yazar Esma Ocak&#8217;\u0131n k\u0131z\u0131n\u0131n kitaplar\u0131n\u0131n bir k\u0131sm\u0131n\u0131 ba\u011f\u0131\u015flad\u0131\u011f\u0131n\u0131 bildiren Atl\u0131, \u015f\u00f6yle devam etti:<\/p>\n<p>&#8220;Celal G\u00fczelses, Ziya G\u00f6kalp gibi \u015fahsiyetleri anlatan kitaplar bulunmakta. Amac\u0131m\u0131z sadece Diyarbak\u0131r&#8217;\u0131n tarih ile ilgili de\u011fil, kentin yeti\u015ftirmi\u015f oldu\u011fu edebi, siyasi, psikolog, sosyolog, her t\u00fcrl\u00fc fikir insanlar\u0131n kitaplar\u0131n\u0131n yay\u0131nlar\u0131n\u0131 bulundurmak istiyoruz. Ama\u00e7 burada sadece tarihi olarak bir ara\u015ft\u0131rma yapmak de\u011fil, Diyarbak\u0131r&#8217;\u0131 her y\u00f6n\u00fcyle tan\u0131nmas\u0131n\u0131 sa\u011flamakt\u0131r. Diyarbak\u0131r ile ilgili en eski yay\u0131nlardan olan Kara-Amid, Karacada\u011f Dergileriyle 1800&#8217;lerden g\u00fcn\u00fcm\u00fcze kadar Diyarbak\u0131r ile ilgili kitaplar ve nadir eserler de kitapl\u0131\u011f\u0131m\u0131zda var.&#8221;<\/p>\n<p>K\u00fct\u00fcphaneye gelen kitaplar\u0131n koruma alt\u0131na al\u0131nd\u0131\u011f\u0131na, bir kitab\u0131n izinsiz d\u0131\u015far\u0131 \u00e7\u0131kar\u0131lmas\u0131n\u0131n m\u00fcmk\u00fcn olmad\u0131\u011f\u0131na dikkati \u00e7eken Atl\u0131, bu konuda g\u00fcvenlik \u00f6nlemlerinin bulundu\u011funu aktard\u0131.<\/p>\n<p><strong>Kaynaklar dijital ortama aktar\u0131lacak<\/strong><\/p>\n<p>Yurt d\u0131\u015f\u0131nda yay\u0131nlanm\u0131\u015f ve Diyarbak\u0131r&#8217;\u0131 anlatan t\u00fcm kitaplar\u0131 getirmeyi planlad\u0131klar\u0131n\u0131 bildiren Atl\u0131, bir ara\u015ft\u0131rmac\u0131ya yol g\u00f6sterebilecek t\u00fcm bilgilere ula\u015f\u0131labilmesini sa\u011flamak istediklerini anlatt\u0131.<\/p>\n<p>Kaynaklar\u0131 dijital ortama aktarmay\u0131 hedeflediklerini dile getiren Atl\u0131, Diyarbak\u0131rl\u0131lara ellerinde kitaplar\u0131 k\u00fct\u00fcphaneye ba\u011f\u0131\u015flamas\u0131 \u00e7a\u011fr\u0131s\u0131nda bulundu.<\/p>\n<p><a href=\"http:\/\/www.trthaber.com\/\" target=\"_blank\">Kaynak<\/a><\/p>\n<p><em>Haberi Ula\u015ft\u0131ran: Ayd\u0131n \u0130LER\u0130<\/em><\/p>\n","protected":false},"excerpt":{"rendered":"<p>Diyarbak\u0131r Dicle \u00dcniversitesi (D\u00dc) Merkez K\u00fct\u00fcphanesi b\u00fcnyesinde 5 bin kitab\u0131n yer ald\u0131\u011f\u0131 &#8220;Diyarbekir Kitapl\u0131\u011f\u0131&#8221; kuruldu. D\u00dc Merkez K\u00fct\u00fcphanesinde olu\u015fturulan ve Diyarbak\u0131r&#8217;\u0131 anlatan 5 bin kitab\u0131n yer ald\u0131\u011f\u0131 &#8220;Diyarbekir Kitapl\u0131\u011f\u0131&#8221;na, Diyarbak\u0131rl\u0131 yazarlar \u015eevket Beysano\u011flu ve Esma Ocak&#8217;\u0131n kitaplar\u0131n\u0131n bir k\u0131sm\u0131 da ba\u011f\u0131\u015fland\u0131. Kitapl\u0131\u011fa, yurt d\u0131\u015f\u0131nda yay\u0131nlanan ve Diyarbak\u0131r&#8217;\u0131 anlatan kitaplar\u0131n da toplanmas\u0131 planlan\u0131yor.<\/p>\n","protected":false},"author":1,"featured_media":21136,"comment_status":"open","ping_status":"open","sticky":false,"template":"","format":"standard","meta":{"footnotes":""},"categories":[],"tags":[1437],"class_list":["post-21134","post","type-post","status-publish","format-standard","has-post-thumbnail","hentry","tag-univ-arastirma-kutuphaneleri"],"_links":{"self":[{"href":"https:\/\/www.bbyhaber.com\/bby\/wp-json\/wp\/v2\/posts\/21134"}],"collection":[{"href":"https:\/\/www.bbyhaber.com\/bby\/wp-json\/wp\/v2\/posts"}],"about":[{"href":"https:\/\/www.bbyhaber.com\/bby\/wp-json\/wp\/v2\/types\/post"}],"author":[{"embeddable":true,"href":"https:\/\/www.bbyhaber.com\/bby\/wp-json\/wp\/v2\/users\/1"}],"replies":[{"embeddable":true,"href":"https:\/\/www.bbyhaber.com\/bby\/wp-json\/wp\/v2\/comments?post=21134"}],"version-history":[{"count":1,"href":"https:\/\/www.bbyhaber.com\/bby\/wp-json\/wp\/v2\/posts\/21134\/revisions"}],"predecessor-version":[{"id":21137,"href":"https:\/\/www.bbyhaber.com\/bby\/wp-json\/wp\/v2\/posts\/21134\/revisions\/21137"}],"wp:featuredmedia":[{"embeddable":true,"href":"https:\/\/www.bbyhaber.com\/bby\/wp-json\/wp\/v2\/media\/21136"}],"wp:attachment":[{"href":"https:\/\/www.bbyhaber.com\/bby\/wp-json\/wp\/v2\/media?parent=21134"}],"wp:term":[{"taxonomy":"category","embeddable":true,"href":"https:\/\/www.bbyhaber.com\/bby\/wp-json\/wp\/v2\/categories?post=21134"},{"taxonomy":"post_tag","embeddable":true,"href":"https:\/\/www.bbyhaber.com\/bby\/wp-json\/wp\/v2\/tags?post=21134"}],"curies":[{"name":"wp","href":"https:\/\/api.w.org\/{rel}","templated":true}]}}