{"id":21108,"date":"2017-02-18T22:39:05","date_gmt":"2017-02-18T19:39:05","guid":{"rendered":"http:\/\/www.bbyhaber.com\/bby\/?p=21108"},"modified":"2017-02-18T23:23:23","modified_gmt":"2017-02-18T20:23:23","slug":"sozlu-tarih-projesi","status":"publish","type":"post","link":"https:\/\/www.bbyhaber.com\/bby\/2017\/02\/18\/sozlu-tarih-projesi","title":{"rendered":"S\u00f6zl\u00fc Tarih Projesi"},"content":{"rendered":"<p><img loading=\"lazy\" decoding=\"async\" class=\"size-full wp-image-21109 alignleft\" src=\"http:\/\/www.bbyhaber.com\/bby\/wp-content\/uploads\/2017\/02\/s\u00f6zl\u00fctarih.png\" alt=\"\" width=\"202\" height=\"60\" data-wp-pid=\"21109\" \/>T\u00fcrkiye\u2019de 1980&#8217;li y\u0131llardan ba\u015flayarak gittik\u00e7e yayg\u0131nla\u015fan ve bug\u00fcn say\u0131s\u0131 binlere ula\u015fan s\u00f6zl\u00fc tarih \u00e7al\u0131\u015fmalar\u0131na kolay eri\u015febilmek i\u00e7in bir veritaban\u0131 olu\u015fturarak bunu yurt i\u00e7i ve yurt d\u0131\u015f\u0131nda faaliyet g\u00f6steren akademisyenlerin, \u00f6\u011frencilerin, bireysel ara\u015ft\u0131rmac\u0131lar\u0131n kullan\u0131m\u0131na sunmak; gelecek y\u0131llarda yap\u0131lacak \u00e7al\u0131\u015fmalara model olu\u015fturabilecek s\u00f6zl\u00fc tarih uygulamalar\u0131 ger\u00e7ekle\u015ftirmek; bilimsel \u00e7al\u0131\u015fmalarla yerel, b\u00f6lgesel ve ulusal tan\u0131n\u0131rl\u0131\u011f\u0131 art\u0131rma hedefi olan ki\u015filere yenilik\u00e7i e\u011fitim faaliyeti sunarak s\u00f6zl\u00fc tarih alan\u0131nda nitelikli sonu\u00e7lar elde etmek amac\u0131yla Bilim ve Sanat Vakf\u0131 taraf\u0131ndan S\u00f6zl\u00fc Tarih Ara\u015ft\u0131rmalar\u0131 Veritaban\u0131 ve \u0130stanbul&#8217;un Mekansal ve K\u00fclt\u00fcrel \u00c7e\u015fitlili\u011fine Y\u00f6nelik Uygulama \u00d6rnekleri Projesi haz\u0131rlanm\u0131\u015ft\u0131r. Mali deste\u011fi \u0130stanbul Kalk\u0131nma Ajans\u0131&#8217;ndan sa\u011flanan projenin y\u00fcr\u00fct\u00fclmesinde \u0130stanbul \u015eehir \u00dcniversitesi&#8217;nin akademik birikim ve deneyimlerinden faydalan\u0131lmaktad\u0131r.<\/p>\n<p>Bu kapsamda,<br \/>\n\u0130stanbul \u00f6l\u00e7e\u011finde bug\u00fcne kadar yap\u0131lm\u0131\u015f s\u00f6zl\u00fc tarih \u00e7al\u0131\u015fmalar\u0131n\u0131 tespit etmek;<br \/>\nBilimsel \u00e7al\u0131\u015fmalarda kullan\u0131labilir, g\u00fcvenilir, kapsaml\u0131, tasnifli bir ba\u015fvuru kayna\u011f\u0131 olu\u015fturmak;<br \/>\nProjeyle, s\u00f6zl\u00fc tarih ara\u015ft\u0131rmalar\u0131 veritaban\u0131n\u0131 hayata ge\u00e7irmek ve bu veritaban\u0131n\u0131n payla\u015f\u0131ld\u0131\u011f\u0131 interaktif, yenilenebilir bir web sitesi kurmak;<br \/>\n\u0130stanbul&#8217;un mekansal ve k\u00fclt\u00fcrel \u00e7e\u015fitlili\u011fini yans\u0131tan en az 30 isimle s\u00f6zl\u00fc tarih g\u00f6r\u00fc\u015fmeleri ger\u00e7ekle\u015ftirmek; b\u00f6ylece \u0130stanbul&#8217;da veya T\u00fcrkiye s\u0131n\u0131rlar\u0131 i\u00e7inde ger\u00e7ekle\u015ftirilmek istenen \u00e7al\u0131\u015fmalara g\u00f6r\u00fc\u015fme, g\u00f6r\u00fcnt\u00fc, ses, kay\u0131t ve depolama konular\u0131nda y\u00f6ntem ve s\u00fcre\u00e7 modeli sunmak;<br \/>\nHem projede g\u00f6rev alacak personele hem de bu alanda faaliyet g\u00f6stermek isteyen ki\u015filere, yap\u0131lan i\u015fin bilimsel, g\u00fcvenilir, anla\u015f\u0131labilir ve di\u011fer alanlarda kullan\u0131labilir olmas\u0131 i\u00e7in alan\u0131n uzmanlar\u0131 taraf\u0131ndan teorik ve pratik e\u011fitim vermek;<br \/>\nYap\u0131lan \u00e7al\u0131\u015fmalar neticesinde yaz\u0131l\u0131, g\u00f6rsel ve i\u015fitsel materyallerin bulundu\u011fu kapsaml\u0131 bir k\u00fct\u00fcphane olu\u015fturarak buray\u0131 m\u00fcteakip \u00e7al\u0131\u015fmalar i\u00e7in bir merkez haline getirmek hedeflenmektedir.<\/p>\n<p>www.sozlutarih.org.tr<\/p>\n<p><iframe loading=\"lazy\" src=\"https:\/\/www.youtube.com\/embed\/7VV7xhoJkrg\" width=\"560\" height=\"315\" frameborder=\"0\" allowfullscreen=\"allowfullscreen\"><\/iframe><\/p>\n<p>Haberi ula\u015ft\u0131ran (Adnan G\u00f6zeller)<\/p>\n","protected":false},"excerpt":{"rendered":"<p>T\u00fcrkiye\u2019de 1980&#8217;li y\u0131llardan ba\u015flayarak gittik\u00e7e yayg\u0131nla\u015fan ve bug\u00fcn say\u0131s\u0131 binlere ula\u015fan s\u00f6zl\u00fc tarih \u00e7al\u0131\u015fmalar\u0131na kolay eri\u015febilmek i\u00e7in bir veritaban\u0131 olu\u015fturarak bunu yurt i\u00e7i ve yurt d\u0131\u015f\u0131nda faaliyet g\u00f6steren akademisyenlerin, \u00f6\u011frencilerin, bireysel ara\u015ft\u0131rmac\u0131lar\u0131n kullan\u0131m\u0131na sunmak; gelecek y\u0131llarda yap\u0131lacak \u00e7al\u0131\u015fmalara model olu\u015fturabilecek s\u00f6zl\u00fc tarih uygulamalar\u0131 ger\u00e7ekle\u015ftirmek; bilimsel \u00e7al\u0131\u015fmalarla yerel, b\u00f6lgesel ve ulusal tan\u0131n\u0131rl\u0131\u011f\u0131 art\u0131rma hedefi olan ki\u015filere [&hellip;]<\/p>\n","protected":false},"author":129,"featured_media":21109,"comment_status":"open","ping_status":"open","sticky":false,"template":"","format":"standard","meta":{"footnotes":""},"categories":[1],"tags":[1096,1407],"class_list":["post-21108","post","type-post","status-publish","format-standard","has-post-thumbnail","hentry","category-genel","tag-arsivcilik","tag-dokumantasyon-ve-enformasyon"],"_links":{"self":[{"href":"https:\/\/www.bbyhaber.com\/bby\/wp-json\/wp\/v2\/posts\/21108"}],"collection":[{"href":"https:\/\/www.bbyhaber.com\/bby\/wp-json\/wp\/v2\/posts"}],"about":[{"href":"https:\/\/www.bbyhaber.com\/bby\/wp-json\/wp\/v2\/types\/post"}],"author":[{"embeddable":true,"href":"https:\/\/www.bbyhaber.com\/bby\/wp-json\/wp\/v2\/users\/129"}],"replies":[{"embeddable":true,"href":"https:\/\/www.bbyhaber.com\/bby\/wp-json\/wp\/v2\/comments?post=21108"}],"version-history":[{"count":4,"href":"https:\/\/www.bbyhaber.com\/bby\/wp-json\/wp\/v2\/posts\/21108\/revisions"}],"predecessor-version":[{"id":21126,"href":"https:\/\/www.bbyhaber.com\/bby\/wp-json\/wp\/v2\/posts\/21108\/revisions\/21126"}],"wp:featuredmedia":[{"embeddable":true,"href":"https:\/\/www.bbyhaber.com\/bby\/wp-json\/wp\/v2\/media\/21109"}],"wp:attachment":[{"href":"https:\/\/www.bbyhaber.com\/bby\/wp-json\/wp\/v2\/media?parent=21108"}],"wp:term":[{"taxonomy":"category","embeddable":true,"href":"https:\/\/www.bbyhaber.com\/bby\/wp-json\/wp\/v2\/categories?post=21108"},{"taxonomy":"post_tag","embeddable":true,"href":"https:\/\/www.bbyhaber.com\/bby\/wp-json\/wp\/v2\/tags?post=21108"}],"curies":[{"name":"wp","href":"https:\/\/api.w.org\/{rel}","templated":true}]}}