{"id":21104,"date":"2017-02-18T22:35:37","date_gmt":"2017-02-18T19:35:37","guid":{"rendered":"http:\/\/www.bbyhaber.com\/bby\/?p=21104"},"modified":"2017-02-18T23:22:13","modified_gmt":"2017-02-18T20:22:13","slug":"new-york-halk-kutuphanesinin-topluluk-sozlu-tarih-projesi","status":"publish","type":"post","link":"https:\/\/www.bbyhaber.com\/bby\/2017\/02\/18\/new-york-halk-kutuphanesinin-topluluk-sozlu-tarih-projesi","title":{"rendered":"New York Halk K\u00fct\u00fcphanesi&#8217;nin Topluluk S\u00f6zl\u00fc Tarih Projesi"},"content":{"rendered":"<p><img loading=\"lazy\" decoding=\"async\" class=\"size-medium wp-image-21105 alignleft\" src=\"http:\/\/www.bbyhaber.com\/bby\/wp-content\/uploads\/2017\/02\/home_headphones-04778c675c397c41868f0d6d6efdd5cb-300x300.png\" alt=\"\" width=\"300\" height=\"300\" data-wp-pid=\"21105\" srcset=\"https:\/\/www.bbyhaber.com\/bby\/wp-content\/uploads\/2017\/02\/home_headphones-04778c675c397c41868f0d6d6efdd5cb-300x300.png 300w, https:\/\/www.bbyhaber.com\/bby\/wp-content\/uploads\/2017\/02\/home_headphones-04778c675c397c41868f0d6d6efdd5cb-150x150.png 150w, https:\/\/www.bbyhaber.com\/bby\/wp-content\/uploads\/2017\/02\/home_headphones-04778c675c397c41868f0d6d6efdd5cb.png 400w\" sizes=\"(max-width: 300px) 100vw, 300px\" \/>Ya\u015fad\u0131\u011f\u0131 insanlar\u0131n hikayeleri ile Lower East Side mahalle tarihini korumak, belgelemek ve kutlamak i\u00e7in \u00e7al\u0131\u015fan bir mahalle s\u00f6zl\u00fc tarih projesidir. Bu proje A\u015fa\u011f\u0131 Do\u011fu Yakas\u0131nda ya\u015fayan ya da \u00e7al\u0131\u015fm\u0131\u015f olanlar\u0131n s\u00f6zl\u00fc tarihlerini toplayacak.<\/p>\n<p>Bu r\u00f6portajlar\u0131 y\u00fcr\u00fctmek i\u00e7in topluluk g\u00f6n\u00fcll\u00fcleri e\u011fitilecektir.<\/p>\n<p>R\u00f6portajlar ABD Tarihi, Yerel Tarih ve \u015eecere The Milstein B\u00f6l\u00fcm\u00fc&#8217;nde saklanacak ve New York Halk K\u00fct\u00fcphanesi web sitesinde eri\u015filebilecek:<\/p>\n<p>Haberi ula\u015ft\u0131ran (Adnan G\u00f6zeller)<\/p>\n<p><a href=\"http:\/\/oralhistory.nypl.org\/\">http:\/\/oralhistory.nypl.org\/<\/a><\/p>\n<p>&nbsp;<\/p>\n","protected":false},"excerpt":{"rendered":"<p>Ya\u015fad\u0131\u011f\u0131 insanlar\u0131n hikayeleri ile Lower East Side mahalle tarihini korumak, belgelemek ve kutlamak i\u00e7in \u00e7al\u0131\u015fan bir mahalle s\u00f6zl\u00fc tarih projesidir. Bu proje A\u015fa\u011f\u0131 Do\u011fu Yakas\u0131nda ya\u015fayan ya da \u00e7al\u0131\u015fm\u0131\u015f olanlar\u0131n s\u00f6zl\u00fc tarihlerini toplayacak. Bu r\u00f6portajlar\u0131 y\u00fcr\u00fctmek i\u00e7in topluluk g\u00f6n\u00fcll\u00fcleri e\u011fitilecektir. R\u00f6portajlar ABD Tarihi, Yerel Tarih ve \u015eecere The Milstein B\u00f6l\u00fcm\u00fc&#8217;nde saklanacak ve New York Halk [&hellip;]<\/p>\n","protected":false},"author":129,"featured_media":21105,"comment_status":"open","ping_status":"open","sticky":false,"template":"","format":"standard","meta":{"footnotes":""},"categories":[],"tags":[1410],"class_list":["post-21104","post","type-post","status-publish","format-standard","has-post-thumbnail","hentry","tag-uluslararasi-kutuphane-haberleri"],"_links":{"self":[{"href":"https:\/\/www.bbyhaber.com\/bby\/wp-json\/wp\/v2\/posts\/21104"}],"collection":[{"href":"https:\/\/www.bbyhaber.com\/bby\/wp-json\/wp\/v2\/posts"}],"about":[{"href":"https:\/\/www.bbyhaber.com\/bby\/wp-json\/wp\/v2\/types\/post"}],"author":[{"embeddable":true,"href":"https:\/\/www.bbyhaber.com\/bby\/wp-json\/wp\/v2\/users\/129"}],"replies":[{"embeddable":true,"href":"https:\/\/www.bbyhaber.com\/bby\/wp-json\/wp\/v2\/comments?post=21104"}],"version-history":[{"count":2,"href":"https:\/\/www.bbyhaber.com\/bby\/wp-json\/wp\/v2\/posts\/21104\/revisions"}],"predecessor-version":[{"id":21120,"href":"https:\/\/www.bbyhaber.com\/bby\/wp-json\/wp\/v2\/posts\/21104\/revisions\/21120"}],"wp:featuredmedia":[{"embeddable":true,"href":"https:\/\/www.bbyhaber.com\/bby\/wp-json\/wp\/v2\/media\/21105"}],"wp:attachment":[{"href":"https:\/\/www.bbyhaber.com\/bby\/wp-json\/wp\/v2\/media?parent=21104"}],"wp:term":[{"taxonomy":"category","embeddable":true,"href":"https:\/\/www.bbyhaber.com\/bby\/wp-json\/wp\/v2\/categories?post=21104"},{"taxonomy":"post_tag","embeddable":true,"href":"https:\/\/www.bbyhaber.com\/bby\/wp-json\/wp\/v2\/tags?post=21104"}],"curies":[{"name":"wp","href":"https:\/\/api.w.org\/{rel}","templated":true}]}}