{"id":21091,"date":"2017-02-17T16:16:32","date_gmt":"2017-02-17T13:16:32","guid":{"rendered":"http:\/\/www.bbyhaber.com\/bby\/?p=21091"},"modified":"2017-07-31T11:14:35","modified_gmt":"2017-07-31T08:14:35","slug":"bbyaktifis17022017","status":"publish","type":"post","link":"https:\/\/www.bbyhaber.com\/bby\/2017\/02\/17\/bbyaktifis17022017","title":{"rendered":"Bilgi ve Belge Y\u00f6netimi Aktif \u0130\u015f \u0130lanlar\u0131 | 17.02.2017"},"content":{"rendered":"<p><strong><img loading=\"lazy\" decoding=\"async\" class=\"alignleft wp-image-21099 \" src=\"http:\/\/www.bbyhaber.com\/bby\/wp-content\/uploads\/2017\/02\/isilanlari.png\" width=\"293\" height=\"165\" data-wp-pid=\"21099\" srcset=\"https:\/\/www.bbyhaber.com\/bby\/wp-content\/uploads\/2017\/02\/isilanlari.png 529w, https:\/\/www.bbyhaber.com\/bby\/wp-content\/uploads\/2017\/02\/isilanlari-300x169.png 300w\" sizes=\"(max-width: 293px) 100vw, 293px\" \/><\/strong><\/p>\n<p><strong>Bilgi Merkezi Vardiya G\u00f6revlisi &#8211; <em>Sabanc\u0131 \u00dcniversitesi \u0130stanbul(Asya)<\/em><\/strong><br \/>\n<a href=\"http:\/\/www.kariyer.net\/is-ilani\/sabanci-universitesi-bilgi-merkezi-vardiya-gorevlisi-1653351\" target=\"_blank\">Ba\u015fvur<\/a><\/p>\n<p style=\"text-align: center;\">________________________________________________________________<\/p>\n<hr \/>\n<p><strong>K\u00fct\u00fcphane Sorumlusu\u00a0&#8211;\u00a0<em>NUN Okullar\u0131 \u0130stanbul(Asya)<\/em><\/strong><br \/>\n<a href=\"http:\/\/www.kariyer.net\/is-ilani\/nun-okullari-kutuphane-sorumlusu-1729548\" target=\"_blank\">Ba\u015fvur<\/a><!--more--><\/p>\n<p style=\"text-align: center;\">_<br \/>\n_______________________________________________________________<\/p>\n<hr \/>\n<p><strong>K\u00fct\u00fcphane Uzman\u0131<\/strong> &#8211; \u00a0<em><strong>\u0130stanbul Bilgi \u00dcniversitesi \u0130stanbul(Avr.<\/strong><\/em>)<br \/>\n<a href=\"http:\/\/www.kariyer.net\/is-ilani\/istanbul-bilgi-universitesi-kutuphane-uzmani-1724806\" target=\"_blank\">Ba\u015fvur<\/a><\/p>\n<p style=\"text-align: center;\">________________________________________________________________<\/p>\n<hr \/>\n<p><strong>K\u00fct\u00fcphane G\u00f6revlisi (Vardiyal\u0131) &#8211;\u00a0<em>\u0130STANBUL KEMERBURGAZ \u00dcN\u0130VERS\u0130TES\u0130 \u0130stanbul(Avr.)<\/em><\/strong><br \/>\n<a href=\"http:\/\/www.kariyer.net\/is-ilani\/istanbul-kemerburgaz-universitesi-kutuphane-gorevlisi-vardiyali-1730292\" target=\"_blank\">Ba\u015fvur<\/a><\/p>\n<p style=\"text-align: center;\">________________________________________________________________<\/p>\n<hr \/>\n<p><strong>Gececi K\u00fct\u00fcphane G\u00f6revlisi \u00a0&#8211;\u00a0<em>Ko\u00e7 \u00dcniversitesi \u0130stanbul(Avr.)<\/em><\/strong><br \/>\n<a href=\"http:\/\/www.kariyer.net\/is-ilani\/koc-universitesi-gececi-kutuphane-gorevlisi-1714045\" target=\"_blank\">Ba\u015fvur<\/a><\/p>\n<p style=\"text-align: center;\">________________________________________________________________<\/p>\n<hr \/>\n<p><strong>Okuyucu Hizmetleri Uzman\u0131 &#8211;\u00a0<em>\u0130stanbul Ayd\u0131n \u00dcniversitesi \u0130stanbul(Avr.)<\/em><\/strong><br \/>\n<a href=\"http:\/\/www.kariyer.net\/is-ilani\/istanbul-aydin-universitesi-okuyucu-hizmetleri-uzmani-1594634\" target=\"_blank\">Ba\u015fvur<\/a><\/p>\n<p style=\"text-align: center;\">________________________________________________________________<\/p>\n<hr \/>\n<p><strong>Ar\u015fiv Eleman\u0131 &#8211;\u00a0<em>\u0130STEK SERV\u0130S E\u011e\u0130T\u0130M T\u0130C. A.\u015e. \u0130stanbul(Asya)<\/em><\/strong><br \/>\n<a href=\"http:\/\/www.kariyer.net\/is-ilani\/istek-servis-egitim-tic-a-s-arsiv-elemani-1715762\" target=\"_blank\">Ba\u015fvur<\/a><\/p>\n<p style=\"text-align: center;\">________________________________________________________________<\/p>\n<hr \/>\n<p>Yenibosna Kuyumcukent&#8217;te 9-18 saatleri aras\u0131 haftada 3 g\u00fcn \u00e7al\u0131\u015fabilecek Bilgi ve Belge Y\u00f6netimi B\u00f6l\u00fcm\u00fc 2. veya 3. s\u0131n\u0131f \u00f6\u011frencileri aranmaktad\u0131r. Kurumun fiziksel ar\u015fivinin d\u00fczenlenmesi ve dijitalle\u015ftirme projesinde yer alacak ilgili arkada\u015flar\u0131n \u00f6zge\u00e7mi\u015flerini 1 Mart 2017 tarihine kadar<br \/>\ncigdemkacar@kuyas.com.tr e-posta adresine g\u00f6ndermeleri gerekmektedir.<br \/>\nKurumdan Not: Yemek+Yol+\u00d6zel Sa\u011fl\u0131k Sigortas\u0131 yap\u0131lmaktad\u0131r.<\/p>\n<p style=\"text-align: center;\">________________________________________________________________<\/p>\n<hr \/>\n<p>\u0130stanbul \u015eehir \u00dcniversitesi K\u00fct\u00fcphanesi 10 ayl\u0131k bir proje kapsam\u0131nda tam zamanl\u0131 olarak \u00e7al\u0131\u015ft\u0131r\u0131lmak \u00fczere matbu ve el yaz\u0131s\u0131 belgelerin transkripsiyonunu yapacak, ileri d\u00fczeyde Osmanl\u0131ca bilen bir uzman aramaktad\u0131r.<\/p>\n<p>Gerekti\u011finde katalog ve tasnif konular\u0131nda da yard\u0131m\u0131na ba\u015fvurulabilece\u011finden adaylar\u0131n bilgi ve belge y\u00f6netimi b\u00f6l\u00fcmlerinden mezun olmas\u0131, Arap\u00e7a ya da \u0130ngilizce d\u0131\u015f\u0131nda ikinci bir dil bilmesi tercih nedeni olacakt\u0131r.<\/p>\n<p>Ba\u015fvurular ayr\u0131nt\u0131l\u0131 bir CV ile birlikte kutuphane@sehir.edu.tr adresine g\u00f6nderilebilir.<\/p>\n<hr \/>\n<p style=\"text-align: center;\">________________________________________________________________<\/p>\n<p>Gemini LTD&#8217;nin K\u00fct\u00fcphanelerde kataloglama ve dijitalle\u015ftirme i\u015flerinde sorumlulu\u011fu payla\u015facak, bu konuda deneyime sahip, tecr\u00fcbeli(en az 5 y\u0131l) bir ekip liderine aranmaktad\u0131r.<br \/>\n\u0130lgilenenlerin Serap Akova ile direk olarak yaz\u0131\u015fmalar\u0131 rica olunur.<span class=\"text_exposed_show\"><br \/>\nSerap Akova<br \/>\nsakova@geminiltd.com.tr<br \/>\nGemini LTD.<br \/>\nTel: (90)216 464 3254- 464 33 00<\/span><\/p>\n<p style=\"text-align: center;\">________________________________________________________________<\/p>\n<hr \/>\n<p>Sabah 9 ak\u015fam 6 aras\u0131nda \u015fi\u015fli osmanbey de bir vak\u0131f k\u00fct\u00fcphanesinde ge\u00e7ici \u00e7al\u0131\u015fabilecek \u00f6\u011frenci ar\u0131yoruz. g\u00fcnler saatler duruma g\u00f6re ayarlanabilir. ilgilenenler guruf.betul@gmail.com adresine foto\u011frafl\u0131 cv g\u00f6nderebilirler.<\/p>\n<p>&nbsp;<\/p>\n","protected":false},"excerpt":{"rendered":"<p>Bilgi Merkezi Vardiya G\u00f6revlisi &#8211; Sabanc\u0131 \u00dcniversitesi \u0130stanbul(Asya) Ba\u015fvur ________________________________________________________________ K\u00fct\u00fcphane Sorumlusu\u00a0&#8211;\u00a0NUN Okullar\u0131 \u0130stanbul(Asya) Ba\u015fvur<\/p>\n","protected":false},"author":129,"featured_media":21099,"comment_status":"open","ping_status":"open","sticky":false,"template":"","format":"standard","meta":{"footnotes":""},"categories":[],"tags":[957,1393,958],"class_list":["post-21091","post","type-post","status-publish","format-standard","has-post-thumbnail","hentry","tag-bby-is","tag-bby-is-ilanlari-arsivi","tag-kutuphaneci-is-ilani"],"_links":{"self":[{"href":"https:\/\/www.bbyhaber.com\/bby\/wp-json\/wp\/v2\/posts\/21091"}],"collection":[{"href":"https:\/\/www.bbyhaber.com\/bby\/wp-json\/wp\/v2\/posts"}],"about":[{"href":"https:\/\/www.bbyhaber.com\/bby\/wp-json\/wp\/v2\/types\/post"}],"author":[{"embeddable":true,"href":"https:\/\/www.bbyhaber.com\/bby\/wp-json\/wp\/v2\/users\/129"}],"replies":[{"embeddable":true,"href":"https:\/\/www.bbyhaber.com\/bby\/wp-json\/wp\/v2\/comments?post=21091"}],"version-history":[{"count":12,"href":"https:\/\/www.bbyhaber.com\/bby\/wp-json\/wp\/v2\/posts\/21091\/revisions"}],"predecessor-version":[{"id":21127,"href":"https:\/\/www.bbyhaber.com\/bby\/wp-json\/wp\/v2\/posts\/21091\/revisions\/21127"}],"wp:featuredmedia":[{"embeddable":true,"href":"https:\/\/www.bbyhaber.com\/bby\/wp-json\/wp\/v2\/media\/21099"}],"wp:attachment":[{"href":"https:\/\/www.bbyhaber.com\/bby\/wp-json\/wp\/v2\/media?parent=21091"}],"wp:term":[{"taxonomy":"category","embeddable":true,"href":"https:\/\/www.bbyhaber.com\/bby\/wp-json\/wp\/v2\/categories?post=21091"},{"taxonomy":"post_tag","embeddable":true,"href":"https:\/\/www.bbyhaber.com\/bby\/wp-json\/wp\/v2\/tags?post=21091"}],"curies":[{"name":"wp","href":"https:\/\/api.w.org\/{rel}","templated":true}]}}