{"id":21084,"date":"2017-02-17T13:16:17","date_gmt":"2017-02-17T10:16:17","guid":{"rendered":"http:\/\/www.bbyhaber.com\/bby\/?p=21084"},"modified":"2017-02-17T13:16:45","modified_gmt":"2017-02-17T10:16:45","slug":"3-bin-nufuslu-ilceye-10-bin-kitaplik-iki-kutuphane","status":"publish","type":"post","link":"https:\/\/www.bbyhaber.com\/bby\/2017\/02\/17\/3-bin-nufuslu-ilceye-10-bin-kitaplik-iki-kutuphane","title":{"rendered":"3 bin n\u00fcfuslu il\u00e7eye 10 bin kitapl\u0131k iki k\u00fct\u00fcphane"},"content":{"rendered":"<p><img loading=\"lazy\" decoding=\"async\" class=\"alignleft size-medium wp-image-21085\" src=\"http:\/\/www.bbyhaber.com\/bby\/wp-content\/uploads\/2017\/02\/tunceli-ovacik-belediye-kutuphanesi-300x168.jpg\" alt=\"\" width=\"300\" height=\"168\" data-wp-pid=\"21085\" \/>Tunceli Ovac\u0131k Belediye Ba\u015fkan\u0131 Kom\u00fcnist Partili Fatih Mehmet Ma\u00e7o\u011flu, belediye binas\u0131 i\u00e7inde 10 bin kitapl\u0131k 2 k\u00fct\u00fcphane kurdu. Ba\u015fkan Ma\u00e7o\u011flu, &#8220;Belediye binam\u0131za kim girerse girsin, ilk kitapla kar\u015f\u0131la\u015facak. \u0130steyen herkes giri\u015f kap\u0131s\u0131n\u0131n yan\u0131ndaki k\u00fct\u00fcphanede, isterse ikinci kattaki k\u00fct\u00fcphanede istedi\u011fi kitaplar\u0131 al\u0131p orada veya evine g\u00f6t\u00fcr\u00fcp okuyabilir&#8221; dedi.<!--more--><\/p>\n<p>Ba\u015fkan Ma\u00e7o\u011flu, Belediye binas\u0131n\u0131n giri\u015fi ve 2&#8217;nci kat\u0131nda a\u00e7t\u0131\u011f\u0131 k\u00fct\u00fcphanelerin 24 saat boyunca isteyen herke a\u00e7\u0131k oldu\u011funu belirtirek, &#8220;Biz sadece halka hizmet i\u00e7in buraya se\u00e7ildik ve amac\u0131m\u0131z halk\u0131m\u0131z\u0131 memnun etmektir. Belediye binam\u0131za kim girerse girsin, ilk kitapla kar\u015f\u0131la\u015facak. \u0130steyen herkes giri\u015f kap\u0131s\u0131n\u0131n yan\u0131ndaki k\u00fct\u00fcphanede, isterse ikinci kattaki k\u00fct\u00fcphanede istedi\u011fi kitaplar\u0131 al\u0131p orada veya evine g\u00f6t\u00fcr\u00fcp okuyabilir. Bu k\u00fct\u00fcphaneler hem bizim, hem il\u00e7emiz ad\u0131na bir prestij meselesidir. Biz okuyan, ara\u015ft\u0131ran bir toplumuz. \u0130l\u00e7emizdeki herkes okumaya ara\u015ft\u0131rmaya \u00e7ok merakl\u0131. Biz Dersimlilerin aynas\u0131 e\u011fitimdir, okuyan bir toplumuz. Belediyemizdeki k\u00fct\u00fcphanemizi g\u00f6ren son derece mutlu oluyor ve gen\u00e7ler buraya \u00e7ok geliyor. \u0130kinci kattaki k\u00fct\u00fcphanemizde her t\u00fcrl\u00fc kitap var, gen\u00e7ler buraya gelerek bilgisayar ba\u015f\u0131nda ders \u00e7al\u0131\u015f\u0131yor ve \u00dcniversite ile KPSS s\u0131navlar\u0131na haz\u0131rlan\u0131yorlar&#8221; diye konu\u015ftu.<\/p>\n<p>Bina giri\u015fine k\u00fct\u00fcphane kuran ilk belediye olduklar\u0131n\u0131 belirten Ma\u00e7o\u011flu, &#8220;Bir \u00e7ok vatanda\u015f\u0131m\u0131z mesai saati d\u0131\u015f\u0131nda belediyeye gelerek oturup dinleniyor ve kitap okuyor. Baz\u0131lar\u0131 kitaplar\u0131 al\u0131p g\u00f6t\u00fcr\u00fcp evinde okuyor. Ayr\u0131ca T\u00fcrkiye&#8217;nin bir \u00e7ok yerinde ya\u015fayan duyarl\u0131 vatanda\u015flar k\u00fct\u00fcphanemizi \u00f6\u011frenmi\u015f ve s\u00fcrekli kolilerle kitap yolluyor&#8221; dedi.<\/p>\n<p><a href=\"http:\/\/www.sozcu.com.tr\/\" target=\"_blank\">Kaynak<\/a><\/p>\n","protected":false},"excerpt":{"rendered":"<p>Tunceli Ovac\u0131k Belediye Ba\u015fkan\u0131 Kom\u00fcnist Partili Fatih Mehmet Ma\u00e7o\u011flu, belediye binas\u0131 i\u00e7inde 10 bin kitapl\u0131k 2 k\u00fct\u00fcphane kurdu. Ba\u015fkan Ma\u00e7o\u011flu, &#8220;Belediye binam\u0131za kim girerse girsin, ilk kitapla kar\u015f\u0131la\u015facak. \u0130steyen herkes giri\u015f kap\u0131s\u0131n\u0131n yan\u0131ndaki k\u00fct\u00fcphanede, isterse ikinci kattaki k\u00fct\u00fcphanede istedi\u011fi kitaplar\u0131 al\u0131p orada veya evine g\u00f6t\u00fcr\u00fcp okuyabilir&#8221; dedi.<\/p>\n","protected":false},"author":1,"featured_media":21085,"comment_status":"open","ping_status":"open","sticky":false,"template":"","format":"standard","meta":{"footnotes":""},"categories":[],"tags":[1451],"class_list":["post-21084","post","type-post","status-publish","format-standard","has-post-thumbnail","hentry","tag-belediye-kutuphaneleri"],"_links":{"self":[{"href":"https:\/\/www.bbyhaber.com\/bby\/wp-json\/wp\/v2\/posts\/21084"}],"collection":[{"href":"https:\/\/www.bbyhaber.com\/bby\/wp-json\/wp\/v2\/posts"}],"about":[{"href":"https:\/\/www.bbyhaber.com\/bby\/wp-json\/wp\/v2\/types\/post"}],"author":[{"embeddable":true,"href":"https:\/\/www.bbyhaber.com\/bby\/wp-json\/wp\/v2\/users\/1"}],"replies":[{"embeddable":true,"href":"https:\/\/www.bbyhaber.com\/bby\/wp-json\/wp\/v2\/comments?post=21084"}],"version-history":[{"count":2,"href":"https:\/\/www.bbyhaber.com\/bby\/wp-json\/wp\/v2\/posts\/21084\/revisions"}],"predecessor-version":[{"id":21087,"href":"https:\/\/www.bbyhaber.com\/bby\/wp-json\/wp\/v2\/posts\/21084\/revisions\/21087"}],"wp:featuredmedia":[{"embeddable":true,"href":"https:\/\/www.bbyhaber.com\/bby\/wp-json\/wp\/v2\/media\/21085"}],"wp:attachment":[{"href":"https:\/\/www.bbyhaber.com\/bby\/wp-json\/wp\/v2\/media?parent=21084"}],"wp:term":[{"taxonomy":"category","embeddable":true,"href":"https:\/\/www.bbyhaber.com\/bby\/wp-json\/wp\/v2\/categories?post=21084"},{"taxonomy":"post_tag","embeddable":true,"href":"https:\/\/www.bbyhaber.com\/bby\/wp-json\/wp\/v2\/tags?post=21084"}],"curies":[{"name":"wp","href":"https:\/\/api.w.org\/{rel}","templated":true}]}}