{"id":21078,"date":"2017-02-17T12:01:21","date_gmt":"2017-02-17T09:01:21","guid":{"rendered":"http:\/\/www.bbyhaber.com\/bby\/?p=21078"},"modified":"2017-02-17T13:05:37","modified_gmt":"2017-02-17T10:05:37","slug":"belsinde-sezai-karakoc-kutuphanesi-hizmete-acildi","status":"publish","type":"post","link":"https:\/\/www.bbyhaber.com\/bby\/2017\/02\/17\/belsinde-sezai-karakoc-kutuphanesi-hizmete-acildi","title":{"rendered":"Belsin&#8217;de Sezai Karako\u00e7 K\u00fct\u00fcphanesi hizmete a\u00e7\u0131ld\u0131"},"content":{"rendered":"<p><img loading=\"lazy\" decoding=\"async\" class=\"size-medium wp-image-21079 alignleft\" src=\"http:\/\/www.bbyhaber.com\/bby\/wp-content\/uploads\/2017\/02\/belsinkutuphane-300x169.jpg\" alt=\"\" width=\"300\" height=\"169\" data-wp-pid=\"21079\" srcset=\"https:\/\/www.bbyhaber.com\/bby\/wp-content\/uploads\/2017\/02\/belsinkutuphane-300x169.jpg 300w, https:\/\/www.bbyhaber.com\/bby\/wp-content\/uploads\/2017\/02\/belsinkutuphane.jpg 590w\" sizes=\"(max-width: 300px) 100vw, 300px\" \/>KAYSER\u0130 B\u00fcy\u00fck\u015fehir Belediyesi taraf\u0131ndan Kayseri&#8217;ye kazand\u0131r\u0131lan 800 ki\u015filik k\u00fct\u00fcphanenin ard\u0131ndan, Belsin K\u00fct\u00fcphanesi de yenilenen \u00e7ehresiyle t\u00f6renle hizmete a\u00e7\u0131ld\u0131. T\u00f6rende ayr\u0131ca, Belsin KAYMEK Tesisleri\u2019nin a\u00e7\u0131l\u0131\u015f\u0131 da yap\u0131ld\u0131.<!--more--><\/p>\n<p>Belsin-Sezai Karako\u00e7 K\u00fct\u00fcphanesi\u2019nin a\u00e7\u0131l\u0131\u015f t\u00f6renine B\u00fcy\u00fck\u015fehir Belediye Ba\u015fkan\u0131 Mustafa \u00c7elik\u2019in yan\u0131 s\u0131ra Vali Vekili Mehmet Emin Avc\u0131, AK Parti \u0130l Ba\u015fkan\u0131 H\u00fcseyin Cahit \u00d6zden, Melikgazi Kaymakam\u0131 Erkaya Y\u0131r\u0131k, Melikgazi, \u0130ncesu, Hac\u0131lar ve B\u00fcnyan Belediye Ba\u015fkanlar\u0131, Cumhurba\u015fkanl\u0131\u011f\u0131 ve K\u00fclt\u00fcr Bakanl\u0131\u011f\u0131 K\u00fct\u00fcphaneler M\u00fcd\u00fcrleri, b\u00fcrokratlar ve vatanda\u015flar kat\u0131ld\u0131. B\u00fcy\u00fck\u015fehir Belediye Ba\u015fkan\u0131 Mustafa \u00c7elik, Kayseri\u2019yi &#8216;K\u00fct\u00fcphaneler \u015eehri&#8217; yapacaklar\u0131n\u0131 bildirdi. Bu hedef do\u011frultusunda yat\u0131r\u0131m yapmaya devam ettiklerini vurgulayan Ba\u015fkan \u00c7elik, \u201cBelsin k\u00fct\u00fcphanemiz, uzun y\u0131llar b\u00f6lge halk\u0131m\u0131za hizmet verdi. Ancak hem geli\u015fen \u015fartlara g\u00f6re modernize edilmesi hem de ihtiyaca cevap verebilmesi i\u00e7in b\u00fcy\u00fct\u00fclmesi gerekiyordu. Bu ama\u00e7la g\u00fczel bir proje haz\u0131rlayarak k\u0131sa s\u00fcrede bu mekan\u0131 hem modern bir k\u00fct\u00fcphane haline getirdik hem de kapasitesini iki kat art\u0131rd\u0131k. K\u00fct\u00fcphanemize de \u00fclkemizin yeti\u015ftirdi\u011fi en \u00f6nemli \u015fair, yazar ve d\u00fc\u015f\u00fcn\u00fcrlerden Sezai Karako\u00e7\u2019un ad\u0131n\u0131 verdik. Sezai Karako\u00e7 bir \u015fiirinde, (Bu d\u00fcnyada olup bitenlerin, Olup bitmemi\u015f olmas\u0131 i\u00e7in, Ne yap\u0131yorsun) diyor. Bu dizelerden hareketle ben de soruyorum. Biz bu k\u00fct\u00fcphaneleri yap\u0131yoruz, Peki siz ne yap\u0131yorsunuz? Hayat\u0131m\u0131za anlam katabilmemizin, bu d\u00fcnyay\u0131 \u00e7ok daha ya\u015fan\u0131l\u0131r bir hale getirebilmemizin yolu bu soruya cevap vermekten ge\u00e7iyor. Ve tabii ki d\u00fcnyada baz\u0131 \u015feyleri de\u011fi\u015ftirebilmek i\u00e7in kendimizi s\u00fcrekli yenilemekten. Bunun da en ba\u015fta yolu okumak, bilgilenmek ve bu bilgiyi en do\u011fru \u015fekilde kullanmak. \u0130\u015fte bu nedenle okumaya ve k\u00fct\u00fcphanelere \u00e7ok \u00f6nem veriyoruz\u201d dedi.<\/p>\n<p>Ba\u015fkan \u00c7elik, &#8221;24 saat a\u00e7\u0131k Kent K\u00fct\u00fcphanesi haline getirece\u011fimiz Meryem Ana Kilisesi&#8217;nin restorasyon \u00e7al\u0131\u015fmalar\u0131 da tamamland\u0131. Te\u015fhir-tanzim projemize ba\u015fl\u0131yoruz. Bu sene sonunda k\u00fct\u00fcphanemizi a\u00e7may\u0131 planl\u0131yoruz. T\u00fcrkiye genelinde ses getirecek bir k\u00fct\u00fcphane olacak. Daha \u00e7ok ihtisas k\u00fct\u00fcphanesi olarak hizmet verecek olan k\u00fct\u00fcphanemizde yakla\u015f\u0131k 50 bin kitap bulunacak. Ayr\u0131ca il\u00e7elerimizde de modern k\u00fct\u00fcphaneler olu\u015fturma projelerimizi hayata ge\u00e7irece\u011fiz. Talas\u2019a \u00e7ok modern bir k\u00fct\u00fcphane yapaca\u011f\u0131z. Kayseri\u2019yi okuyan \u015fehir yapmak ve gelecekte bu \u00e7al\u0131\u015fmam\u0131zla dua almak istiyoruz. Yapmas\u0131 bizden buralar\u0131 kullanmak sizlerden\u201d \u015feklinde konu\u015ftu.<\/p>\n<p>B\u00fcy\u00fck\u015fehir Belediyesi K\u00fclt\u00fcr ve Sosyal \u0130\u015fler Daire Ba\u015fkan\u0131 Salih \u00d6zg\u00f6nc\u00fc de, gelece\u011fe bir mum yakmak i\u00e7in bu yat\u0131r\u0131m\u0131 yapt\u0131klar\u0131n\u0131 s\u00f6yledi. K\u00fct\u00fcphanede bulunan birimler hakk\u0131nda da bilgi veren \u00d6zg\u00f6nc\u00fc, \u201c10 bin bas\u0131l\u0131 15 bin elektronik, 3 bin sesli olmak \u00fczere toplam 28 bin kitap, 50 dergi ve gazete, ferah ders \u00e7al\u0131\u015fma \u00fcniteleri, sesli \u00e7al\u0131\u015fma odalar\u0131, TV-sinema sistemleri, bilgisayar odas\u0131, \u015fifreli emanet dolaplar\u0131, masaj koltuklar\u0131, e\u011flenceli okuma \u00fcniteleri bulunuyor. K\u00fct\u00fcphanemizin hay\u0131rl\u0131 olmas\u0131n\u0131 diliyorum\u201d dedi.<\/p>\n<p>Melikgazi Belediye Ba\u015fkan\u0131 Memduh B\u00fcy\u00fckk\u0131l\u0131\u00e7 da yapt\u0131\u011f\u0131 konu\u015fmada, k\u00fct\u00fcphanenin \u00f6nemli bir ihtiyaca cevap verece\u011fini ifade ederek, \u201cB\u00fcy\u00fck\u015fehir Belediye Ba\u015fkan\u0131m\u0131za gen\u00e7lerimizin ihtiyac\u0131na cevap verecek b\u00f6yle bir tesisi b\u00f6lgemize kazand\u0131rd\u0131klar\u0131 i\u00e7in te\u015fekk\u00fcr ediyorum. Belsin b\u00f6lgesinde 100 bin n\u00fcfus ya\u015f\u0131yor ve 7 mahalle bulunuyor. Bu k\u00fct\u00fcphanemiz \u00f6nemli bir ihtiyac\u0131 giderecek. B\u00f6ylesine anlaml\u0131 bir yat\u0131r\u0131m gen\u00e7lerimiz buray\u0131 doldurursa daha da anlam kazan\u0131r. K\u00fct\u00fcphanemiz yeterli de\u011fil diyen gen\u00e7lerin bu mazereti art\u0131k sona erdi. Buray\u0131 canl\u0131 ve diri tutaca\u011f\u0131z\u201d diye konu\u015ftu.<\/p>\n<p>Konu\u015fmalar\u0131n ard\u0131ndan Belsin Sezai Karako\u00e7 K\u00fct\u00fcphanesi hizmete a\u00e7\u0131ld\u0131. B\u00fcy\u00fck\u015fehir Belediye Ba\u015fkan\u0131 Mustafa \u00c7elik, a\u00e7\u0131l\u0131\u015f\u0131n ard\u0131ndan kat\u0131l\u0131mc\u0131larla birlikte \u00f6nce Sezai Karako\u00e7 K\u00fct\u00fcphanesi\u2019ni sonras\u0131nda Gen\u00e7 KAYMEK tesislerini gezerek \u00f6\u011frenciler ve vatanda\u015flarla sohbet etti.<\/p>\n<p>&nbsp;<\/p>\n<p><a href=\"http:\/\/www.hurriyet.com.tr\/belsinde-kutuphane-ve-kaymek-tesisi-hizmete-ac-40368099\" target=\"_blank\">Kaynak<\/a><\/p>\n","protected":false},"excerpt":{"rendered":"<p>KAYSER\u0130 B\u00fcy\u00fck\u015fehir Belediyesi taraf\u0131ndan Kayseri&#8217;ye kazand\u0131r\u0131lan 800 ki\u015filik k\u00fct\u00fcphanenin ard\u0131ndan, Belsin K\u00fct\u00fcphanesi de yenilenen \u00e7ehresiyle t\u00f6renle hizmete a\u00e7\u0131ld\u0131. T\u00f6rende ayr\u0131ca, Belsin KAYMEK Tesisleri\u2019nin a\u00e7\u0131l\u0131\u015f\u0131 da yap\u0131ld\u0131.<\/p>\n","protected":false},"author":129,"featured_media":21079,"comment_status":"open","ping_status":"open","sticky":false,"template":"","format":"standard","meta":{"footnotes":""},"categories":[],"tags":[1451,955,956],"class_list":["post-21078","post","type-post","status-publish","format-standard","has-post-thumbnail","hentry","tag-belediye-kutuphaneleri","tag-belsin-kutuphanesi","tag-sezai-karakoc-kutuphanesi"],"_links":{"self":[{"href":"https:\/\/www.bbyhaber.com\/bby\/wp-json\/wp\/v2\/posts\/21078"}],"collection":[{"href":"https:\/\/www.bbyhaber.com\/bby\/wp-json\/wp\/v2\/posts"}],"about":[{"href":"https:\/\/www.bbyhaber.com\/bby\/wp-json\/wp\/v2\/types\/post"}],"author":[{"embeddable":true,"href":"https:\/\/www.bbyhaber.com\/bby\/wp-json\/wp\/v2\/users\/129"}],"replies":[{"embeddable":true,"href":"https:\/\/www.bbyhaber.com\/bby\/wp-json\/wp\/v2\/comments?post=21078"}],"version-history":[{"count":1,"href":"https:\/\/www.bbyhaber.com\/bby\/wp-json\/wp\/v2\/posts\/21078\/revisions"}],"predecessor-version":[{"id":21080,"href":"https:\/\/www.bbyhaber.com\/bby\/wp-json\/wp\/v2\/posts\/21078\/revisions\/21080"}],"wp:featuredmedia":[{"embeddable":true,"href":"https:\/\/www.bbyhaber.com\/bby\/wp-json\/wp\/v2\/media\/21079"}],"wp:attachment":[{"href":"https:\/\/www.bbyhaber.com\/bby\/wp-json\/wp\/v2\/media?parent=21078"}],"wp:term":[{"taxonomy":"category","embeddable":true,"href":"https:\/\/www.bbyhaber.com\/bby\/wp-json\/wp\/v2\/categories?post=21078"},{"taxonomy":"post_tag","embeddable":true,"href":"https:\/\/www.bbyhaber.com\/bby\/wp-json\/wp\/v2\/tags?post=21078"}],"curies":[{"name":"wp","href":"https:\/\/api.w.org\/{rel}","templated":true}]}}