{"id":21074,"date":"2017-02-17T11:57:58","date_gmt":"2017-02-17T08:57:58","guid":{"rendered":"http:\/\/www.bbyhaber.com\/bby\/?p=21074"},"modified":"2017-02-17T11:57:58","modified_gmt":"2017-02-17T08:57:58","slug":"adana-buyuksehir-belediyesinden-100-koy-okuluna-100-kutuphane","status":"publish","type":"post","link":"https:\/\/www.bbyhaber.com\/bby\/2017\/02\/17\/adana-buyuksehir-belediyesinden-100-koy-okuluna-100-kutuphane","title":{"rendered":"Adana B\u00fcy\u00fck\u015fehir Belediyesi&#8217;nden 100 K\u00f6y Okuluna 100 K\u00fct\u00fcphane"},"content":{"rendered":"<p><img loading=\"lazy\" decoding=\"async\" class=\"size-medium wp-image-21076 alignleft\" src=\"http:\/\/www.bbyhaber.com\/bby\/wp-content\/uploads\/2017\/02\/100koy100okul-300x160.jpg\" alt=\"\" width=\"300\" height=\"160\" data-wp-pid=\"21076\" srcset=\"https:\/\/www.bbyhaber.com\/bby\/wp-content\/uploads\/2017\/02\/100koy100okul-300x160.jpg 300w, https:\/\/www.bbyhaber.com\/bby\/wp-content\/uploads\/2017\/02\/100koy100okul-310x165.jpg 310w, https:\/\/www.bbyhaber.com\/bby\/wp-content\/uploads\/2017\/02\/100koy100okul-475x252.jpg 475w, https:\/\/www.bbyhaber.com\/bby\/wp-content\/uploads\/2017\/02\/100koy100okul.jpg 664w\" sizes=\"(max-width: 300px) 100vw, 300px\" \/>Adana B\u00fcy\u00fck\u015fehir Belediyesi, 100 k\u00f6y okuluna 100 K\u00fct\u00fcphane Projesi kapsam\u0131nda Feke il\u00e7esindeki ilkokul ve ortaokul \u00f6\u011frencilerine kitap, satran\u00e7 tak\u0131m\u0131, k\u0131rtasiye ve spor ayakkab\u0131 hediye etti.<\/p>\n<p><!--more--><br \/>\nAdana\u2019n\u0131n d\u00f6rt bir yan\u0131ndaki okullar\u0131n fiziki, altyap\u0131, \u00e7evre d\u00fczenlemesi ve spor alan\u0131 ihtiya\u00e7lar\u0131n\u0131 kar\u015f\u0131layarak e\u011fitime hizmet eden Adana B\u00fcy\u00fck\u015fehir Belediyesi, k\u0131rsal il\u00e7elerde hayat\u0131n zorluklar\u0131na ald\u0131rmadan okuma azimlerini ortaya koyan dar gelirli \u00f6\u011frencilerin de y\u00fcz\u00fcn\u00fc g\u00fcld\u00fcrd\u00fc. 100 k\u00f6y okuluna 100 K\u00fct\u00fcphane Projesi kapsam\u0131nda Feke il\u00e7esine ba\u011fl\u0131 k\u00f6ylere giden Adana B\u00fcy\u00fck\u015fehir Belediyesi b\u00fcrokratlar\u0131, ilkokul ve ortaokullar\u0131 ziyaret edip, t\u00fcm \u00f6\u011frencilere hikaye kitaplar\u0131, \u0130ngilizce \u00f6\u011fretici set, satran\u00e7 tak\u0131m\u0131, k\u0131rtasiye malzemeleri ve spor ayakkab\u0131 da\u011f\u0131tt\u0131.<\/p>\n<p>T\u00fcm \u00f6\u011frencilerin y\u00fcz\u00fc g\u00fcld\u00fc<br \/>\nAdana B\u00fcy\u00fck\u015fehir Belediye Ba\u015fkan\u0131 H\u00fcseyin S\u00f6zl\u00fc\u2019n\u00fcn talimatlar\u0131yla 100 k\u00f6y okuluna 100 K\u00fct\u00fcphane Projesi\u2019ni y\u00fcr\u00fcten Adana B\u00fcy\u00fck\u015fehir Belediyesi Gen\u00e7lik ve Spor Daire Ba\u015fkanl\u0131\u011f\u0131 ile Sa\u011fl\u0131k ve Sosyal Hizmetler Daire Ba\u015fkanl\u0131\u011f\u0131 b\u00fcrokratlar\u0131, Adana B\u00fcy\u00fck\u015fehir Belediye Meclisi \u00dcyesi Mehmet Yasa ile birlikte e\u011fitim yard\u0131m\u0131n\u0131 da\u011f\u0131tt\u0131. B\u00fcy\u00fck\u015fehir heyeti, Tokmanakl\u0131, Akoluk, Ali Ku\u015f\u00e7u ve Pa\u015fal\u0131 k\u00f6ylerindeki ilkokul ve ortaokullar\u0131 ziyaret etti. Fekeli miniklere Ba\u015fkan H\u00fcseyin S\u00f6zl\u00fc\u2019n\u00fcn selam ve sevgilerini ileten B\u00fcy\u00fck\u015fehir Belediyesi b\u00fcrokratlar\u0131, proje kapsam\u0131nda kitap, satran\u00e7 tak\u0131m\u0131, k\u0131rtasiye ve spor ayakkab\u0131lar\u0131n\u0131 da\u011f\u0131tt\u0131. Yeni ayakkab\u0131lar\u0131n\u0131 b\u00fcrokrat a\u011fabeylerinin yard\u0131m\u0131yla ayaklar\u0131na giyen \u00e7ocuklar\u0131n mutlulu\u011fu g\u00f6r\u00fclmeye de\u011ferdi.<\/p>\n<p>Minik y\u00fcreklerden S\u00f6zl\u00fc\u2019ye te\u015fekk\u00fcr<br \/>\nKitaplar\u0131n\u0131, satran\u00e7 tak\u0131mlar\u0131n\u0131, k\u0131rtasiye malzemelerini de alan \u00f6\u011frenciler, \u201cH\u00fcseyin amca \u00e7ok te\u015fekk\u00fcr ederiz\u201d diyerek Ba\u015fkan S\u00f6zl\u00fc\u2019ye selamlar\u0131n\u0131 g\u00f6nderdiler.<br \/>\n11 il\u00e7edeki Gen\u00e7lik Merkezleri\u2019nde gen\u00e7leri k\u00f6t\u00fc al\u0131\u015fkanl\u0131klardan uzak tutmak, dar gelirli ailelerin \u00e7ocuklar\u0131n\u0131n e\u011fitimde ya\u015fad\u0131\u011f\u0131 f\u0131rsat e\u015fitsizli\u011fini ortadan kald\u0131rmak amac\u0131yla \u00fccretsiz e\u011fitim veren, yeni neslin spor ve sanatla i\u00e7 i\u00e7e olmas\u0131n\u0131 sa\u011flayan Adana B\u00fcy\u00fck\u015fehir Belediyesi, 100 k\u00f6y okuluna 100 K\u00fct\u00fcphane Projesi\u2019ni di\u011fer il\u00e7elerde de s\u00fcrd\u00fcrecek.<\/p>\n<p>&nbsp;<\/p>\n<p><a href=\"http:\/\/www.iha.com.tr\/adana-haberleri\/100-koy-okuluna-100-kutuphane-adana-1624046\/\" target=\"_blank\">Kaynak<\/a><\/p>\n","protected":false},"excerpt":{"rendered":"<p>Adana B\u00fcy\u00fck\u015fehir Belediyesi, 100 k\u00f6y okuluna 100 K\u00fct\u00fcphane Projesi kapsam\u0131nda Feke il\u00e7esindeki ilkokul ve ortaokul \u00f6\u011frencilerine kitap, satran\u00e7 tak\u0131m\u0131, k\u0131rtasiye ve spor ayakkab\u0131 hediye etti.<\/p>\n","protected":false},"author":129,"featured_media":21076,"comment_status":"open","ping_status":"open","sticky":false,"template":"","format":"standard","meta":{"footnotes":""},"categories":[1],"tags":[954],"class_list":["post-21074","post","type-post","status-publish","format-standard","has-post-thumbnail","hentry","category-genel","tag-adana-buyuksehir-belediyesi"],"_links":{"self":[{"href":"https:\/\/www.bbyhaber.com\/bby\/wp-json\/wp\/v2\/posts\/21074"}],"collection":[{"href":"https:\/\/www.bbyhaber.com\/bby\/wp-json\/wp\/v2\/posts"}],"about":[{"href":"https:\/\/www.bbyhaber.com\/bby\/wp-json\/wp\/v2\/types\/post"}],"author":[{"embeddable":true,"href":"https:\/\/www.bbyhaber.com\/bby\/wp-json\/wp\/v2\/users\/129"}],"replies":[{"embeddable":true,"href":"https:\/\/www.bbyhaber.com\/bby\/wp-json\/wp\/v2\/comments?post=21074"}],"version-history":[{"count":1,"href":"https:\/\/www.bbyhaber.com\/bby\/wp-json\/wp\/v2\/posts\/21074\/revisions"}],"predecessor-version":[{"id":21077,"href":"https:\/\/www.bbyhaber.com\/bby\/wp-json\/wp\/v2\/posts\/21074\/revisions\/21077"}],"wp:featuredmedia":[{"embeddable":true,"href":"https:\/\/www.bbyhaber.com\/bby\/wp-json\/wp\/v2\/media\/21076"}],"wp:attachment":[{"href":"https:\/\/www.bbyhaber.com\/bby\/wp-json\/wp\/v2\/media?parent=21074"}],"wp:term":[{"taxonomy":"category","embeddable":true,"href":"https:\/\/www.bbyhaber.com\/bby\/wp-json\/wp\/v2\/categories?post=21074"},{"taxonomy":"post_tag","embeddable":true,"href":"https:\/\/www.bbyhaber.com\/bby\/wp-json\/wp\/v2\/tags?post=21074"}],"curies":[{"name":"wp","href":"https:\/\/api.w.org\/{rel}","templated":true}]}}