{"id":21071,"date":"2017-02-17T11:55:32","date_gmt":"2017-02-17T08:55:32","guid":{"rendered":"http:\/\/www.bbyhaber.com\/bby\/?p=21071"},"modified":"2017-02-17T13:06:00","modified_gmt":"2017-02-17T10:06:00","slug":"batmana-modern-il-halk-kutuphanesi","status":"publish","type":"post","link":"https:\/\/www.bbyhaber.com\/bby\/2017\/02\/17\/batmana-modern-il-halk-kutuphanesi","title":{"rendered":"Batman\u2019a modern \u0130l Halk k\u00fct\u00fcphanesi"},"content":{"rendered":"<p><img loading=\"lazy\" decoding=\"async\" class=\"size-medium wp-image-21072 alignleft\" src=\"http:\/\/www.bbyhaber.com\/bby\/wp-content\/uploads\/2017\/02\/batmana_modern_il_halk_kutuphanesi_h49287-300x145.jpg\" alt=\"\" width=\"300\" height=\"145\" data-wp-pid=\"21072\" srcset=\"https:\/\/www.bbyhaber.com\/bby\/wp-content\/uploads\/2017\/02\/batmana_modern_il_halk_kutuphanesi_h49287-300x145.jpg 300w, https:\/\/www.bbyhaber.com\/bby\/wp-content\/uploads\/2017\/02\/batmana_modern_il_halk_kutuphanesi_h49287.jpg 621w\" sizes=\"(max-width: 300px) 100vw, 300px\" \/>40 Y\u0131ll\u0131k \u0130l Halk K\u00fct\u00fcphanesinin y\u0131k\u0131m\u0131n\u0131n ard\u0131ndan K\u00fclt\u00fcr ve Turizm Bakanl\u0131\u011f\u0131\u2019n\u0131n bu y\u0131l Batman i\u00e7in programa ald\u0131rd\u0131\u011f\u0131 modern bina projesi haz\u0131r.<\/p>\n<p>\u0130HALE A\u015eAMASINDA<br \/>\nBatman\u2019a ihtiya\u00e7 vermeyen eski \u0130l Halk K\u00fct\u00fcphanesi binas\u0131n\u0131n yerine yap\u0131m\u0131 planlanan modern k\u00fct\u00fcphane i\u00e7in geri say\u0131m ba\u015flad\u0131. Projesi haz\u0131r olan k\u00fct\u00fcphanenin ihale a\u015famas\u0131nda oldu\u011funu belirten yetkililer; \u201cBatman\u2019\u0131n da aralar\u0131nda bulundu\u011fu birka\u00e7 il\u2019de yap\u0131lacak modern k\u00fct\u00fcphaneler, y\u0131l i\u00e7inde in\u015faat\u0131na ba\u015flan\u0131lacak. Batman \u0130l Halk K\u00fct\u00fcphanesi binas\u0131 kitap fig\u00fcr\u00fcn\u00fc and\u0131racak\u201d dediler.<!--more--><\/p>\n<p>OKUMA SALONLARI YETM\u0130YOR<br \/>\n\u0130l K\u00fclt\u00fcr ve Turizm M\u00fcd\u00fcrl\u00fc\u011f\u00fc\u2019nde \u00fc\u00e7 b\u00f6l\u00fcm\u00fcn yan\u0131 s\u0131ra cafe de ders \u00e7al\u0131\u015fan \u00f6\u011frencilere yetmiyor. Kap\u0131lar\u0131n\u0131 sonuna kadar okuyan \u00f6\u011frencilere a\u00e7t\u0131klar\u0131n\u0131 ifade eden K\u00fclt\u00fcr ve Turizm M\u00fcd\u00fcr\u00fc Mehmet \u0130hsan Aslanl\u0131, \u015f\u00f6yle konu\u015ftu; \u201cValimiz say\u0131n Ahmet Deniz\u2019in ba\u015flatt\u0131\u011f\u0131 \u2018Batman her yerde okuyor\u2019 kampanyas\u0131yla art\u0131k k\u00fct\u00fcphanemiz kapasitesinin \u00fczerinde \u00f6\u011frenci a\u011f\u0131rl\u0131yor. Bu tablo bizi mutlu ediyor. Batman okumakla an\u0131lmal\u0131.\u201d (Ali Arslan)<\/p>\n<p><a href=\"http:\/\/www.batmancagdas.com\/yasam\/batmana-modern-il-halk-kutuphanesi-h49287.html\" target=\"_blank\">Kaynak<\/a><\/p>\n","protected":false},"excerpt":{"rendered":"<p>40 Y\u0131ll\u0131k \u0130l Halk K\u00fct\u00fcphanesinin y\u0131k\u0131m\u0131n\u0131n ard\u0131ndan K\u00fclt\u00fcr ve Turizm Bakanl\u0131\u011f\u0131\u2019n\u0131n bu y\u0131l Batman i\u00e7in programa ald\u0131rd\u0131\u011f\u0131 modern bina projesi haz\u0131r. \u0130HALE A\u015eAMASINDA Batman\u2019a ihtiya\u00e7 vermeyen eski \u0130l Halk K\u00fct\u00fcphanesi binas\u0131n\u0131n yerine yap\u0131m\u0131 planlanan modern k\u00fct\u00fcphane i\u00e7in geri say\u0131m ba\u015flad\u0131. Projesi haz\u0131r olan k\u00fct\u00fcphanenin ihale a\u015famas\u0131nda oldu\u011funu belirten yetkililer; \u201cBatman\u2019\u0131n da aralar\u0131nda bulundu\u011fu birka\u00e7 il\u2019de [&hellip;]<\/p>\n","protected":false},"author":129,"featured_media":0,"comment_status":"open","ping_status":"open","sticky":false,"template":"","format":"standard","meta":{"footnotes":""},"categories":[1],"tags":[953],"class_list":["post-21071","post","type-post","status-publish","format-standard","hentry","category-genel","tag-batman-il-halk-kutuphanesi"],"_links":{"self":[{"href":"https:\/\/www.bbyhaber.com\/bby\/wp-json\/wp\/v2\/posts\/21071"}],"collection":[{"href":"https:\/\/www.bbyhaber.com\/bby\/wp-json\/wp\/v2\/posts"}],"about":[{"href":"https:\/\/www.bbyhaber.com\/bby\/wp-json\/wp\/v2\/types\/post"}],"author":[{"embeddable":true,"href":"https:\/\/www.bbyhaber.com\/bby\/wp-json\/wp\/v2\/users\/129"}],"replies":[{"embeddable":true,"href":"https:\/\/www.bbyhaber.com\/bby\/wp-json\/wp\/v2\/comments?post=21071"}],"version-history":[{"count":1,"href":"https:\/\/www.bbyhaber.com\/bby\/wp-json\/wp\/v2\/posts\/21071\/revisions"}],"predecessor-version":[{"id":21075,"href":"https:\/\/www.bbyhaber.com\/bby\/wp-json\/wp\/v2\/posts\/21071\/revisions\/21075"}],"wp:attachment":[{"href":"https:\/\/www.bbyhaber.com\/bby\/wp-json\/wp\/v2\/media?parent=21071"}],"wp:term":[{"taxonomy":"category","embeddable":true,"href":"https:\/\/www.bbyhaber.com\/bby\/wp-json\/wp\/v2\/categories?post=21071"},{"taxonomy":"post_tag","embeddable":true,"href":"https:\/\/www.bbyhaber.com\/bby\/wp-json\/wp\/v2\/tags?post=21071"}],"curies":[{"name":"wp","href":"https:\/\/api.w.org\/{rel}","templated":true}]}}