{"id":2107,"date":"2012-01-10T19:56:42","date_gmt":"2012-01-10T19:56:42","guid":{"rendered":"http:\/\/www.bbyhaber.com\/bby\/?p=2107"},"modified":"2012-03-23T07:02:44","modified_gmt":"2012-03-23T07:02:44","slug":"cukurova-5-kitap-fuari","status":"publish","type":"post","link":"https:\/\/www.bbyhaber.com\/bby\/2012\/01\/10\/cukurova-5-kitap-fuari","title":{"rendered":"\u00c7ukurova 5. Kitap Fuar\u0131"},"content":{"rendered":"<div style=\"text-align: justify;\">Y\u0131l\u0131n ilk kitap fuar\u0131 T\u00dcYAP Adana Uluslararas\u0131 Fuar ve Kongre Merkezi\u2019nde kap\u0131lar\u0131n\u0131 okurlara a\u00e7t\u0131. T\u00dcYAP Adana Fuarc\u0131l\u0131k A.\u015e., T\u00fcrkiye Yay\u0131nc\u0131lar Birli\u011fi, Adana B\u00fcy\u00fck\u015fehir Belediyesi ve Alt\u0131n Koza\u2019n\u0131n i\u015fbirli\u011fiyle d\u00fczenlenen Kitap Fuar\u0131na 200 yay\u0131n evi ve sivil toplum kurulu\u015flar\u0131 kat\u0131l\u0131yor. 10-15 Ocak tarihleri aras\u0131nda ger\u00e7ekle\u015fecek organizasyon kapsam\u0131nda panel, s\u00f6yle\u015fi, \u015fiir dinletisi gibi 50 k\u00fclt\u00fcr etkinli\u011fi ve imza g\u00fcnlerinde 300 yazar kitapseverlerle bulu\u015facak. Aralar\u0131nda Can D\u00fcndar, Zeynep Oral, Nasuh Mahruki, Beh\u00e7et \u00c7elik, Mine K\u0131r\u0131kkanat, Enver Aysever, Pakize \u00d6zcan, \u015e\u00fckr\u00fc Erba\u015f, Nil\u00fcfer Kuya\u015f, Nazl\u0131 Eray, Nermin Bezmen, Uykusuz Dergisi \u00e7izerleri ve pek \u00e7ok \u015fair, yazar ve bilim insan\u0131n\u0131n bulundu\u011fu davetliler 6 g\u00fcn s\u00fcresince okurlarla bir araya gelecek.<!--more--><\/div>\n<div style=\"text-align: justify;\">Fuar alan\u0131nda d\u00fczenlenen a\u00e7\u0131l\u0131\u015f t\u00f6reninde konu\u015fan K\u00fclt\u00fcr ve Turizm Bakanl\u0131\u011f\u0131 K\u00fct\u00fcphaneler ve Yay\u0131mlar Genel M\u00fcd\u00fcr\u00fc Onur Bilge Kula, T\u00dcYAP Kitap Fuar\u0131 gibi etkinliklerin toplumun uygarla\u015fmas\u0131na ortam haz\u0131rlad\u0131\u011f\u0131n\u0131 s\u00f6yledi. T\u00fcrkiye&#8217;nin bir edebiyat \u00fclkesi olarak tan\u0131t\u0131m\u0131n\u0131n son derece \u00f6nemli oldu\u011funu belirten Kula, \u201cBu alanda T\u00dcYAP gibi kurulu\u015flar bizim \u00e7al\u0131\u015fmalar\u0131m\u0131za \u00e7ok \u00f6nemli katk\u0131lar sa\u011fl\u0131yor. Bakanl\u0131k olarak ge\u00e7en y\u0131l Adana\u2019da Edebiyat M\u00fcze K\u00fct\u00fcphanesi a\u00e7aca\u011f\u0131m\u0131z\u0131 s\u00f6ylemi\u015ftik. Ya\u015far Kemal ad\u0131na a\u00e7may\u0131 d\u00fc\u015f\u00fcnm\u00fc\u015ft\u00fck, Ya\u015far Kemal birikimlerinin Karacao\u011flan&#8217;dan kaynakland\u0131\u011f\u0131n\u0131 s\u00f6yledi ve oras\u0131n\u0131n ismini Karacao\u011flan koymam\u0131z\u0131 istedi. Biz de kendisinin bu iste\u011fini kabul ettik.\u201d dedi. K\u00fct\u00fcphane \u00e7al\u0131\u015fmalar\u0131n\u0131n daha da \u00e7ekici hale gelebilmesi i\u00e7in bir \u00e7ocuk ve gen\u00e7lik k\u00fct\u00fcphanesi a\u00e7may\u0131 d\u00fc\u015f\u00fcnd\u00fcklerini belirten Kula, yerel y\u00f6neticilerin uygun mekan bulduklar\u0131 takdirde \u00e7al\u0131\u015fmalara ba\u015flayacaklar\u0131n\u0131 ifade etti.<\/div>\n<div style=\"text-align: justify;\"><a title=\"T\u00fcrkiye\u2019nin \u0130lk Okuma Haritas\u0131 \u00c7\u0131kt\u0131\" href=\"http:\/\/www.bbyhaber.com\/bby\/2011\/04\/19\/turkiyenin-ilk-okuma-haritasi-cikti\/\">OKUMA K\u00dcLT\u00dcR\u00dc HAR\u0130TASINI \u00c7IKARDIK<\/a><br \/>\nT\u00fcrkiye tarihinde ilk defa \u00e7ok geni\u015f bir alan ara\u015ft\u0131rmas\u0131 sonucu okuma k\u00fclt\u00fcr\u00fc haritas\u0131n\u0131 haz\u0131rlad\u0131klar\u0131n\u0131 dile getiren Kula, \u015f\u00f6yle devam etti: \u201cBu ara\u015ft\u0131rmaya g\u00f6re T\u00fcrkiye&#8217;de her insan 7.2 kitap okuyor. Kimi yerlerde 2, kimi yerlerde 20 kitap okuyorlar. Ortalamas\u0131 budur. Ders kitaplar\u0131 bunun d\u0131\u015f\u0131nda. \u015eimdi \u00fclkenin edebiyat haritas\u0131n\u0131 \u00e7\u0131kar\u0131yoruz. \u0130l il T\u00fcrkiye&#8217;de nerede hangi yazarlar hangi yap\u0131tlar, hangi edebiyat etkinlikleri, hangi edebiyat kurulu\u015flar\u0131 var toplu bir kitap i\u00e7inde art\u0131k herkesin hizmetine sunabilece\u011fiz.\u201d<\/div>\n<div style=\"text-align: justify;\">Edebiyat \u00fcretimine yazarlar\u0131 te\u015fvik etmek amac\u0131yla bir tak\u0131m \u00f6nlemler almay\u0131 d\u00fc\u015f\u00fcnd\u00fcklerine i\u015faret eden Kula, \u201cYay\u0131nevleri, ele\u015ftirmenler, uluslararas\u0131 kitap fuarlar\u0131 var. B\u00fct\u00fcn bunlar edebiyat sisteminin par\u00e7alar\u0131. Biz yay\u0131nc\u0131l\u0131k sekt\u00f6r\u00fcn\u00fcn hem g\u00fc\u00e7lenmesi, hem de \u00e7o\u011fulcu demokrasinin istemlerine cevap verecek yap\u0131y\u0131 da arz etmesi i\u00e7in gerekli \u00e7abalar\u0131 harc\u0131yoruz. K\u00fct\u00fcphanelerimize ald\u0131\u011f\u0131m\u0131z kitap say\u0131s\u0131n\u0131 \u00e7e\u015fitlendirdik. S\u00fcreli yay\u0131nlardan 270&#8217;e yak\u0131n al\u0131yoruz.\u201d diye konu\u015ftu.<\/div>\n<div style=\"text-align: justify;\">7\u201314 YA\u015e GRUBU \u00c7OCUKLAR K\u0130TAPLA TANI\u015eTI<br \/>\nT\u00fcrkiye Yay\u0131nc\u0131lar Birli\u011fi Ba\u015fkan\u0131 Metin Celal ise T\u00fcrkiye\u2019de ge\u00e7en y\u0131l 43 bin 201 \u00e7e\u015fit kitap yay\u0131nland\u0131\u011f\u0131n\u0131 ve toplam 493 milyon 469 bin 593 adet kitap \u00fcretildi\u011fini a\u00e7\u0131klad\u0131. \u00dclke n\u00fcfusunun 72 milyon 561 bin oldu\u011fu g\u00f6z \u00f6n\u00fcne al\u0131nd\u0131\u011f\u0131nda 2011&#8217;de ki\u015fi ba\u015f\u0131na d\u00fc\u015fen kitap adedinin 6,8 oldu\u011funu anlatan Celal, \u015funlar\u0131 s\u00f6yledi: \u201cGe\u00e7en y\u0131l bu say\u0131 5,6 idi. B\u00f6ylelikle yakla\u015f\u0131k T\u00fcrkiye&#8217;de yay\u0131nlanan kitap \u00e7e\u015fidinde 25,70, \u00fcretilen kitap adedinde y\u00fczde 20,84 art\u0131\u015f var. Ku\u015fkusuz burada en \u00f6nemli unsur, 7-14 ya\u015f grubundaki \u00e7ocuklar\u0131n kitapla tan\u0131\u015fmas\u0131d\u0131r. K\u00fclt\u00fcr ve Turizm Bakanl\u0131\u011f\u0131 K\u00fct\u00fcphaneler Genel M\u00fcd\u00fcrl\u00fc\u011f\u00fc ge\u00e7en y\u0131l \u00e7ok \u00f6nemli bir ara\u015ft\u0131rma yapt\u0131. Orada g\u00f6rd\u00fck ki d\u00fcnyada olmayan \u015fekilde T\u00fcrkiye&#8217;de ilk\u00f6\u011fretim \u00e7a\u011f\u0131ndaki \u00e7ocuklar\u0131m\u0131z yo\u011fun \u015fekilde kitap okuyor. Nitekim bunu fuarlarda da g\u00f6r\u00fcyoruz.\u201d Emniyetin ald\u0131\u011f\u0131 tedbirlerle korsan yay\u0131n \u00fcretiminde azalmalar\u0131n meydana geldi\u011fine dikkat \u00e7eken Metin Celal, bunun yasal kitap \u00fcretiminde art\u0131\u015f anlam\u0131na geldi\u011fini vurgulad\u0131. \u00dclkede hali haz\u0131rda 100 yazar, gazeteci ve bilim insan\u0131 hapiste oldu\u011funu savunan Celal, Ter\u00f6rle M\u00fccadele Yasas\u0131n\u0131n 6\u2019\u0131nc\u0131 ve 7. maddelerinin kald\u0131r\u0131lmas\u0131n\u0131 istedi.<\/div>\n<div style=\"text-align: justify;\">\n<p>K\u0130TAP FUARLARI Y\u00dcZ Y\u00dcZE KAR\u015eILA\u015eMAYI SA\u011eLIYOR<br \/>\nT\u00dcYAP K\u00fclt\u00fcr Fuarlar\u0131 Dan\u0131\u015fma Kurulu Ba\u015fkan\u0131 Do\u011fan H\u0131zlan ise bir okurun kitab\u0131n kapa\u011f\u0131n\u0131 g\u00f6rmeden, i\u00e7 sayfalar\u0131na bakmadan o eser hakk\u0131nda bir yarg\u0131ya varmayaca\u011f\u0131n\u0131 hat\u0131rlatt\u0131. H\u0131zlan, \u015funlar\u0131 kaydetti: \u201cKitap fuar\u0131n\u0131n birinci \u00f6zelli\u011fi de bu. Bundan \u00f6tesi de tan\u0131d\u0131\u011f\u0131n\u0131z yazarlar\u0131n, \u015fairlerin, romanc\u0131lar\u0131n kitaplar\u0131n\u0131 okuyorsunuz. Ama hi\u00e7 ku\u015fkusuz sizin de benim gibi orada \u00e7\u0131kan sorular\u0131n\u0131z var. Kendisini tan\u0131mak istiyorsunuz. Ayr\u0131ca, kitab\u0131n \u00f6tesinde ve arkas\u0131nda olan bir d\u00fcnyan\u0131n ayr\u0131nt\u0131lar\u0131n\u0131 da merak ediyorsunuz. Kitap fuarlar\u0131 bu y\u00fcz y\u00fcze kar\u015f\u0131la\u015fmay\u0131 sa\u011fl\u0131yor. Fuarlarda bir yazar\u0131 b\u00fct\u00fcn\u00fcyle g\u00f6rd\u00fc\u011f\u00fcn\u00fczde daha iyi bir edebi portre \u00e7izebilmeniz m\u00fcmk\u00fcn.\u201d<\/p>\n<p>T\u00dcRK\u0130YE&#8217;DE K\u0130\u015e\u0130 BA\u015eINA 6,8 K\u0130TAP D\u00dc\u015eMEKTED\u0130R<br \/>\nT\u00dcYAP K\u00fclt\u00fcr ve Sanat Fuarlar\u0131 Genel Koordinat\u00f6r\u00fc Deniz Kavuk\u00e7uo\u011flu ise yay\u0131nc\u0131lar birli\u011fiyle biz kitap fuarlar\u0131n\u0131 \u0130zmir, Bursa, Diyarbak\u0131r ve \u00c7ukurova&#8217;da d\u00fczenlediklerini aktard\u0131. Kavuk\u00e7uo\u011flu, \u201c\u00c7ok s\u00f6ylendi\u011fi gibi T\u00fcrk toplumu, az okuyan, kitaba k\u00fcsk\u00fcn bir topluluk de\u011fil. Y\u0131lda T\u00fcrkiye&#8217;de ki\u015fi ba\u015f\u0131na 6,8 kitap d\u00fc\u015fmektedir. H\u0131zla geli\u015fmekte olan bir \u00fclke i\u00e7in olduk\u00e7a iyi bir oran. \u00c7ocuk ya\u015flarda kitapla tan\u0131\u015fanlar, yar\u0131n\u0131n okurlar\u0131 olarak yeti\u015feceklerdir. Bu T\u00fcrkiye i\u00e7in b\u00fcy\u00fck bir kazan\u0131m. Ge\u00e7en y\u0131l 170 yay\u0131nevi kat\u0131lm\u0131\u015ft\u0131. Y\u00fczde 30 art\u0131\u015f g\u00f6stererek bu say\u0131 200&#8217;e ula\u015ft\u0131. B\u00f6ylece \u00e7ok daha fazla yay\u0131nevinin \u00fcr\u00fcnleri \u00c7ukuroval\u0131 kitapseverlerle bulu\u015fma imk\u00e2n\u0131 bulmu\u015f oldu.\u201d \u015feklinde konu\u015ftu.<\/p>\n<\/div>\n<div style=\"text-align: justify;\">Adana Valisi H\u00fcseyin Avni Co\u015f da \u00c7ukurova\u2019n\u0131n bir sanat ve k\u00fclt\u00fcr merkezi haline geldi\u011fine dikkat \u00e7ekti. Kentin bu \u00f6zelli\u011finin geli\u015fip peki\u015fmesinin en \u00f6nemli \u015fart\u0131n\u0131n kitaba olan dostlu\u011fun artmas\u0131ndan ge\u00e7ti\u011fini belirten Co\u015f, bu konuda kitap fuarlar\u0131n\u0131n \u00f6nemi \u00fczerinde durdu. Co\u015f, ildeki ilk ve orta ve y\u00fcksek \u00f6\u011fretimdeki yakla\u015f\u0131k 550 bin \u00f6\u011frencinin fuardan \u00fcst seviyede yararlanmas\u0131 i\u00e7in gerekenin yap\u0131laca\u011f\u0131n\u0131 bildirdi. T\u00dcYAP Adana Fuarc\u0131l\u0131k A.\u015e. Genel M\u00fcd\u00fcr\u00fc \u0130lhan Ers\u00f6zl\u00fc ise geride b\u0131rakt\u0131klar\u0131 5 y\u0131lda 7 bin 140 firmaya, 2.5 milyon ziyaret\u00e7iye hizmet verdiklerini hat\u0131rlatt\u0131. Milli E\u011fitim M\u00fcd\u00fcr\u00fc Abdulgaffur B\u00fcy\u00fckf\u0131rat ise g\u00fcn\u00fcm\u00fczde kitaplar\u0131n yerini internetin ald\u0131\u011f\u0131n\u0131 dile getirdi. B\u00fcy\u00fckf\u0131rat, kitap fuar\u0131n\u0131n Adana i\u00e7in b\u00fcy\u00fck bir f\u0131rsat oldu\u011funu s\u00f6zlerine ekledi. Konu\u015fmalar\u0131n ard\u0131ndan fuar a\u00e7\u0131l\u0131\u015f\u0131 yap\u0131l\u0131p, stantlar ziyaret edildi. \u00c7ukurova 5. Kitap Fuar\u0131 10-14 Ocak 2012 tarihleri aras\u0131nda 10.30-20.30, kapan\u0131\u015f g\u00fcn\u00fc olan 15 Ocak 2012 tarihinde ise 10.30-20.00 saatleri aras\u0131nda ziyaret edilebilir. Fuarlara giri\u015f \u00fccretsizdir.<\/div>\n<div style=\"text-align: justify;\">Kaynak : http:\/\/www.haber3.com\/<\/div>\n","protected":false},"excerpt":{"rendered":"<p>Y\u0131l\u0131n ilk kitap fuar\u0131 T\u00dcYAP Adana Uluslararas\u0131 Fuar ve Kongre Merkezi\u2019nde kap\u0131lar\u0131n\u0131 okurlara a\u00e7t\u0131. T\u00dcYAP Adana Fuarc\u0131l\u0131k A.\u015e., T\u00fcrkiye Yay\u0131nc\u0131lar Birli\u011fi, Adana B\u00fcy\u00fck\u015fehir Belediyesi ve Alt\u0131n Koza\u2019n\u0131n i\u015fbirli\u011fiyle d\u00fczenlenen Kitap Fuar\u0131na 200 yay\u0131n evi ve sivil toplum kurulu\u015flar\u0131 kat\u0131l\u0131yor. 10-15 Ocak tarihleri aras\u0131nda ger\u00e7ekle\u015fecek organizasyon kapsam\u0131nda panel, s\u00f6yle\u015fi, \u015fiir dinletisi gibi 50 k\u00fclt\u00fcr etkinli\u011fi ve [&hellip;]<\/p>\n","protected":false},"author":1,"featured_media":0,"comment_status":"open","ping_status":"open","sticky":false,"template":"","format":"standard","meta":{"footnotes":""},"categories":[1,1493],"tags":[],"class_list":["post-2107","post","type-post","status-publish","format-standard","hentry","category-genel","category-kitap-fuarlari-2"],"_links":{"self":[{"href":"https:\/\/www.bbyhaber.com\/bby\/wp-json\/wp\/v2\/posts\/2107"}],"collection":[{"href":"https:\/\/www.bbyhaber.com\/bby\/wp-json\/wp\/v2\/posts"}],"about":[{"href":"https:\/\/www.bbyhaber.com\/bby\/wp-json\/wp\/v2\/types\/post"}],"author":[{"embeddable":true,"href":"https:\/\/www.bbyhaber.com\/bby\/wp-json\/wp\/v2\/users\/1"}],"replies":[{"embeddable":true,"href":"https:\/\/www.bbyhaber.com\/bby\/wp-json\/wp\/v2\/comments?post=2107"}],"version-history":[{"count":0,"href":"https:\/\/www.bbyhaber.com\/bby\/wp-json\/wp\/v2\/posts\/2107\/revisions"}],"wp:attachment":[{"href":"https:\/\/www.bbyhaber.com\/bby\/wp-json\/wp\/v2\/media?parent=2107"}],"wp:term":[{"taxonomy":"category","embeddable":true,"href":"https:\/\/www.bbyhaber.com\/bby\/wp-json\/wp\/v2\/categories?post=2107"},{"taxonomy":"post_tag","embeddable":true,"href":"https:\/\/www.bbyhaber.com\/bby\/wp-json\/wp\/v2\/tags?post=2107"}],"curies":[{"name":"wp","href":"https:\/\/api.w.org\/{rel}","templated":true}]}}