{"id":21066,"date":"2017-02-14T09:15:51","date_gmt":"2017-02-14T06:15:51","guid":{"rendered":"http:\/\/www.bbyhaber.com\/bby\/?p=21066"},"modified":"2017-02-14T09:16:24","modified_gmt":"2017-02-14T06:16:24","slug":"trabzonda-ilkokul-ogrencilerine-yonelik-kucuk-yazarlar-projesi","status":"publish","type":"post","link":"https:\/\/www.bbyhaber.com\/bby\/2017\/02\/14\/trabzonda-ilkokul-ogrencilerine-yonelik-kucuk-yazarlar-projesi","title":{"rendered":"Trabzon&#8217;da \u0130lkokul \u00d6\u011frencilerine Y\u00f6nelik &#8220;K\u00fc\u00e7\u00fck Yazarlar Projesi&#8217;"},"content":{"rendered":"<p><img loading=\"lazy\" decoding=\"async\" class=\"alignleft size-medium wp-image-21067\" src=\"http:\/\/www.bbyhaber.com\/bby\/wp-content\/uploads\/2017\/02\/trabzon-da-ilkokul-ogrencilerine-yonelik-kucu-300x199.jpg\" alt=\"\" width=\"300\" height=\"199\" data-wp-pid=\"21067\" srcset=\"https:\/\/www.bbyhaber.com\/bby\/wp-content\/uploads\/2017\/02\/trabzon-da-ilkokul-ogrencilerine-yonelik-kucu-300x199.jpg 300w, https:\/\/www.bbyhaber.com\/bby\/wp-content\/uploads\/2017\/02\/trabzon-da-ilkokul-ogrencilerine-yonelik-kucu-310x205.jpg 310w, https:\/\/www.bbyhaber.com\/bby\/wp-content\/uploads\/2017\/02\/trabzon-da-ilkokul-ogrencilerine-yonelik-kucu.jpg 640w\" sizes=\"(max-width: 300px) 100vw, 300px\" \/>Trabzon \u0130l Halk K\u00fct\u00fcphanesi M\u00fcd\u00fcrl\u00fc\u011f\u00fcnce 2013 y\u0131l\u0131nda hayata ge\u00e7irilen &#8220;K\u00fc\u00e7\u00fck Yazarlar&#8221; projesi kapsam\u0131nda Ortahisar \u00dclk\u00fc \u0130lk\u00f6\u011fretim Okulu \u00f6\u011fretmen ve \u00f6\u011frencileri Trabzon \u0130l K\u00fclt\u00fcr ve Turizm M\u00fcd\u00fcrl\u00fc\u011f\u00fc&#8217;n\u00fc ziyaret etti. \u0130l K\u00fclt\u00fcr ve Turizm M\u00fcd\u00fcr Vekili Ali Ayvazo\u011flu, projeden duydu\u011fu memnuniyeti dile getirerek &#8220;Trabzon her \u015feyi ile \u00f6nc\u00fc olan illerden biri. K\u00fc\u00e7\u00fck yazarlar projesinden \u00f6nc\u00fc olmas\u0131ndan \u00f6t\u00fcr\u00fc \u00e7ok mutlu oldu\u011fumuzu ifade etmek isterim.<!--more--> Projenin hedefi, k\u00fc\u00e7\u00fck ya\u015ftaki okuyucu gruplar\u0131n\u0131n k\u00fct\u00fcphane kullan\u0131mlar\u0131ndaki devaml\u0131l\u0131\u011f\u0131 sa\u011flamak, gen\u00e7 ya\u015ftaki kullan\u0131c\u0131lar\u0131 yazmaya te\u015fvik etmek, yazarlar\u0131m\u0131z\u0131n tan\u0131t\u0131m\u0131n\u0131 sa\u011flayarak halkla i\u00e7 i\u00e7e bulunmalar\u0131na destek vermek ve k\u00fct\u00fcphaneden yararlanacak kullan\u0131c\u0131 kitlesinin geli\u015fmesini sa\u011flamak&#8221; dedi.<\/p>\n<p>\u0130l Halk K\u00fct\u00fcphanesi M\u00fcd\u00fcr\u00fc Ahmet Emin Akg\u00fcn de hedeflerinin, \u00e7ocuklar\u0131n yazmaya ilgisini art\u0131rarak okuma al\u0131\u015fkanl\u0131\u011f\u0131 kazanmak oldu\u011funu ifade ederek &#8220;K\u00fc\u00e7\u00fck Yazarlar Projesini 2013 y\u0131l\u0131nda ba\u015flatm\u0131\u015ft\u0131k. Bast\u0131\u011f\u0131m\u0131z eseri bakanl\u0131\u011f\u0131m\u0131za ba\u011fl\u0131 bin 326 k\u00fct\u00fcphaneye g\u00f6nderdik. Bizim projemizden sonra hemen hemen 81 ilde bu projeye benzer projeler \u00fcretilmeye ba\u015fland\u0131. K\u00fct\u00fcphane haftas\u0131 i\u00e7erisinde eseri bas\u0131p T\u00fcrkiye geneline da\u011f\u0131tmay\u0131 d\u00fc\u015f\u00fcn\u00fcyoruz. Amac\u0131m\u0131z \u00e7ocuklar\u0131m\u0131z\u0131 ders olarak de\u011fil de etkinliklerle tan\u0131\u015ft\u0131rarak daha fazla sosyal aktiviteler kazand\u0131rmak&#8221; diye konu\u015ftu.<\/p>\n<p><a href=\"http:\/\/www.haberler.com\" target=\"_blank\">Kaynak<\/a><\/p>\n","protected":false},"excerpt":{"rendered":"<p>Trabzon \u0130l Halk K\u00fct\u00fcphanesi M\u00fcd\u00fcrl\u00fc\u011f\u00fcnce 2013 y\u0131l\u0131nda hayata ge\u00e7irilen &#8220;K\u00fc\u00e7\u00fck Yazarlar&#8221; projesi kapsam\u0131nda Ortahisar \u00dclk\u00fc \u0130lk\u00f6\u011fretim Okulu \u00f6\u011fretmen ve \u00f6\u011frencileri Trabzon \u0130l K\u00fclt\u00fcr ve Turizm M\u00fcd\u00fcrl\u00fc\u011f\u00fc&#8217;n\u00fc ziyaret etti. \u0130l K\u00fclt\u00fcr ve Turizm M\u00fcd\u00fcr Vekili Ali Ayvazo\u011flu, projeden duydu\u011fu memnuniyeti dile getirerek &#8220;Trabzon her \u015feyi ile \u00f6nc\u00fc olan illerden biri. K\u00fc\u00e7\u00fck yazarlar projesinden \u00f6nc\u00fc olmas\u0131ndan \u00f6t\u00fcr\u00fc [&hellip;]<\/p>\n","protected":false},"author":1,"featured_media":21067,"comment_status":"open","ping_status":"open","sticky":false,"template":"","format":"standard","meta":{"footnotes":""},"categories":[1],"tags":[],"class_list":["post-21066","post","type-post","status-publish","format-standard","has-post-thumbnail","hentry","category-genel"],"_links":{"self":[{"href":"https:\/\/www.bbyhaber.com\/bby\/wp-json\/wp\/v2\/posts\/21066"}],"collection":[{"href":"https:\/\/www.bbyhaber.com\/bby\/wp-json\/wp\/v2\/posts"}],"about":[{"href":"https:\/\/www.bbyhaber.com\/bby\/wp-json\/wp\/v2\/types\/post"}],"author":[{"embeddable":true,"href":"https:\/\/www.bbyhaber.com\/bby\/wp-json\/wp\/v2\/users\/1"}],"replies":[{"embeddable":true,"href":"https:\/\/www.bbyhaber.com\/bby\/wp-json\/wp\/v2\/comments?post=21066"}],"version-history":[{"count":2,"href":"https:\/\/www.bbyhaber.com\/bby\/wp-json\/wp\/v2\/posts\/21066\/revisions"}],"predecessor-version":[{"id":21069,"href":"https:\/\/www.bbyhaber.com\/bby\/wp-json\/wp\/v2\/posts\/21066\/revisions\/21069"}],"wp:featuredmedia":[{"embeddable":true,"href":"https:\/\/www.bbyhaber.com\/bby\/wp-json\/wp\/v2\/media\/21067"}],"wp:attachment":[{"href":"https:\/\/www.bbyhaber.com\/bby\/wp-json\/wp\/v2\/media?parent=21066"}],"wp:term":[{"taxonomy":"category","embeddable":true,"href":"https:\/\/www.bbyhaber.com\/bby\/wp-json\/wp\/v2\/categories?post=21066"},{"taxonomy":"post_tag","embeddable":true,"href":"https:\/\/www.bbyhaber.com\/bby\/wp-json\/wp\/v2\/tags?post=21066"}],"curies":[{"name":"wp","href":"https:\/\/api.w.org\/{rel}","templated":true}]}}