{"id":21060,"date":"2017-02-13T17:11:58","date_gmt":"2017-02-13T14:11:58","guid":{"rendered":"http:\/\/www.bbyhaber.com\/bby\/?p=21060"},"modified":"2017-02-13T17:15:59","modified_gmt":"2017-02-13T14:15:59","slug":"kutuphanenin-kaloriferini-kadin-mudur-yakiyor","status":"publish","type":"post","link":"https:\/\/www.bbyhaber.com\/bby\/2017\/02\/13\/kutuphanenin-kaloriferini-kadin-mudur-yakiyor","title":{"rendered":"K\u00fct\u00fcphanenin kaloriferini kad\u0131n m\u00fcd\u00fcr yak\u0131yor"},"content":{"rendered":"<p><b><img loading=\"lazy\" decoding=\"async\" class=\"alignleft size-medium wp-image-21061\" src=\"http:\/\/www.bbyhaber.com\/bby\/wp-content\/uploads\/2017\/02\/kutuphane-kalorifer-300x150.jpg\" alt=\"\" width=\"300\" height=\"150\" data-wp-pid=\"21061\" srcset=\"https:\/\/www.bbyhaber.com\/bby\/wp-content\/uploads\/2017\/02\/kutuphane-kalorifer-300x150.jpg 300w, https:\/\/www.bbyhaber.com\/bby\/wp-content\/uploads\/2017\/02\/kutuphane-kalorifer.jpg 660w\" sizes=\"(max-width: 300px) 100vw, 300px\" \/><\/b>BALIKEKS\u0130R&#8217;in Ayval\u0131k il\u00e7esi&#8217;nde a\u00e7\u0131lan kalorifer ate\u015f\u00e7ili\u011fi kursunu ba\u015far\u0131yla tamamlayan Ay\u015feg\u00fcl \u00d6ncel \u015eahin (48), 4 y\u0131ld\u0131r m\u00fcd\u00fcr\u00fc oldu\u011fu Ayval\u0131k \u0130l\u00e7e Halk K\u00fct\u00fcphanesi&#8217;nin kaloriferlerini kendisi yak\u0131yor.<b> Ayval\u0131k Mesleki E\u011fitim Merkezi&#8217;nin<\/b> &#8216;S\u0131v\u0131 yak\u0131t kalorifer ate\u015f\u00e7ili\u011fi&#8217; kursu tamamland\u0131. Kursun \u00f6nceki y\u0131llardan fark\u0131 ise bu y\u0131l i\u00e7lerinde bir kad\u0131n kursiyerin de bulunmas\u0131yd\u0131. Cumartesi ve Pazar g\u00fcnleri d\u00f6rder saat olmak \u00fczere toplam 32 saat s\u00fcren kurs, bu y\u0131l 21 ki\u015fiyle ba\u015flad\u0131, ancak kursu 9 ki\u015fi tamamlad\u0131. Kursu tamamlayarak belgesini alanlar aras\u0131nda <b>Ayval\u0131k \u0130l\u00e7e Halk K\u00fct\u00fcphanesi M\u00fcd\u00fcr\u00fc Ayg\u00fcl \u00d6ncel \u015eahin de<\/b> yer ald\u0131. Adnan \u00c7ak\u0131ro\u011flu&#8217;nun e\u011fitmenli\u011finde d\u00fczenlenen kursa hafta sonlar\u0131ndan feragat ederek kat\u0131lan M\u00fcd\u00fcr \u015eahin&#8217;i e\u015fi turist rehberi Ahmet \u015eahin de yaln\u0131z b\u0131rakmad\u0131.<!--more--><\/p>\n<p><b>KAZAN TEM\u0130ZLED\u0130, PAR\u00c7ALARI S\u00d6K\u00dcP TAKMAYI \u00d6\u011eREND\u0130<\/b><\/p>\n<p>4 hafta teorik e\u011fitimin ard\u0131ndan kalorifer dairesinde uygulamalara kat\u0131lan Ayg\u00fcl \u00d6ncel \u015eahin, k\u00fct\u00fcphanesinin kalorifer dairesinde de ger\u00e7ekle\u015ftirilen uygulamalar s\u0131ras\u0131nda 3 saat s\u00fcreyle kazan temizli\u011fi bile yapt\u0131. Kazan\u0131 ate\u015flemeyi sa\u011flayan par\u00e7alar\u0131 tek tek s\u00f6kmeyi, temizlemeyi ve tekrar takmay\u0131 \u00f6\u011frenen \u015eahin, i\u015f g\u00fcvenli\u011fi a\u00e7\u0131s\u0131ndan gerekli t\u00fcm detaylar\u0131 \u00f6\u011frenerek k\u00fct\u00fcphane kaloriferlerini yakmaya ba\u015flad\u0131.<\/p>\n<p>Kursa, k\u00fct\u00fcphane personelini ve kitap okumaya gelenleri so\u011fukta b\u0131rakmamak i\u00e7in <b>&#8216;\u0130\u015f ba\u015fa d\u00fc\u015ft\u00fc&#8217;<\/b> diyerek ba\u015flad\u0131\u011f\u0131 belirtilen M\u00fcd\u00fcr \u015eahin, her sabah erkenden binaya geldi\u011finde ilk i\u015f olarak kaloriferleri yak\u0131yor. Mesleki E\u011fitim Merkezi&#8217;nin, bug\u00fcne kadar 276 kursiyer i\u00e7in 12 kat\u0131 yak\u0131t kalorifer ate\u015f\u00e7ili\u011fi kursu d\u00fczenledi\u011fi belirtildi.<\/p>\n<p><a href=\"http:\/\/www.memurlar.net\" target=\"_blank\">Kaynak<\/a><\/p>\n","protected":false},"excerpt":{"rendered":"<p>BALIKEKS\u0130R&#8217;in Ayval\u0131k il\u00e7esi&#8217;nde a\u00e7\u0131lan kalorifer ate\u015f\u00e7ili\u011fi kursunu ba\u015far\u0131yla tamamlayan Ay\u015feg\u00fcl \u00d6ncel \u015eahin (48), 4 y\u0131ld\u0131r m\u00fcd\u00fcr\u00fc oldu\u011fu Ayval\u0131k \u0130l\u00e7e Halk K\u00fct\u00fcphanesi&#8217;nin kaloriferlerini kendisi yak\u0131yor. Ayval\u0131k Mesleki E\u011fitim Merkezi&#8217;nin &#8216;S\u0131v\u0131 yak\u0131t kalorifer ate\u015f\u00e7ili\u011fi&#8217; kursu tamamland\u0131. Kursun \u00f6nceki y\u0131llardan fark\u0131 ise bu y\u0131l i\u00e7lerinde bir kad\u0131n kursiyerin de bulunmas\u0131yd\u0131. Cumartesi ve Pazar g\u00fcnleri d\u00f6rder saat olmak \u00fczere [&hellip;]<\/p>\n","protected":false},"author":1,"featured_media":21061,"comment_status":"open","ping_status":"open","sticky":false,"template":"","format":"standard","meta":{"footnotes":""},"categories":[1],"tags":[],"class_list":["post-21060","post","type-post","status-publish","format-standard","has-post-thumbnail","hentry","category-genel"],"_links":{"self":[{"href":"https:\/\/www.bbyhaber.com\/bby\/wp-json\/wp\/v2\/posts\/21060"}],"collection":[{"href":"https:\/\/www.bbyhaber.com\/bby\/wp-json\/wp\/v2\/posts"}],"about":[{"href":"https:\/\/www.bbyhaber.com\/bby\/wp-json\/wp\/v2\/types\/post"}],"author":[{"embeddable":true,"href":"https:\/\/www.bbyhaber.com\/bby\/wp-json\/wp\/v2\/users\/1"}],"replies":[{"embeddable":true,"href":"https:\/\/www.bbyhaber.com\/bby\/wp-json\/wp\/v2\/comments?post=21060"}],"version-history":[{"count":2,"href":"https:\/\/www.bbyhaber.com\/bby\/wp-json\/wp\/v2\/posts\/21060\/revisions"}],"predecessor-version":[{"id":21063,"href":"https:\/\/www.bbyhaber.com\/bby\/wp-json\/wp\/v2\/posts\/21060\/revisions\/21063"}],"wp:featuredmedia":[{"embeddable":true,"href":"https:\/\/www.bbyhaber.com\/bby\/wp-json\/wp\/v2\/media\/21061"}],"wp:attachment":[{"href":"https:\/\/www.bbyhaber.com\/bby\/wp-json\/wp\/v2\/media?parent=21060"}],"wp:term":[{"taxonomy":"category","embeddable":true,"href":"https:\/\/www.bbyhaber.com\/bby\/wp-json\/wp\/v2\/categories?post=21060"},{"taxonomy":"post_tag","embeddable":true,"href":"https:\/\/www.bbyhaber.com\/bby\/wp-json\/wp\/v2\/tags?post=21060"}],"curies":[{"name":"wp","href":"https:\/\/api.w.org\/{rel}","templated":true}]}}