{"id":21026,"date":"2017-02-10T13:07:22","date_gmt":"2017-02-10T10:07:22","guid":{"rendered":"http:\/\/www.bbyhaber.com\/bby\/?p=21026"},"modified":"2017-02-10T13:13:08","modified_gmt":"2017-02-10T10:13:08","slug":"21026","status":"publish","type":"post","link":"https:\/\/www.bbyhaber.com\/bby\/2017\/02\/10\/21026","title":{"rendered":"K\u00fct\u00fcphanede yeni d\u00f6nem"},"content":{"rendered":"<p><img loading=\"lazy\" decoding=\"async\" class=\"alignleft size-medium wp-image-21027\" src=\"http:\/\/www.bbyhaber.com\/bby\/wp-content\/uploads\/2017\/02\/kutuphanede-yeni-donem-300x159.jpg\" alt=\"\" width=\"300\" height=\"159\" data-wp-pid=\"21027\" srcset=\"https:\/\/www.bbyhaber.com\/bby\/wp-content\/uploads\/2017\/02\/kutuphanede-yeni-donem-300x159.jpg 300w, https:\/\/www.bbyhaber.com\/bby\/wp-content\/uploads\/2017\/02\/kutuphanede-yeni-donem-310x165.jpg 310w, https:\/\/www.bbyhaber.com\/bby\/wp-content\/uploads\/2017\/02\/kutuphanede-yeni-donem-475x252.jpg 475w, https:\/\/www.bbyhaber.com\/bby\/wp-content\/uploads\/2017\/02\/kutuphanede-yeni-donem-600x315.jpg 600w, https:\/\/www.bbyhaber.com\/bby\/wp-content\/uploads\/2017\/02\/kutuphanede-yeni-donem.jpg 625w\" sizes=\"(max-width: 300px) 100vw, 300px\" \/>Binlerce \u00f6\u011frenciye ve halk\u0131m\u0131za hizmet veren Vakf\u0131kebir Halk K\u00fct\u00fcphanesi memurlu\u011fu g\u00f6revine atanarak g\u00f6revine ba\u015flayan Levent Ba\u015f K\u00fct\u00fcphaneler ile ilgili yapt\u0131\u011f\u0131 a\u00e7\u0131klamada \u015funlar\u0131 s\u00f6yledi.<!--more--><\/p>\n<p>\u201cK\u00dcT\u00dcPHANELER\u0130N \u00d6NEM\u0130\u201d<\/p>\n<p>Levent Ba\u015f; \u201c\u0130nsanlar\u0131n hayat\u0131nda oldu\u011fu gibi toplumlar\u0131n ya\u015fam\u0131nda da \u00f6nemli olaylar, keskin d\u00f6neme\u00e7ler vard\u0131r. Bunlar insan kitlelerini derinden sarsarlar ve b\u00fcy\u00fck toplumsal de\u011fi\u015fmelere neden olurlar. 15. y\u00fczy\u0131l\u0131n ikinci yar\u0131s\u0131nda matbaan\u0131n icad\u0131 ile uygarl\u0131k ve k\u00fclt\u00fcr tarihi ba\u015flam\u0131\u015f, bilgi ve d\u00fc\u015f\u00fcnceler yery\u00fcz\u00fcne h\u0131zla yay\u0131lm\u0131\u015f, kitap yarat\u0131lm\u0131\u015ft\u0131r. Matbaa olmasayd\u0131 kitap da olmazd\u0131. Dolay\u0131s\u0131yla matbaa olmasayd\u0131 k\u00fct\u00fcphaneler de olmazd\u0131. Okumak insanlar i\u00e7in en yararl\u0131 en zevkli ve yeti\u015ftirici bir al\u0131\u015fkanl\u0131kt\u0131r. Ayd\u0131n olman\u0131n gere\u011fidir bu. G\u00fcne\u015f d\u00fcnyay\u0131, kitap insanlar\u0131 ayd\u0131nlat\u0131r. Bir ulusun d\u00fc\u015f\u00fcnsel kalk\u0131nmas\u0131nda k\u00fct\u00fcphanelerin oynayaca\u011f\u0131 roller, okullar\u0131n g\u00f6revleri kadar \u00f6nemlidir. Bu nedenle k\u00fct\u00fcphanelerimizin \u00e7ok olmas\u0131 ve k\u00fct\u00fcphanecilerimizin \u00e7ok iyi yeti\u015ftirilmesi gerekir. \u00c7ocuklara okuma zevki verebilmede, gen\u00e7lerin yeti\u015fmesinde ve bir \u00fclkenin kalk\u0131nmas\u0131nda kitaplar\u0131n ve k\u00fct\u00fcphanenin ne kadar \u00f6nemli oldu\u011fu herkes\u00e7e bilinmektedir. Halk k\u00fct\u00fcphaneleri ise yaln\u0131zca \u00f6\u011frencilere de\u011fil, okul d\u0131\u015f\u0131nda olanlara, okulla ilgileri kesilenlere k\u0131saca herkese her t\u00fcrl\u00fc bilgiyi verebilecek kurulu\u015flard\u0131r. Son y\u0131llardaki teknolojik geli\u015fmeler de toplumu etkilemi\u015f, bilgi \u00f6n plana \u00e7\u0131km\u0131\u015f ve bilgiyi elinde tutan toplum g\u00fcc\u00fc yakalam\u0131\u015ft\u0131r. Bilgi toplumunun i\u00e7ine dahil olabilen \u00fclkeler, k\u00fct\u00fcphanelerin \u00f6zellikle de halk k\u00fct\u00fcphanelerinin \u00f6neminin fark\u0131na vararak bu k\u00fct\u00fcphanelerin g\u00fcn\u00fcm\u00fczdeki yenilikleri yakalayabilmesi ad\u0131na bir\u00e7ok projeler geli\u015ftirmi\u015flerdir. Bu projeler, k\u00fct\u00fcphanelerin bilgi toplumundaki \u00f6neminin g\u00f6stergesidir. Bizler de bir ulusun bilim, sanat ve edebiyat alan\u0131nda, teknik konularda olu\u015fturdu\u011fu her \u00e7e\u015fit bilgi kayna\u011f\u0131n\u0131 toplayarak ku\u015faktan ku\u015fa\u011fa hizmet sunan bu ulusal hazinelerin de\u011ferini bilmeli ve bu hazinelerden yararlanmal\u0131y\u0131z.\u201d dedi.<\/p>\n<p>\u201cLEVENT BA\u015e K\u0130MD\u0130R?\u201d<\/p>\n<p>Levent Ba\u015f; \u201c04.10.1988 y\u0131l\u0131nda Vakf\u0131kebir il\u00e7esinde do\u011fdu. \u0130lk ve orta \u00f6\u011fretimini 1994-2002 y\u0131llar\u0131 aras\u0131nda Yal\u0131k\u00f6y ilk\u00f6\u011fretim okulunda yapt\u0131. Liseyi ise 2002-2006 y\u0131llar\u0131 aras\u0131nda Vakf\u0131kebir Lisesinde tamamlad\u0131. Daha sonra 2008-2012 y\u0131llar\u0131 aras\u0131nda <strong>Erzurum Atat\u00fcrk \u00dcniversitesi Edebiyat Fak\u00fcltesi Bilgi ve Belge Y\u00f6netimi B\u00f6l\u00fcm\u00fcn\u00fc (K\u00fct\u00fcphanecilik-Ar\u015fivcilik)<\/strong> <strong>dereceyle bitirdi<\/strong>. Mezun olduktan sonra Giresun \u0130l Halk K\u00fct\u00fcphanesine K\u00fct\u00fcphaneci olarak atand\u0131. Giresun \u0130l Halk K\u00fct\u00fcphanesinde 3 y\u0131l k\u00fct\u00fcphanecilik ve 1 y\u0131l m\u00fcd\u00fcr yard\u0131mc\u0131l\u0131\u011f\u0131 g\u00f6revlerinde bulunduktan sonra naklen tayin ile Be\u015fikd\u00fcz\u00fc il\u00e7esi Halk K\u00fct\u00fcphanesine ge\u00e7i\u015f yapt\u0131. Be\u015fikd\u00fcz\u00fc il\u00e7e Halk K\u00fct\u00fcphanesinde 6 ay g\u00f6rev yapt\u0131ktan sonra naklen tayinle birlikte Vakf\u0131kebir il\u00e7esi Halk K\u00fct\u00fcphanesindeki g\u00f6revine atanarak g\u00f6revine ba\u015flad\u0131\u201d<\/p>\n<p><a href=\"http:\/\/www.buyuklimanpostasi.com\" target=\"_blank\" rel=\"nofollow\">Kaynak<\/a><\/p>\n","protected":false},"excerpt":{"rendered":"<p>Binlerce \u00f6\u011frenciye ve halk\u0131m\u0131za hizmet veren Vakf\u0131kebir Halk K\u00fct\u00fcphanesi memurlu\u011fu g\u00f6revine atanarak g\u00f6revine ba\u015flayan Levent Ba\u015f K\u00fct\u00fcphaneler ile ilgili yapt\u0131\u011f\u0131 a\u00e7\u0131klamada \u015funlar\u0131 s\u00f6yledi.<\/p>\n","protected":false},"author":1,"featured_media":21027,"comment_status":"open","ping_status":"open","sticky":false,"template":"","format":"standard","meta":{"footnotes":""},"categories":[1],"tags":[],"class_list":["post-21026","post","type-post","status-publish","format-standard","has-post-thumbnail","hentry","category-genel"],"_links":{"self":[{"href":"https:\/\/www.bbyhaber.com\/bby\/wp-json\/wp\/v2\/posts\/21026"}],"collection":[{"href":"https:\/\/www.bbyhaber.com\/bby\/wp-json\/wp\/v2\/posts"}],"about":[{"href":"https:\/\/www.bbyhaber.com\/bby\/wp-json\/wp\/v2\/types\/post"}],"author":[{"embeddable":true,"href":"https:\/\/www.bbyhaber.com\/bby\/wp-json\/wp\/v2\/users\/1"}],"replies":[{"embeddable":true,"href":"https:\/\/www.bbyhaber.com\/bby\/wp-json\/wp\/v2\/comments?post=21026"}],"version-history":[{"count":2,"href":"https:\/\/www.bbyhaber.com\/bby\/wp-json\/wp\/v2\/posts\/21026\/revisions"}],"predecessor-version":[{"id":21029,"href":"https:\/\/www.bbyhaber.com\/bby\/wp-json\/wp\/v2\/posts\/21026\/revisions\/21029"}],"wp:featuredmedia":[{"embeddable":true,"href":"https:\/\/www.bbyhaber.com\/bby\/wp-json\/wp\/v2\/media\/21027"}],"wp:attachment":[{"href":"https:\/\/www.bbyhaber.com\/bby\/wp-json\/wp\/v2\/media?parent=21026"}],"wp:term":[{"taxonomy":"category","embeddable":true,"href":"https:\/\/www.bbyhaber.com\/bby\/wp-json\/wp\/v2\/categories?post=21026"},{"taxonomy":"post_tag","embeddable":true,"href":"https:\/\/www.bbyhaber.com\/bby\/wp-json\/wp\/v2\/tags?post=21026"}],"curies":[{"name":"wp","href":"https:\/\/api.w.org\/{rel}","templated":true}]}}