{"id":21019,"date":"2017-02-09T13:02:07","date_gmt":"2017-02-09T10:02:07","guid":{"rendered":"http:\/\/www.bbyhaber.com\/bby\/?p=21019"},"modified":"2017-02-14T08:45:14","modified_gmt":"2017-02-14T05:45:14","slug":"universite-kutuphanelerinin-abone-oldugu-e-yayinlar-gorme-engelliler-icin-uygun-mu","status":"publish","type":"post","link":"https:\/\/www.bbyhaber.com\/bby\/2017\/02\/09\/universite-kutuphanelerinin-abone-oldugu-e-yayinlar-gorme-engelliler-icin-uygun-mu","title":{"rendered":"\u00dcniversite k\u00fct\u00fcphanelerinin abone oldu\u011fu e-yay\u0131nlar g\u00f6rme engelliler i\u00e7in uygun mu?"},"content":{"rendered":"<p><img loading=\"lazy\" decoding=\"async\" class=\"alignleft size-medium wp-image-21021\" src=\"http:\/\/www.bbyhaber.com\/bby\/wp-content\/uploads\/2017\/02\/gorme-engellilericin-ekran-okuyucu-300x151.jpg\" alt=\"\" width=\"300\" height=\"151\" data-wp-pid=\"21021\" srcset=\"https:\/\/www.bbyhaber.com\/bby\/wp-content\/uploads\/2017\/02\/gorme-engellilericin-ekran-okuyucu-300x151.jpg 300w, https:\/\/www.bbyhaber.com\/bby\/wp-content\/uploads\/2017\/02\/gorme-engellilericin-ekran-okuyucu.jpg 580w\" sizes=\"(max-width: 300px) 100vw, 300px\" \/>Bir \u00fcniversitenin g\u00f6rme engelli biriminde g\u00f6revli bir arkada\u015f\u0131m\u0131z, \u00fcniversitelerin abone oldu\u011fu baz\u0131 veritabanlar\u0131n\u0131n g\u00f6rme engelliler i\u00e7in eri\u015filebilir\u00a0olmad\u0131\u011f\u0131n\u0131 dile getiriyor ve g\u00f6rme engelli \u00f6\u011frencilerin ekran okuyucular\u0131yla faydalanabilece\u011fi \u015fekilde eri\u015filebilir olmas\u0131 gerekti\u011fini belirtiyor. Bu arkada\u015f\u0131m\u0131z\u0131n g\u00f6rme engellilerin mail listesine g\u00f6ndermi\u015f oldu\u011fu a\u015fa\u011f\u0131daki mesaj\u0131 sizlerle payla\u015fmak istiyor ve ANKOS y\u00f6netiminin konuyla ilgilenmesini rica ediyoruz.<!--more--><\/p>\n<p>&#8220;\u015eimdi bizim \u00fcniversite k\u00fct\u00fcphanesine ald\u0131\u011f\u0131m\u0131z e-yay\u0131nlar ANKOS\u00a0diye bir olu\u015fumun belirledi\u011fi baz\u0131 standartlara g\u00f6re yap\u0131l\u0131yormu\u015f. Ben de diyorum ki <strong>bu standartlar aras\u0131na e-yay\u0131nlar\u0131n ekran okuyucular\u0131yla eri\u015filebilir olmas\u0131 da eklensin<\/strong>. Bunun i\u00e7in neler yap\u0131labilir? Engelsiz \u00fcniversiteler \u00e7al\u0131\u015ftay\u0131nda bizi temsilen bir ki\u015finin se\u00e7ilerek ANKOS&#8217;un y\u0131ll\u0131k toplant\u0131lar\u0131nda ekran okuyucularla eri\u015filebilirlik konusunda bir sunum yapmas\u0131 sa\u011flanabilir mi? Burada, beni b\u00f6yle bir talebe g\u00f6t\u00fcren esas sebep \u00fcniversitelerin d\u0131\u015far\u0131dan hizmet al\u0131m\u0131yla sat\u0131n ald\u0131klar\u0131 web sayfalar\u0131nda eri\u015filebilirlik kriterine hi\u00e7 dikkat edilmiyor olmas\u0131d\u0131r. Biliyorsunuz, kamu kurumlar\u0131n\u0131n web sayfalar\u0131n\u0131n eri\u015filebilir olmas\u0131yla ilgili, hatta nas\u0131l eri\u015filebilir hale getirilece\u011fiyle ilgili resmi gazetede yay\u0131mlanan belli standartlar var. biz burada bir kamu kurumunun web sayfas\u0131 eri\u015filebilir olmad\u0131\u011f\u0131nda bu resmi gazetenin ilgili say\u0131s\u0131n\u0131 g\u00f6stererek talebimizin yasal bir zorunluluk oldu\u011funu beyan ediyoruz; ancak web sayfas\u0131 d\u0131\u015far\u0131dan hizmet al\u0131m\u0131 yoluyla al\u0131nm\u0131\u015fsa burada hi\u00e7bir standart s\u00f6z konusu olmuyor. Bizim ad\u0131m ad\u0131m bu sorunlar\u0131 \u00e7\u00f6zmemiz gerekti\u011fini g\u00f6steriyor. Burada <strong>k\u00fct\u00fcphanelerin d\u0131\u015far\u0131dan hizmet al\u0131m\u0131yla sat\u0131n ald\u0131\u011f\u0131 e-yay\u0131nlarda eri\u015filebilirli\u011fin sa\u011flanmas\u0131 ilk ad\u0131m\u0131m\u0131z olabilir.<\/strong>\u00a0Daha sonra \u00fcniversitelerin d\u0131\u015far\u0131dan hizmet al\u0131m\u0131yla sat\u0131n ald\u0131\u011f\u0131 b\u00fct\u00fcn web sayfalar\u0131nda ekran okuyucularla eri\u015filebilirli\u011fi zorunlu hale getirmenin bir yolu y\u00f6ntemi bulunur diye d\u00fc\u015f\u00fcn\u00fcyor uzun uzun okudu\u011funuz i\u00e7in te\u015fekk\u00fcr ediyorum.&#8221;<\/p>\n","protected":false},"excerpt":{"rendered":"<p>Bir \u00fcniversitenin g\u00f6rme engelli biriminde g\u00f6revli bir arkada\u015f\u0131m\u0131z, \u00fcniversitelerin abone oldu\u011fu baz\u0131 veritabanlar\u0131n\u0131n g\u00f6rme engelliler i\u00e7in eri\u015filebilir\u00a0olmad\u0131\u011f\u0131n\u0131 dile getiriyor ve g\u00f6rme engelli \u00f6\u011frencilerin ekran okuyucular\u0131yla faydalanabilece\u011fi \u015fekilde eri\u015filebilir olmas\u0131 gerekti\u011fini belirtiyor. Bu arkada\u015f\u0131m\u0131z\u0131n g\u00f6rme engellilerin mail listesine g\u00f6ndermi\u015f oldu\u011fu a\u015fa\u011f\u0131daki mesaj\u0131 sizlerle payla\u015fmak istiyor ve ANKOS y\u00f6netiminin konuyla ilgilenmesini rica ediyoruz.<\/p>\n","protected":false},"author":1,"featured_media":21021,"comment_status":"open","ping_status":"open","sticky":false,"template":"","format":"standard","meta":{"footnotes":""},"categories":[1487],"tags":[1437],"class_list":["post-21019","post","type-post","status-publish","format-standard","has-post-thumbnail","hentry","category-gorme-engelli-kutuphane","tag-univ-arastirma-kutuphaneleri"],"_links":{"self":[{"href":"https:\/\/www.bbyhaber.com\/bby\/wp-json\/wp\/v2\/posts\/21019"}],"collection":[{"href":"https:\/\/www.bbyhaber.com\/bby\/wp-json\/wp\/v2\/posts"}],"about":[{"href":"https:\/\/www.bbyhaber.com\/bby\/wp-json\/wp\/v2\/types\/post"}],"author":[{"embeddable":true,"href":"https:\/\/www.bbyhaber.com\/bby\/wp-json\/wp\/v2\/users\/1"}],"replies":[{"embeddable":true,"href":"https:\/\/www.bbyhaber.com\/bby\/wp-json\/wp\/v2\/comments?post=21019"}],"version-history":[{"count":3,"href":"https:\/\/www.bbyhaber.com\/bby\/wp-json\/wp\/v2\/posts\/21019\/revisions"}],"predecessor-version":[{"id":21024,"href":"https:\/\/www.bbyhaber.com\/bby\/wp-json\/wp\/v2\/posts\/21019\/revisions\/21024"}],"wp:featuredmedia":[{"embeddable":true,"href":"https:\/\/www.bbyhaber.com\/bby\/wp-json\/wp\/v2\/media\/21021"}],"wp:attachment":[{"href":"https:\/\/www.bbyhaber.com\/bby\/wp-json\/wp\/v2\/media?parent=21019"}],"wp:term":[{"taxonomy":"category","embeddable":true,"href":"https:\/\/www.bbyhaber.com\/bby\/wp-json\/wp\/v2\/categories?post=21019"},{"taxonomy":"post_tag","embeddable":true,"href":"https:\/\/www.bbyhaber.com\/bby\/wp-json\/wp\/v2\/tags?post=21019"}],"curies":[{"name":"wp","href":"https:\/\/api.w.org\/{rel}","templated":true}]}}