{"id":21014,"date":"2017-02-08T09:12:32","date_gmt":"2017-02-08T06:12:32","guid":{"rendered":"http:\/\/www.bbyhaber.com\/bby\/?p=21014"},"modified":"2017-02-09T07:43:46","modified_gmt":"2017-02-09T04:43:46","slug":"dunyada-bir-ilk-buzdan-kutuphane-yaptilar","status":"publish","type":"post","link":"https:\/\/www.bbyhaber.com\/bby\/2017\/02\/08\/dunyada-bir-ilk-buzdan-kutuphane-yaptilar","title":{"rendered":"D\u00fcnya\u2019da bir ilk, buzdan k\u00fct\u00fcphane yapt\u0131lar"},"content":{"rendered":"<p><img loading=\"lazy\" decoding=\"async\" class=\"alignleft size-medium wp-image-21015\" src=\"http:\/\/www.bbyhaber.com\/bby\/wp-content\/uploads\/2017\/02\/dunyada_bir_ilk_buzdan_kutuphane_yaptilar-300x184.jpg\" alt=\"\" width=\"300\" height=\"184\" data-wp-pid=\"21015\" srcset=\"https:\/\/www.bbyhaber.com\/bby\/wp-content\/uploads\/2017\/02\/dunyada_bir_ilk_buzdan_kutuphane_yaptilar-300x184.jpg 300w, https:\/\/www.bbyhaber.com\/bby\/wp-content\/uploads\/2017\/02\/dunyada_bir_ilk_buzdan_kutuphane_yaptilar.jpg 652w\" sizes=\"(max-width: 300px) 100vw, 300px\" \/>Baykal G\u00f6l\u00fc k\u0131y\u0131s\u0131nda a\u00e7\u0131lan d\u00fcnyan\u0131n ilk buzdan k\u00fct\u00fcphanesine Rusya\u2019dan ve d\u00fcnyadan bir\u00e7ok ziyaret\u00e7iyi bir araya getirdi. K\u00fct\u00fcphanede, 420 kitaptan toplam 1000\u2019i a\u015fk\u0131n al\u0131nt\u0131 yer al\u0131yor. D\u00fcnyan\u0131n ilk buzdan k\u00fct\u00fcphanesi, \u00fczerinde al\u0131nt\u0131lar olan labirent \u015feklinde duvarlardan ve d\u00fcnyan\u0131n bir\u00e7ok yerinden okurun<!--more--> k\u00fct\u00fcphanede yer almas\u0131n\u0131 diledi\u011fi al\u0131nt\u0131lardan olu\u015fuyor. Duvarlar\u0131nda \u0130ngilizce, Rus\u00e7a, \u00c7ince ve Korece gibi bir\u00e7ok dildeki kitaplardan al\u0131nt\u0131lar bulunan k\u00fct\u00fcphane, Nisan ay\u0131nda buzlar eriyene kadar ziyaret edilebilecek.<\/p>\n<p><a href=\"http:\/\/www.ensonhaber.com\/\" target=\"_blank\">Kaynak<\/a><\/p>\n<p><a href=\"http:\/\/tr.euronews.com\/2017\/02\/06\/baykal-golu-kiyisinda-buzdan-kutuphane\" target=\"_blank\">Video i\u00e7in t\u0131klay\u0131n\u0131z<\/a><\/p>\n","protected":false},"excerpt":{"rendered":"<p>Baykal G\u00f6l\u00fc k\u0131y\u0131s\u0131nda a\u00e7\u0131lan d\u00fcnyan\u0131n ilk buzdan k\u00fct\u00fcphanesine Rusya\u2019dan ve d\u00fcnyadan bir\u00e7ok ziyaret\u00e7iyi bir araya getirdi. K\u00fct\u00fcphanede, 420 kitaptan toplam 1000\u2019i a\u015fk\u0131n al\u0131nt\u0131 yer al\u0131yor. D\u00fcnyan\u0131n ilk buzdan k\u00fct\u00fcphanesi, \u00fczerinde al\u0131nt\u0131lar olan labirent \u015feklinde duvarlardan ve d\u00fcnyan\u0131n bir\u00e7ok yerinden okurun<\/p>\n","protected":false},"author":1,"featured_media":21015,"comment_status":"open","ping_status":"open","sticky":false,"template":"","format":"standard","meta":{"footnotes":""},"categories":[],"tags":[1410],"class_list":["post-21014","post","type-post","status-publish","format-standard","has-post-thumbnail","hentry","tag-uluslararasi-kutuphane-haberleri"],"_links":{"self":[{"href":"https:\/\/www.bbyhaber.com\/bby\/wp-json\/wp\/v2\/posts\/21014"}],"collection":[{"href":"https:\/\/www.bbyhaber.com\/bby\/wp-json\/wp\/v2\/posts"}],"about":[{"href":"https:\/\/www.bbyhaber.com\/bby\/wp-json\/wp\/v2\/types\/post"}],"author":[{"embeddable":true,"href":"https:\/\/www.bbyhaber.com\/bby\/wp-json\/wp\/v2\/users\/1"}],"replies":[{"embeddable":true,"href":"https:\/\/www.bbyhaber.com\/bby\/wp-json\/wp\/v2\/comments?post=21014"}],"version-history":[{"count":3,"href":"https:\/\/www.bbyhaber.com\/bby\/wp-json\/wp\/v2\/posts\/21014\/revisions"}],"predecessor-version":[{"id":21018,"href":"https:\/\/www.bbyhaber.com\/bby\/wp-json\/wp\/v2\/posts\/21014\/revisions\/21018"}],"wp:featuredmedia":[{"embeddable":true,"href":"https:\/\/www.bbyhaber.com\/bby\/wp-json\/wp\/v2\/media\/21015"}],"wp:attachment":[{"href":"https:\/\/www.bbyhaber.com\/bby\/wp-json\/wp\/v2\/media?parent=21014"}],"wp:term":[{"taxonomy":"category","embeddable":true,"href":"https:\/\/www.bbyhaber.com\/bby\/wp-json\/wp\/v2\/categories?post=21014"},{"taxonomy":"post_tag","embeddable":true,"href":"https:\/\/www.bbyhaber.com\/bby\/wp-json\/wp\/v2\/tags?post=21014"}],"curies":[{"name":"wp","href":"https:\/\/api.w.org\/{rel}","templated":true}]}}