{"id":2101,"date":"2012-01-09T20:26:09","date_gmt":"2012-01-09T17:26:09","guid":{"rendered":"http:\/\/www.bbyhaber.com\/bby\/?p=2101"},"modified":"2013-01-14T13:16:15","modified_gmt":"2013-01-14T11:16:15","slug":"tkgmden-osmanli-cografyasi-kulturel-arsiv-mirasinin-yonetimi-ve-tapu-arsivlerinin-rolu-uluslararasi-kongresi","status":"publish","type":"post","link":"https:\/\/www.bbyhaber.com\/bby\/2012\/01\/09\/tkgmden-osmanli-cografyasi-kulturel-arsiv-mirasinin-yonetimi-ve-tapu-arsivlerinin-rolu-uluslararasi-kongresi","title":{"rendered":"TKGM&#8217;den Osmanl\u0131 Co\u011frafyas\u0131 K\u00fclt\u00fcrel Ar\u015fiv Miras\u0131n\u0131n Y\u00f6netimi ve Tapu Ar\u015fivlerinin Rol\u00fc Uluslararas\u0131 Kongresi"},"content":{"rendered":"<p style=\"text-align: justify;\">\u00c7evre ve \u015eehircilik Bakan\u0131 Say\u0131n Erdo\u011fan BAYRAKTAR&#8217;\u0131n himayesinde, \u00a0Tapu ve Kadastro Genel M\u00fcd\u00fcrl\u00fc\u011f\u00fc\u2019n\u00fcn ev sahipli\u011finde,\u00a0 21-23 Kas\u0131m 2012 tarihlerinde \u0130stanbul\u2019da <strong><em>\u201cOsmanl\u0131 Co\u011frafyas\u0131 K\u00fclt\u00fcrel Ar\u015fiv Miras\u0131n\u0131n Y\u00f6netimi ve Tapu Ar\u015fivlerinin Rol\u00fc Uluslararas\u0131 Kongresi\u201d<\/em><\/strong> yap\u0131lacakt\u0131r.<\/p>\n<p style=\"text-align: justify;\"><!--more--><\/p>\n<p style=\"text-align: justify;\">Kongre\u2019de, Osmanl\u0131 Devleti&#8217;nden intikal eden ar\u015fiv miras\u0131n\u0131 b\u00fcnyesinde bulunduran devletler ve kurumlar\u0131n\u0131n ortak k\u00fclt\u00fcr, tarih ve medeniyet anlay\u0131\u015f\u0131yla bir araya getirilmesi d\u00fc\u015f\u00fcn\u00fclmektedir. B\u00f6ylece ortak de\u011ferlerimizin ortaya konulmas\u0131, de\u011ferlendirilmesi, payla\u015f\u0131lmas\u0131 ve ilim d\u00fcnyas\u0131na kazand\u0131r\u0131lmas\u0131 noktas\u0131nda \u00f6nemli bir ad\u0131m at\u0131lm\u0131\u015f olacakt\u0131r.<\/p>\n<p style=\"text-align: justify;\">Yap\u0131lacak Kongre&#8217;de, k\u00fclt\u00fcrel miras\u0131m\u0131z\u0131n \u00f6nem ve de\u011ferinin ortaya konulmas\u0131n\u0131n yan\u0131 s\u0131ra ar\u015fivlerin muhafazas\u0131, bak\u0131m\u0131, elektronik ortama aktar\u0131lmas\u0131 ve bu alandaki teknolojik geli\u015fmelerin de ele al\u0131nmas\u0131 hedeflenmektedir.<\/p>\n<p style=\"text-align: justify;\">Kurumumuz Ar\u015fiv Dairesi Ba\u015fkanl\u0131\u011f\u0131 b\u00fcnyesinde hizmet veren ve \u00fc\u00e7 k\u0131tada otuza yak\u0131n \u00fclkenin ekonomik, sosyo-k\u00fclt\u00fcrel ve demografik kay\u0131tlar\u0131n\u0131 ihtiva eden Kuy\u00fbd-\u0131 Kadime Ar\u015fivi de Kongrenin en \u00f6nemli konu ba\u015fl\u0131klar\u0131ndan birisini olu\u015fturmaktad\u0131r.<\/p>\n<p style=\"text-align: justify;\">\u0130htiva etti\u011fi k\u00fclt\u00fcrel ar\u015fiv miras\u0131 ile \u00f6nemli haf\u0131za merkezlerinden olan Kuy\u00fbd-\u0131 Kadime Ar\u015fivi&#8217;ndeki malzemelerin b\u00fcy\u00fck bir k\u0131sm\u0131 TARB\u0130S Projesi ile dijital ortama aktar\u0131lm\u0131\u015f, b\u00f6ylece belgeye eri\u015fim kolayla\u015ft\u0131r\u0131ld\u0131\u011f\u0131 gibi ilgililere daha modern usullerle hizmet verilmeye ba\u015flanm\u0131\u015ft\u0131r. Ayr\u0131ca, zamanla y\u0131pranan ar\u015fiv dok\u00fcmanlar\u0131n\u0131n bak\u0131mlar\u0131 yap\u0131larak daha uzun y\u0131llar ilmin ve insanl\u0131\u011f\u0131n hizmetinde kullan\u0131labilmesi amac\u0131yla\u00a0 &#8220;Belge Bak\u0131m ve Onar\u0131m \u00dcnitesi&#8221; kurulmu\u015ftur. Bunlarla birlikte 600 y\u0131ll\u0131k k\u00f6kl\u00fc bir ge\u00e7mi\u015fe sahip kurumumuzun ve Kuy\u00fbd-\u0131 Kadime ar\u015fivinin tan\u0131t\u0131m\u0131na y\u00f6nelik \u00e7e\u015fitli \u00e7al\u0131\u015fmalarda yap\u0131lm\u0131\u015ft\u0131r. Bu kapsamda ilk olarak Server Efendi Sergi Salonu a\u00e7\u0131lm\u0131\u015f, sonras\u0131nda ise \u00e7e\u015fitli yay\u0131nlar haz\u0131rlan\u0131p \u0130ngilizceye de \u00e7evrilerek ilgililerin istifadesine sunulmu\u015ftur.<\/p>\n<p style=\"text-align: justify;\">Bu alandaki \u00e7al\u0131\u015fmalar devam etmekte olup, Kongre&#8217;den \u00f6nce tamamlanmas\u0131 planlanan Kuy\u00fbd-\u0131 Kadime Ar\u015fiv Katalogu \u00e7al\u0131\u015fmalar\u0131 da s\u00fcrd\u00fcr\u00fclmektedir. Bu kapsamda, daha \u00f6nce tasnifi yap\u0131lmam\u0131\u015f defter ve belgeler tespit edilmi\u015f, \u00f6nceden tasnif edilmi\u015f olanlarla birlikte de\u011ferlendirilerek ar\u015fiv fonlar\u0131 yeniden olu\u015fturulmaktad\u0131r. Bu \u00e7al\u0131\u015fma ile ilgililerin Kuy\u00fbd-\u0131 Kadime Ar\u015fivinden daha verimli bir \u015fekilde istifade etmesi sa\u011flanacakt\u0131r.<\/p>\n<p style=\"text-align: justify;\">Bilgi ve belgeye eri\u015fimde kolayl\u0131k ve a\u00e7\u0131kl\u0131k ilkesinden hareketle yenilenen vizyonu ve insan odakl\u0131 hizmet anlay\u0131\u015f\u0131 ile faaliyetlerine y\u00f6n veren Kurumumuzca d\u00fczenlenen bu kongre vesilesiyle, kamu kurumu niteli\u011findeki ar\u015fivlerin bilimsel \u00e7al\u0131\u015fmalarda fiilen bulunmalar\u0131 ve bu t\u00fcr faaliyetlerin merkezinde yer almalar\u0131 noktas\u0131nda da emsal olu\u015fturabilecek \u00f6nemli bir ad\u0131m at\u0131lm\u0131\u015f olacakt\u0131r.<\/p>\n<p style=\"text-align: justify;\">Muhtevas\u0131 ile bilimsel, sonu\u00e7lar\u0131 itibariyle de yeni geli\u015fmelere temel olu\u015fturmas\u0131 beklenen organizasyonumuza \u00fcniversiteler, kamu kurum ve kurulu\u015flar\u0131 ile \u00f6zel k\u00fct\u00fcphane ve ar\u015fivler ba\u015fta olmak \u00fczere t\u00fcm ilgililer davetlidir.<\/p>\n<p style=\"text-align: justify;\">\u00a0<strong>G\u00f6khan KANAL<br \/>\nTapu ve Kadastro Genel M\u00fcd\u00fcr V.<\/strong><\/p>\n<p style=\"text-align: justify;\">Kaynak: http:\/\/www.tkgmkongre.org\/<\/p>\n","protected":false},"excerpt":{"rendered":"<p>\u00c7evre ve \u015eehircilik Bakan\u0131 Say\u0131n Erdo\u011fan BAYRAKTAR&#8217;\u0131n himayesinde, \u00a0Tapu ve Kadastro Genel M\u00fcd\u00fcrl\u00fc\u011f\u00fc\u2019n\u00fcn ev sahipli\u011finde,\u00a0 21-23 Kas\u0131m 2012 tarihlerinde \u0130stanbul\u2019da \u201cOsmanl\u0131 Co\u011frafyas\u0131 K\u00fclt\u00fcrel Ar\u015fiv Miras\u0131n\u0131n Y\u00f6netimi ve Tapu Ar\u015fivlerinin Rol\u00fc Uluslararas\u0131 Kongresi\u201d yap\u0131lacakt\u0131r.<\/p>\n","protected":false},"author":1,"featured_media":0,"comment_status":"open","ping_status":"open","sticky":false,"template":"","format":"standard","meta":{"footnotes":""},"categories":[1479,1500,1509],"tags":[1096,1395,438,1441],"class_list":["post-2101","post","type-post","status-publish","format-standard","hentry","category-dijital-kopyalama","category-nadir-eserler","category-yazma-eserler","tag-arsivcilik","tag-bby-mesleki-etkinlikler-arsivi","tag-el-yazmalari","tag-yazma-eser-kutuphaneleri"],"_links":{"self":[{"href":"https:\/\/www.bbyhaber.com\/bby\/wp-json\/wp\/v2\/posts\/2101"}],"collection":[{"href":"https:\/\/www.bbyhaber.com\/bby\/wp-json\/wp\/v2\/posts"}],"about":[{"href":"https:\/\/www.bbyhaber.com\/bby\/wp-json\/wp\/v2\/types\/post"}],"author":[{"embeddable":true,"href":"https:\/\/www.bbyhaber.com\/bby\/wp-json\/wp\/v2\/users\/1"}],"replies":[{"embeddable":true,"href":"https:\/\/www.bbyhaber.com\/bby\/wp-json\/wp\/v2\/comments?post=2101"}],"version-history":[{"count":0,"href":"https:\/\/www.bbyhaber.com\/bby\/wp-json\/wp\/v2\/posts\/2101\/revisions"}],"wp:attachment":[{"href":"https:\/\/www.bbyhaber.com\/bby\/wp-json\/wp\/v2\/media?parent=2101"}],"wp:term":[{"taxonomy":"category","embeddable":true,"href":"https:\/\/www.bbyhaber.com\/bby\/wp-json\/wp\/v2\/categories?post=2101"},{"taxonomy":"post_tag","embeddable":true,"href":"https:\/\/www.bbyhaber.com\/bby\/wp-json\/wp\/v2\/tags?post=2101"}],"curies":[{"name":"wp","href":"https:\/\/api.w.org\/{rel}","templated":true}]}}