{"id":21003,"date":"2017-02-07T08:33:53","date_gmt":"2017-02-07T05:33:53","guid":{"rendered":"http:\/\/www.bbyhaber.com\/bby\/?p=21003"},"modified":"2019-08-01T11:30:49","modified_gmt":"2019-08-01T08:30:49","slug":"15-temmuz-sehitleri-kutuphanesi-acildi","status":"publish","type":"post","link":"https:\/\/www.bbyhaber.com\/bby\/2017\/02\/07\/15-temmuz-sehitleri-kutuphanesi-acildi","title":{"rendered":"15 Temmuz \u015eehitleri K\u00fct\u00fcphanesi a\u00e7\u0131ld\u0131"},"content":{"rendered":"<p><img loading=\"lazy\" decoding=\"async\" class=\"alignleft size-medium wp-image-21004\" src=\"http:\/\/www.bbyhaber.com\/bby\/wp-content\/uploads\/2017\/02\/15_temmuz_sehitleri_kutuphanesi_acildi-300x156.jpg\" alt=\"\" width=\"300\" height=\"156\" data-wp-pid=\"21004\" srcset=\"https:\/\/www.bbyhaber.com\/bby\/wp-content\/uploads\/2017\/02\/15_temmuz_sehitleri_kutuphanesi_acildi-300x156.jpg 300w, https:\/\/www.bbyhaber.com\/bby\/wp-content\/uploads\/2017\/02\/15_temmuz_sehitleri_kutuphanesi_acildi.jpg 625w\" sizes=\"(max-width: 300px) 100vw, 300px\" \/>K\u00fct\u00fcphanenin a\u00e7\u0131l\u0131\u015f t\u00f6renine \u00c7erkezk\u00f6y Kaymakam\u0131 Atilla Selami Abban, AK Parti Tekirda\u011f Milletvekili Ay\u015fe Do\u011fan, \u00c7erkezk\u00f6y Belediye Ba\u015fkan\u0131 Vahap Akay, \u00c7TSO Y\u00f6netim Kurulu Ba\u015fkan\u0131 S\u00fcleyman Kozuva, \u00c7TSO Meclis Ba\u015fkan\u0131 Taha \u00dclker, \u00c7TSO Y\u00f6netim Kurulu \u00fcyesi Mustafa Se\u00e7kin, \u0130l\u00e7e Milli E\u011fitim M\u00fcd\u00fcr\u00fc H\u00fcseyin G\u00fcm\u00fc\u015f, Esnaf ve Sanatkarlar Odas\u0131 Ba\u015fkan\u0131 Ali Bozda\u011f, Okul M\u00fcd\u00fcr\u00fc Fahrettin Kahraman, okul \u00f6\u011fretmenleri ve \u00f6\u011frenciler kat\u0131ld\u0131.<!--more--> \u00c7ERKEZK\u00d6Y\u2019\u00dcN EN B\u00dcY\u00dc\u011e\u00dc Sayg\u0131 duru\u015fu ve \u0130stiklal Mar\u015f\u0131\u2019n\u0131n okunmas\u0131n\u0131n ard\u0131ndan ba\u015flayan t\u00f6ren program\u0131n\u0131n a\u00e7\u0131l\u0131\u015f konu\u015fmas\u0131n\u0131 \u00c7TSO Anadolu Lisesi M\u00fcd\u00fcr\u00fc Fahrettin Karaman yapt\u0131. Karaman, \u201cOkulumuz 2009 y\u0131l\u0131nda \u00c7TSO taraf\u0131ndan yapt\u0131r\u0131lm\u0131\u015f ve e\u011fitim \u00f6\u011fretime ba\u015flam\u0131\u015ft\u0131r. Okulumuz 40 derslikli olup bin 252 \u00f6\u011frencisi, 79 \u00f6\u011fretmeni ile \u00c7erkezk\u00f6y\u2019\u00fcn en b\u00fcy\u00fck Anadolu Lisesidir. Hat\u0131rlanaca\u011f\u0131 \u00fczere 15 Temmuz gecesi \u00fclkemizi, milletimizi, demokrasimizi, cumhuriyetimizi, ayd\u0131nl\u0131k gelece\u011fimizi yok etmek isteyen vatan hainleri kanl\u0131 darbe giri\u015fiminde bulundular. Ancak aziz milletimiz bu hain darbe giri\u015fimini, meydanlar\u0131 can\u0131 pahas\u0131na doldurarak ve vatan\u0131 u\u011fruna \u015fehit olarak engelledi. \u015eehitlerimiz ve gazilerimiz cesaretleri ile tarih yazd\u0131lar. \u015e\u00fcphe yok ki kalplerimizdeki m\u00fcmtaz yerlerini daima muhafaza edeceklerdir.\u201d dedi.<\/p>\n<p>Okul M\u00fcd\u00fcr\u00fc Karaman son olarak k\u00fct\u00fcphane yap\u0131m\u0131nda eme\u011fi ge\u00e7enlere te\u015fekk\u00fcr ederek, \u201cK\u00fct\u00fcphanemizin olu\u015fumunda bize katk\u0131lar\u0131n\u0131 esirgemeyen \u00c7TSO Y\u00f6netim Kurulu Ba\u015fkan\u0131 S\u00fcleyman Kozuva, Esnaf Sanatkarlar Odas\u0131 Ba\u015fkan\u0131 Ali Bozda\u011f, kantin i\u015fletmecimiz Necmi Yuceur ve velimiz Sakine Turhan\u2019a \u00e7ok te\u015fekk\u00fcr ederim. Bu vesile ile \u015fehitlerimize tekrardan Allahtan rahmet diliyor, k\u00fct\u00fcphanemizin vatana, millete ve \u00f6\u011frencilerimize hay\u0131rl\u0131 olmas\u0131n\u0131 diliyorum\u201d ifadelerine yer verdi. A\u00c7ILI\u015e YAPILDI Okul M\u00fcd\u00fcr\u00fc Fahrettin Kahraman\u2019\u0131n konu\u015fmas\u0131n\u0131 tamamlamas\u0131n\u0131n ard\u0131ndan 15 Temmuz Demokrasi Zaferi ve \u015eehitleri Anma video g\u00f6sterimi sunuldu. Program\u0131n devam\u0131nda \u00c7TSO Y\u00f6netim Kurulu Ba\u015fkan\u0131 S\u00fcleyman Kozuva, Esnaf Sanatkarlar Odas\u0131 Ba\u015fkan\u0131 Ali Bozda\u011f, kantin i\u015fletmecisi Necmi Y\u00fcceur ve veli Sakine Turhan\u2019a, AK Parti Tekirda\u011f Milletvekili Ay\u015fe Do\u011fan, \u00c7erkezk\u00f6y Kaymakam\u0131 Atilla Selami Abban, \u00c7erkezk\u00f6y Belediye Ba\u015fkan\u0131 Vahap Akay ve \u0130l\u00e7e Milli E\u011fitim M\u00fcd\u00fcr\u00fc H\u00fcseyin G\u00fcm\u00fc\u015f taraf\u0131ndan plaketleri takdim edildi. Plaket takdiminin ard\u0131ndan protokol \u00fcyeleri duvar\u0131nda T\u00fcrk bayra\u011f\u0131n\u0131n sembol\u00fc ay ve y\u0131ld\u0131z bulunan 15 Temmuz \u015eehitleri K\u00fct\u00fcphanesi\u2019nin a\u00e7\u0131l\u0131\u015f kurdelesi kesti. Ard\u0131ndan kat\u0131l\u0131mc\u0131lar k\u00fct\u00fcphaneyi inceledi.<\/p>\n<p><a href=\"http:\/\/www.cerkezkoybakis.com.tr\/\" target=\"_blank\">Kaynak<\/a><\/p>\n","protected":false},"excerpt":{"rendered":"<p>K\u00fct\u00fcphanenin a\u00e7\u0131l\u0131\u015f t\u00f6renine \u00c7erkezk\u00f6y Kaymakam\u0131 Atilla Selami Abban, AK Parti Tekirda\u011f Milletvekili Ay\u015fe Do\u011fan, \u00c7erkezk\u00f6y Belediye Ba\u015fkan\u0131 Vahap Akay, \u00c7TSO Y\u00f6netim Kurulu Ba\u015fkan\u0131 S\u00fcleyman Kozuva, \u00c7TSO Meclis Ba\u015fkan\u0131 Taha \u00dclker, \u00c7TSO Y\u00f6netim Kurulu \u00fcyesi Mustafa Se\u00e7kin, \u0130l\u00e7e Milli E\u011fitim M\u00fcd\u00fcr\u00fc H\u00fcseyin G\u00fcm\u00fc\u015f, Esnaf ve Sanatkarlar Odas\u0131 Ba\u015fkan\u0131 Ali Bozda\u011f, Okul M\u00fcd\u00fcr\u00fc Fahrettin Kahraman, okul \u00f6\u011fretmenleri [&hellip;]<\/p>\n","protected":false},"author":1,"featured_media":21004,"comment_status":"open","ping_status":"open","sticky":false,"template":"","format":"standard","meta":{"footnotes":""},"categories":[1538,1],"tags":[1200,887],"class_list":["post-21003","post","type-post","status-publish","format-standard","has-post-thumbnail","hentry","category-askeri-darbe-ve-kutuphaneler","category-genel","tag-15-temmuz","tag-ohal-ve-kutuphaneler"],"_links":{"self":[{"href":"https:\/\/www.bbyhaber.com\/bby\/wp-json\/wp\/v2\/posts\/21003"}],"collection":[{"href":"https:\/\/www.bbyhaber.com\/bby\/wp-json\/wp\/v2\/posts"}],"about":[{"href":"https:\/\/www.bbyhaber.com\/bby\/wp-json\/wp\/v2\/types\/post"}],"author":[{"embeddable":true,"href":"https:\/\/www.bbyhaber.com\/bby\/wp-json\/wp\/v2\/users\/1"}],"replies":[{"embeddable":true,"href":"https:\/\/www.bbyhaber.com\/bby\/wp-json\/wp\/v2\/comments?post=21003"}],"version-history":[{"count":1,"href":"https:\/\/www.bbyhaber.com\/bby\/wp-json\/wp\/v2\/posts\/21003\/revisions"}],"predecessor-version":[{"id":21005,"href":"https:\/\/www.bbyhaber.com\/bby\/wp-json\/wp\/v2\/posts\/21003\/revisions\/21005"}],"wp:featuredmedia":[{"embeddable":true,"href":"https:\/\/www.bbyhaber.com\/bby\/wp-json\/wp\/v2\/media\/21004"}],"wp:attachment":[{"href":"https:\/\/www.bbyhaber.com\/bby\/wp-json\/wp\/v2\/media?parent=21003"}],"wp:term":[{"taxonomy":"category","embeddable":true,"href":"https:\/\/www.bbyhaber.com\/bby\/wp-json\/wp\/v2\/categories?post=21003"},{"taxonomy":"post_tag","embeddable":true,"href":"https:\/\/www.bbyhaber.com\/bby\/wp-json\/wp\/v2\/tags?post=21003"}],"curies":[{"name":"wp","href":"https:\/\/api.w.org\/{rel}","templated":true}]}}