{"id":2099,"date":"2012-01-09T12:47:15","date_gmt":"2012-01-09T12:47:15","guid":{"rendered":"http:\/\/www.bbyhaber.com\/bby\/?p=2099"},"modified":"2012-06-18T15:37:00","modified_gmt":"2012-06-18T15:37:00","slug":"ulakbim-cahit-arf-bilgi-merkezi-koleksiyon-politikasinda-degisiklik","status":"publish","type":"post","link":"https:\/\/www.bbyhaber.com\/bby\/2012\/01\/09\/ulakbim-cahit-arf-bilgi-merkezi-koleksiyon-politikasinda-degisiklik","title":{"rendered":"ULAKB\u0130M Cahit Arf Bilgi Merkezi Koleksiyon Politikas\u0131nda de\u011fi\u015fiklik"},"content":{"rendered":"<p style=\"text-align: justify;\">T\u00dcB\u0130TAK \u0131n yeniden yap\u0131lanmas\u0131 \u00e7er\u00e7evesinde ULAKB\u0130M Cahit Arf Bilgi Merkezi Koleksiyon Politikas\u0131nda de\u011fi\u015fiklik yap\u0131lm\u0131\u015ft\u0131r. Bas\u0131l\u0131 ve elektronik s\u00fcreli yay\u0131n koleksiyonu \u00fczerinden bilgi\/belge hizmetleri sunmakta olan Cahit Arf Bilgi Merkezi,\u00a0 <strong>2012 y\u0131l\u0131ndan itibaren<\/strong> yeni\u00a0 koleksiyon geli\u015ftirme politikas\u0131na ba\u011fl\u0131 olarak <strong> tamamen elektronik koleksiyon<\/strong> \u00fczerinden hizmet verecektir.\u00a0 Buna g\u00f6re Ulusal Veri Tabanlar\u0131na giren dergiler d\u0131\u015f\u0131nda, koleksiyonda <strong> 2013 y\u0131l\u0131ndan itibaren bas\u0131l\u0131 dergi yer almayacakt\u0131r<\/strong>.<!--more--><\/p>\n<p style=\"text-align: justify;\">Bas\u0131l\u0131 dergi aboneli\u011fi 2012 y\u0131l\u0131nda devam edecek s\u00fcreli yay\u0131nlar\u0131n, 2011 ve 2012 y\u0131llar\u0131na ait say\u0131lar\u0131 ile Seri yay\u0131nlara ait bas\u0131l\u0131 koleksiyon 2012 y\u0131l\u0131 sonuna kadar Okuyucu Salonumuzda hizmet vermeye devam edecektir. Buna ba\u011fl\u0131 olarak ULAKB\u0130M Belge Sa\u011flama Hizmetleri elektronik koleksiyon ve T\u00fcrk\u00e7e S\u00fcreli Yay\u0131nlar \u00fczerinden verilecektir.<\/p>\n<p style=\"text-align: justify;\">Kaynak: http:\/\/www.ulakbim.gov.tr\/cabim\/<\/p>\n","protected":false},"excerpt":{"rendered":"<p>T\u00dcB\u0130TAK \u0131n yeniden yap\u0131lanmas\u0131 \u00e7er\u00e7evesinde ULAKB\u0130M Cahit Arf Bilgi Merkezi Koleksiyon Politikas\u0131nda de\u011fi\u015fiklik yap\u0131lm\u0131\u015ft\u0131r. Bas\u0131l\u0131 ve elektronik s\u00fcreli yay\u0131n koleksiyonu \u00fczerinden bilgi\/belge hizmetleri sunmakta olan Cahit Arf Bilgi Merkezi,\u00a0 2012 y\u0131l\u0131ndan itibaren yeni\u00a0 koleksiyon geli\u015ftirme politikas\u0131na ba\u011fl\u0131 olarak tamamen elektronik koleksiyon \u00fczerinden hizmet verecektir.\u00a0 Buna g\u00f6re Ulusal Veri Tabanlar\u0131na giren dergiler d\u0131\u015f\u0131nda, koleksiyonda 2013 y\u0131l\u0131ndan [&hellip;]<\/p>\n","protected":false},"author":1,"featured_media":0,"comment_status":"open","ping_status":"open","sticky":false,"template":"","format":"standard","meta":{"footnotes":""},"categories":[1],"tags":[329,247],"class_list":["post-2099","post","type-post","status-publish","format-standard","hentry","category-genel","tag-tubess","tag-ulakbim"],"_links":{"self":[{"href":"https:\/\/www.bbyhaber.com\/bby\/wp-json\/wp\/v2\/posts\/2099"}],"collection":[{"href":"https:\/\/www.bbyhaber.com\/bby\/wp-json\/wp\/v2\/posts"}],"about":[{"href":"https:\/\/www.bbyhaber.com\/bby\/wp-json\/wp\/v2\/types\/post"}],"author":[{"embeddable":true,"href":"https:\/\/www.bbyhaber.com\/bby\/wp-json\/wp\/v2\/users\/1"}],"replies":[{"embeddable":true,"href":"https:\/\/www.bbyhaber.com\/bby\/wp-json\/wp\/v2\/comments?post=2099"}],"version-history":[{"count":0,"href":"https:\/\/www.bbyhaber.com\/bby\/wp-json\/wp\/v2\/posts\/2099\/revisions"}],"wp:attachment":[{"href":"https:\/\/www.bbyhaber.com\/bby\/wp-json\/wp\/v2\/media?parent=2099"}],"wp:term":[{"taxonomy":"category","embeddable":true,"href":"https:\/\/www.bbyhaber.com\/bby\/wp-json\/wp\/v2\/categories?post=2099"},{"taxonomy":"post_tag","embeddable":true,"href":"https:\/\/www.bbyhaber.com\/bby\/wp-json\/wp\/v2\/tags?post=2099"}],"curies":[{"name":"wp","href":"https:\/\/api.w.org\/{rel}","templated":true}]}}