{"id":20977,"date":"2017-02-02T15:54:39","date_gmt":"2017-02-02T12:54:39","guid":{"rendered":"http:\/\/www.bbyhaber.com\/bby\/?p=20977"},"modified":"2017-02-14T08:46:32","modified_gmt":"2017-02-14T05:46:32","slug":"kulturde-6-aylik-erteleme-artik-eziyet-oldu","status":"publish","type":"post","link":"https:\/\/www.bbyhaber.com\/bby\/2017\/02\/02\/kulturde-6-aylik-erteleme-artik-eziyet-oldu","title":{"rendered":"K\u00fclt\u00fcr&#8217;de 6 ayl\u0131k erteleme art\u0131k eziyet oldu"},"content":{"rendered":"<p><img loading=\"lazy\" decoding=\"async\" class=\"size-medium wp-image-20978 alignleft\" src=\"http:\/\/www.bbyhaber.com\/bby\/wp-content\/uploads\/2017\/02\/headline-300x150.jpg\" alt=\"\" width=\"300\" height=\"150\" data-wp-pid=\"20978\" srcset=\"https:\/\/www.bbyhaber.com\/bby\/wp-content\/uploads\/2017\/02\/headline-300x150.jpg 300w, https:\/\/www.bbyhaber.com\/bby\/wp-content\/uploads\/2017\/02\/headline.jpg 660w\" sizes=\"(max-width: 300px) 100vw, 300px\" \/>K\u00fclt\u00fcr Bakanl\u0131\u011f\u0131, 14 Temmuz tarihinde ilana \u00e7\u0131kt\u0131 ve 200 K\u00fct\u00fcphaneci, 100 Arkeolog, 100 M\u00fcze Ara\u015ft\u0131rmac\u0131s\u0131 alaca\u011f\u0131n\u0131 <b><a href=\"http:\/\/www.bbyhaber.com\/bby\/2016\/07\/14\/kultur-ve-turizm-bakanligi-sozlesmeli-personel-alimi-ilani\/\" target=\"_blank\">duyurdu.<\/a><\/b><\/p>\n<p>Ba\u015fvurular 28 Temmuz&#8217;da bitti. 23 A\u011fustos&#8217;ta da m\u00fclakata girmeye hak kazananlar\u0131n listesi duyuruldu.<!--more--><\/p>\n<p>Ancak ba\u015fvurular\u0131n \u00fczerinden <b>6 ay ge\u00e7mi\u015f<\/b> olmas\u0131na ra\u011fmen hala m\u00fclakat tarihleri a\u00e7\u0131klanamam\u0131\u015ft\u0131r.<\/p>\n<p>Adaylar, geleceklerine y\u00f6n verebilmek i\u00e7in, s\u0131nav s\u00fcreciyle ilgili bilgilendirme talep etmektedir. S\u00f6zl\u00fc s\u0131nav bilgilerinin en k\u0131sa s\u00fcrede a\u00e7\u0131klanmas\u0131 adaylar\u0131 b\u00fcy\u00fck oranda rahatlatacakt\u0131r.<\/p>\n<p>&nbsp;<\/p>\n<p>&nbsp;<\/p>\n","protected":false},"excerpt":{"rendered":"<p>K\u00fclt\u00fcr Bakanl\u0131\u011f\u0131, 14 Temmuz tarihinde ilana \u00e7\u0131kt\u0131 ve 200 K\u00fct\u00fcphaneci, 100 Arkeolog, 100 M\u00fcze Ara\u015ft\u0131rmac\u0131s\u0131 alaca\u011f\u0131n\u0131 duyurdu. Ba\u015fvurular 28 Temmuz&#8217;da bitti. 23 A\u011fustos&#8217;ta da m\u00fclakata girmeye hak kazananlar\u0131n listesi duyuruldu.<\/p>\n","protected":false},"author":129,"featured_media":20978,"comment_status":"open","ping_status":"open","sticky":false,"template":"","format":"standard","meta":{"footnotes":""},"categories":[31],"tags":[940,659],"class_list":["post-20977","post","type-post","status-publish","format-standard","has-post-thumbnail","hentry","category-bbykpss","tag-200-sozlesmeli","tag-kultur-ve-turizm-bakanligi"],"_links":{"self":[{"href":"https:\/\/www.bbyhaber.com\/bby\/wp-json\/wp\/v2\/posts\/20977"}],"collection":[{"href":"https:\/\/www.bbyhaber.com\/bby\/wp-json\/wp\/v2\/posts"}],"about":[{"href":"https:\/\/www.bbyhaber.com\/bby\/wp-json\/wp\/v2\/types\/post"}],"author":[{"embeddable":true,"href":"https:\/\/www.bbyhaber.com\/bby\/wp-json\/wp\/v2\/users\/129"}],"replies":[{"embeddable":true,"href":"https:\/\/www.bbyhaber.com\/bby\/wp-json\/wp\/v2\/comments?post=20977"}],"version-history":[{"count":1,"href":"https:\/\/www.bbyhaber.com\/bby\/wp-json\/wp\/v2\/posts\/20977\/revisions"}],"predecessor-version":[{"id":20979,"href":"https:\/\/www.bbyhaber.com\/bby\/wp-json\/wp\/v2\/posts\/20977\/revisions\/20979"}],"wp:featuredmedia":[{"embeddable":true,"href":"https:\/\/www.bbyhaber.com\/bby\/wp-json\/wp\/v2\/media\/20978"}],"wp:attachment":[{"href":"https:\/\/www.bbyhaber.com\/bby\/wp-json\/wp\/v2\/media?parent=20977"}],"wp:term":[{"taxonomy":"category","embeddable":true,"href":"https:\/\/www.bbyhaber.com\/bby\/wp-json\/wp\/v2\/categories?post=20977"},{"taxonomy":"post_tag","embeddable":true,"href":"https:\/\/www.bbyhaber.com\/bby\/wp-json\/wp\/v2\/tags?post=20977"}],"curies":[{"name":"wp","href":"https:\/\/api.w.org\/{rel}","templated":true}]}}