{"id":20942,"date":"2017-01-29T12:56:34","date_gmt":"2017-01-29T09:56:34","guid":{"rendered":"http:\/\/www.bbyhaber.com\/bby\/?p=20942"},"modified":"2017-03-16T01:52:03","modified_gmt":"2017-03-15T22:52:03","slug":"esmedya-arsiv-sorumlusu-is-ilani","status":"publish","type":"post","link":"https:\/\/www.bbyhaber.com\/bby\/2017\/01\/29\/esmedya-arsiv-sorumlusu-is-ilani","title":{"rendered":"ESMEDYA &#8211; Ar\u015fiv Sorumlusu \u0130\u015f \u0130lan\u0131"},"content":{"rendered":"<div class=\"genel-nitelikler\">\n<div><img loading=\"lazy\" decoding=\"async\" class=\"alignnone\" src=\"http:\/\/cdn2.kariyer.net\/employers\/jobposting\/ShablonPic\/2563\/esmedya-imaj-coverphoto-head.jpg\" alt=\"ESMEDYA - Ar\u015fiv Sorumlusu\" width=\"566\" height=\"104\" \/><\/div>\n<div>Merkezi \u0130stanbul Yenibosna\u2019da bulunan, Sancak Grubu&#8217;na ba\u011fl\u0131, b\u00fcnyesinde \u00e7e\u015fitli gazete, dergi, radyo ve TV kanal\u0131 bulunan\u00a0<strong>ESMEDYA<\/strong>\u00a0kurulu\u015fumuzda g\u00f6revlendirilmek \u00fczere a\u015fa\u011f\u0131da belirtilen \u00f6zelliklerde\u00a0<strong>\u201cAr\u015fiv Sorumlusu\u201d<\/strong>\u00a0aranmaktad\u0131r.<\/div>\n<p><!--more--><\/p>\n<ul>\n<li>Tercihen \u00fcniversitelerin Ar\u015fiv, Bilgi ve Belge Y\u00f6netimi b\u00f6l\u00fcmlerinden mezun,<\/li>\n<li>Medya sekt\u00f6r\u00fcnde tercihen TV mecras\u0131nda benzer pozisyonda minimum 5\u00a0y\u0131l deneyimli,<\/li>\n<li>Planlama ve organizasyon kabiliyeti geli\u015fmi\u015f,<\/li>\n<li>\u0130yi derecede takip yetene\u011fi olan,<\/li>\n<li>Ekip \u00e7al\u0131\u015fmas\u0131na uyum sa\u011flayabilen,<\/li>\n<li>MS-Office uygulamalar\u0131na hakim,<\/li>\n<li>Erkek adaylar i\u00e7in askerlik g\u00f6revini tamamlam\u0131\u015f,<\/li>\n<li>\u0130stanbul Avrupa yakas\u0131nda ikamet eden.<\/li>\n<\/ul>\n<\/div>\n<p>\u0130\u015e TANIMI<\/p>\n<div class=\"is-tanimi\">\n<p><strong>Ar\u015fiv Sorumlusu;<\/strong>\u00a0 Televizyon\u00a0ar\u015fiv d\u00fczeninden ve takibinden sorumlu olacakt\u0131r.<\/p>\n<\/div>\n<p><a href=\"http:\/\/www.kariyer.net\/is-ilani\/esmedya-arsiv-sorumlusu-1714328\" target=\"_blank\"><strong>Ba\u015fvuru i\u00e7in t\u0131klay\u0131n\u0131z.<\/strong><\/a><\/p>\n","protected":false},"excerpt":{"rendered":"<p>Merkezi \u0130stanbul Yenibosna\u2019da bulunan, Sancak Grubu&#8217;na ba\u011fl\u0131, b\u00fcnyesinde \u00e7e\u015fitli gazete, dergi, radyo ve TV kanal\u0131 bulunan\u00a0ESMEDYA\u00a0kurulu\u015fumuzda g\u00f6revlendirilmek \u00fczere a\u015fa\u011f\u0131da belirtilen \u00f6zelliklerde\u00a0\u201cAr\u015fiv Sorumlusu\u201d\u00a0aranmaktad\u0131r.<\/p>\n","protected":false},"author":129,"featured_media":20943,"comment_status":"open","ping_status":"open","sticky":false,"template":"","format":"standard","meta":{"footnotes":""},"categories":[],"tags":[1393],"class_list":["post-20942","post","type-post","status-publish","format-standard","has-post-thumbnail","hentry","tag-bby-is-ilanlari-arsivi"],"_links":{"self":[{"href":"https:\/\/www.bbyhaber.com\/bby\/wp-json\/wp\/v2\/posts\/20942"}],"collection":[{"href":"https:\/\/www.bbyhaber.com\/bby\/wp-json\/wp\/v2\/posts"}],"about":[{"href":"https:\/\/www.bbyhaber.com\/bby\/wp-json\/wp\/v2\/types\/post"}],"author":[{"embeddable":true,"href":"https:\/\/www.bbyhaber.com\/bby\/wp-json\/wp\/v2\/users\/129"}],"replies":[{"embeddable":true,"href":"https:\/\/www.bbyhaber.com\/bby\/wp-json\/wp\/v2\/comments?post=20942"}],"version-history":[{"count":7,"href":"https:\/\/www.bbyhaber.com\/bby\/wp-json\/wp\/v2\/posts\/20942\/revisions"}],"predecessor-version":[{"id":21129,"href":"https:\/\/www.bbyhaber.com\/bby\/wp-json\/wp\/v2\/posts\/20942\/revisions\/21129"}],"wp:featuredmedia":[{"embeddable":true,"href":"https:\/\/www.bbyhaber.com\/bby\/wp-json\/wp\/v2\/media\/20943"}],"wp:attachment":[{"href":"https:\/\/www.bbyhaber.com\/bby\/wp-json\/wp\/v2\/media?parent=20942"}],"wp:term":[{"taxonomy":"category","embeddable":true,"href":"https:\/\/www.bbyhaber.com\/bby\/wp-json\/wp\/v2\/categories?post=20942"},{"taxonomy":"post_tag","embeddable":true,"href":"https:\/\/www.bbyhaber.com\/bby\/wp-json\/wp\/v2\/tags?post=20942"}],"curies":[{"name":"wp","href":"https:\/\/api.w.org\/{rel}","templated":true}]}}