{"id":20907,"date":"2017-01-24T09:29:37","date_gmt":"2017-01-24T06:29:37","guid":{"rendered":"http:\/\/www.bbyhaber.com\/bby\/?p=20907"},"modified":"2018-06-11T11:37:59","modified_gmt":"2018-06-11T08:37:59","slug":"karneyi-gosteren-minikler-hediye-kitaplari-kapti","status":"publish","type":"post","link":"https:\/\/www.bbyhaber.com\/bby\/2017\/01\/24\/karneyi-gosteren-minikler-hediye-kitaplari-kapti","title":{"rendered":"Karneyi g\u00f6steren minikler hediye kitaplar\u0131 kapt\u0131"},"content":{"rendered":"<p><img loading=\"lazy\" decoding=\"async\" class=\"alignleft size-medium wp-image-20908\" src=\"http:\/\/www.bbyhaber.com\/bby\/wp-content\/uploads\/2017\/01\/karne-kutuphane-300x169.jpg\" alt=\"\" width=\"300\" height=\"169\" data-wp-pid=\"20908\" srcset=\"https:\/\/www.bbyhaber.com\/bby\/wp-content\/uploads\/2017\/01\/karne-kutuphane-300x169.jpg 300w, https:\/\/www.bbyhaber.com\/bby\/wp-content\/uploads\/2017\/01\/karne-kutuphane.jpg 590w\" sizes=\"(max-width: 300px) 100vw, 300px\" \/>\u0130zmir&#8217;in Bergama Belediyesi okullar\u0131n yar\u0131y\u0131l tatiline girmesiyle \u00e7ocuklar\u0131 kitap okumaya te\u015fvik etmek amac\u0131yla karne hediyesi olarak kitap da\u011f\u0131tt\u0131. &#8220;Karnenle K\u00fct\u00fcphaneye Gel Hediye Kitab\u0131n\u0131 Al&#8221; adl\u0131 etkinlikte, Bergama Ara\u015ft\u0131rmalar\u0131 K\u00fct\u00fcphanesi&#8217;ne karneyle gelen 7-12 ya\u015f aras\u0131 her \u00e7ocu\u011fa kitap hediye edildi.<!--more--> Karnesiyle kitap almaya ilk gelen \u00e7ocuk ise 100. Y\u0131l Ortaokulu&#8217;ndan \u0130smail Alt\u0131ndi\u015f oldu. 20- 25 Ocak aras\u0131nda ger\u00e7ekle\u015fecek etkinlikte \u00e7ocuklar\u0131n, kitaplar\u0131n\u0131 pazar g\u00fcn\u00fc hari\u00e7 09.00- 18.00 saatleri aras\u0131nda alabilece\u011fi belirtildi.<\/p>\n<p><a href=\"http:\/\/www.hurriyet.com.tr\/\" target=\"_blank\" rel=\"noopener\">Kaynak<\/a><\/p>\n","protected":false},"excerpt":{"rendered":"<p>\u0130zmir&#8217;in Bergama Belediyesi okullar\u0131n yar\u0131y\u0131l tatiline girmesiyle \u00e7ocuklar\u0131 kitap okumaya te\u015fvik etmek amac\u0131yla karne hediyesi olarak kitap da\u011f\u0131tt\u0131. &#8220;Karnenle K\u00fct\u00fcphaneye Gel Hediye Kitab\u0131n\u0131 Al&#8221; adl\u0131 etkinlikte, Bergama Ara\u015ft\u0131rmalar\u0131 K\u00fct\u00fcphanesi&#8217;ne karneyle gelen 7-12 ya\u015f aras\u0131 her \u00e7ocu\u011fa kitap hediye edildi.<\/p>\n","protected":false},"author":1,"featured_media":20908,"comment_status":"open","ping_status":"open","sticky":false,"template":"","format":"standard","meta":{"footnotes":""},"categories":[1476],"tags":[1451,1053],"class_list":["post-20907","post","type-post","status-publish","format-standard","has-post-thumbnail","hentry","category-aydin-ileri","tag-belediye-kutuphaneleri","tag-kutuphane-karne"],"_links":{"self":[{"href":"https:\/\/www.bbyhaber.com\/bby\/wp-json\/wp\/v2\/posts\/20907"}],"collection":[{"href":"https:\/\/www.bbyhaber.com\/bby\/wp-json\/wp\/v2\/posts"}],"about":[{"href":"https:\/\/www.bbyhaber.com\/bby\/wp-json\/wp\/v2\/types\/post"}],"author":[{"embeddable":true,"href":"https:\/\/www.bbyhaber.com\/bby\/wp-json\/wp\/v2\/users\/1"}],"replies":[{"embeddable":true,"href":"https:\/\/www.bbyhaber.com\/bby\/wp-json\/wp\/v2\/comments?post=20907"}],"version-history":[{"count":2,"href":"https:\/\/www.bbyhaber.com\/bby\/wp-json\/wp\/v2\/posts\/20907\/revisions"}],"predecessor-version":[{"id":24501,"href":"https:\/\/www.bbyhaber.com\/bby\/wp-json\/wp\/v2\/posts\/20907\/revisions\/24501"}],"wp:featuredmedia":[{"embeddable":true,"href":"https:\/\/www.bbyhaber.com\/bby\/wp-json\/wp\/v2\/media\/20908"}],"wp:attachment":[{"href":"https:\/\/www.bbyhaber.com\/bby\/wp-json\/wp\/v2\/media?parent=20907"}],"wp:term":[{"taxonomy":"category","embeddable":true,"href":"https:\/\/www.bbyhaber.com\/bby\/wp-json\/wp\/v2\/categories?post=20907"},{"taxonomy":"post_tag","embeddable":true,"href":"https:\/\/www.bbyhaber.com\/bby\/wp-json\/wp\/v2\/tags?post=20907"}],"curies":[{"name":"wp","href":"https:\/\/api.w.org\/{rel}","templated":true}]}}