{"id":20888,"date":"2017-01-20T09:02:14","date_gmt":"2017-01-20T06:02:14","guid":{"rendered":"http:\/\/www.bbyhaber.com\/bby\/?p=20888"},"modified":"2017-02-23T09:58:50","modified_gmt":"2017-02-23T06:58:50","slug":"ucak-kutuphanede-kitap-okumayi-sevdiler","status":"publish","type":"post","link":"https:\/\/www.bbyhaber.com\/bby\/2017\/01\/20\/ucak-kutuphanede-kitap-okumayi-sevdiler","title":{"rendered":"U\u00e7ak K\u00fct\u00fcphane&#8217;de Kitap Okumay\u0131 Sevdiler"},"content":{"rendered":"<p><img loading=\"lazy\" decoding=\"async\" class=\"alignleft size-medium wp-image-20889\" src=\"http:\/\/www.bbyhaber.com\/bby\/wp-content\/uploads\/2017\/01\/kitap-kurtlari-icin-ilginc-kutuphaneler-cankiri-300x200.jpg\" alt=\"\" width=\"300\" height=\"200\" data-wp-pid=\"20889\" srcset=\"https:\/\/www.bbyhaber.com\/bby\/wp-content\/uploads\/2017\/01\/kitap-kurtlari-icin-ilginc-kutuphaneler-cankiri-300x200.jpg 300w, https:\/\/www.bbyhaber.com\/bby\/wp-content\/uploads\/2017\/01\/kitap-kurtlari-icin-ilginc-kutuphaneler-cankiri.jpg 600w\" sizes=\"(max-width: 300px) 100vw, 300px\" \/>\u00c7ank\u0131r\u0131&#8217;da ya\u015fayan \u00e7ocuklar, d\u00fcnyan\u0131n hi\u00e7bir yerinde \u00f6rne\u011fi olmayan k\u00fct\u00fcphanelerde kitap okuman\u0131n ayr\u0131cal\u0131\u011f\u0131n\u0131 ya\u015f\u0131yor. \u00c7ank\u0131r\u0131 Belediyesi&#8217;nin \u00e7ocuklara okuma al\u0131\u015fkanl\u0131\u011f\u0131 kazand\u0131rmak i\u00e7in hayata ge\u00e7irdi\u011fi temal\u0131 k\u00fct\u00fcphaneler projelerinden biri olan U\u00e7ak K\u00fct\u00fcphane, <a href=\"http:\/\/www.bbyhaber.com\/bby\/2015\/04\/17\/atil-vagon-kutuphaneye-donusturuldu\/\">Tren K\u00fct\u00fcphane<\/a> ile birlikte kitap dostu k\u00fc\u00e7\u00fck misafirlerini a\u011f\u0131rl\u0131yor.<!--more--><\/p>\n<p>\u00c7ank\u0131r\u0131 Belediyesi&#8217;nin 24 Eyl\u00fcl 2016&#8217;da vizyon projeleri aras\u0131nda hizmete a\u00e7t\u0131\u011f\u0131 <strong>U\u00e7ak K\u00fct\u00fcphane<\/strong>, ziyaret\u00e7ilerini misafir etmeye ba\u015flad\u0131. B\u00f6lgenin en b\u00fcy\u00fck rekreasyon alan\u0131 Recep Tayyip Erdo\u011fan Park\u0131&#8217;n\u0131n \u00fcst kesimine yerle\u015ftirilen U\u00e7ak K\u00fct\u00fcphane, \u00e7ocuklar\u0131n ilgi oda\u011f\u0131 oldu. Her g\u00fcn merkezde bulunan okul ve s\u0131n\u0131f guruplar\u0131ndan gelen \u00f6\u011frencilerin yan\u0131 s\u0131ra merkez il\u00e7e ve k\u00f6ylerden \u00f6\u011fretmenleri e\u015fli\u011finde gelen \u00e7ocuklar da u\u00e7akta kitap okuman\u0131n tad\u0131n\u0131 \u00e7\u0131kart\u0131yor. Daha \u00f6nce hi\u00e7 u\u00e7ak g\u00f6rmemi\u015f \u00e7ocuklar, havaalan\u0131 olmayan \u00c7ank\u0131r\u0131&#8217;da ger\u00e7ek bir u\u00e7a\u011fa binerek hem u\u00e7ak ile tan\u0131\u015fman\u0131n hem de u\u00e7akta kitap okuman\u0131n farkl\u0131l\u0131\u011f\u0131n\u0131 ya\u015f\u0131yor. \u00c7ocuklar, k\u00fct\u00fcphane i\u00e7erisinde ya\u015flar\u0131na uygun kitaplar\u0131 okurken zek\u00e2 geli\u015fimine katk\u0131 sa\u011flayan bir\u00e7ok oyunu da oynayabiliyor. Asl\u0131na uygun olarak d\u00fczenlenmi\u015f kokpit b\u00f6l\u00fcm\u00fcnde ise \u00e7ocuklar, u\u00e7a\u011f\u0131 kullan\u0131yormu\u015f gibi heyecan ya\u015f\u0131yor.<\/p>\n<p>Ba\u015fkan Din\u00e7, &#8216;Kitap Okuman\u0131n Her \u00c7a\u011fda Vazge\u00e7ilmez Olmas\u0131n\u0131 Hayal Ettik&#8217;<\/p>\n<p>Temal\u0131 K\u00fct\u00fcphane projeleri ile \u00e7ocuklara hem okuma al\u0131\u015fkanl\u0131\u011f\u0131n\u0131 kazand\u0131rmay\u0131 hem de onlar\u0131 dijital \u00e7a\u011f\u0131n tuzaklar\u0131ndan kurtarmay\u0131 hedeflediklerini belirten Belediyesi Ba\u015fkan\u0131 \u0130rfan Din\u00e7, &#8216;\u00c7ocuklar\u0131m\u0131z Tren K\u00fct\u00fcphane&#8217;de kitap okumay\u0131 \u00e7ok sevdi. \u015eimdi de U\u00e7ak K\u00fct\u00fcphanemiz yavrular\u0131m\u0131z\u0131 a\u011f\u0131rl\u0131yor. Onlar\u0131 daha fazla kitap ile bulu\u015fturmak ve okumaya ilgilerini artt\u0131rmak i\u00e7in orijinal ve dikkatlerini \u00e7ekecek mek\u00e2nlar haz\u0131rlayarak okuma s\u00fcrecini daha cazip ve g\u00fczel bir hale getirmek istedik. \u00c7ocuklar\u0131m\u0131z ailelerini veya \u00f6\u011fretmenlerini bu k\u00fct\u00fcphanelerimize gelmek i\u00e7in zorluyorlar, bu da bizim \u00e7ok ho\u015fumuza gidiyor. G\u00f6zlerindeki p\u0131r\u0131lt\u0131y\u0131, y\u00fczlerindeki memnuniyeti g\u00f6rmek her \u015feye de\u011fiyor. Temal\u0131 K\u00fct\u00fcphanelerimizin devam\u0131 gemi ve denizalt\u0131 k\u00fct\u00fcphaneler ile gelecek. \u00c7ank\u0131r\u0131&#8217;n\u0131n &#8216;K\u00fct\u00fcphaneler \u015eehri&#8217; imaj\u0131 ile yeni nesil ve gelecek aras\u0131nda sa\u011flam bir k\u00f6pr\u00fc olu\u015fturdu\u011fu kanaatindeyim. Biz, kitap okuman\u0131n ve k\u00fct\u00fcphanelerin her \u00e7a\u011fda vazge\u00e7ilmez olmas\u0131n\u0131 hayal ettik ve ger\u00e7ekle\u015ftirdik. &#8216; ifadelerini kulland\u0131.<\/p>\n<p>Kaynak:http:\/\/flashaber24.com\/<\/p>\n","protected":false},"excerpt":{"rendered":"<p>\u00c7ank\u0131r\u0131&#8217;da ya\u015fayan \u00e7ocuklar, d\u00fcnyan\u0131n hi\u00e7bir yerinde \u00f6rne\u011fi olmayan k\u00fct\u00fcphanelerde kitap okuman\u0131n ayr\u0131cal\u0131\u011f\u0131n\u0131 ya\u015f\u0131yor. \u00c7ank\u0131r\u0131 Belediyesi&#8217;nin \u00e7ocuklara okuma al\u0131\u015fkanl\u0131\u011f\u0131 kazand\u0131rmak i\u00e7in hayata ge\u00e7irdi\u011fi temal\u0131 k\u00fct\u00fcphaneler projelerinden biri olan U\u00e7ak K\u00fct\u00fcphane, Tren K\u00fct\u00fcphane ile birlikte kitap dostu k\u00fc\u00e7\u00fck misafirlerini a\u011f\u0131rl\u0131yor.<\/p>\n","protected":false},"author":1,"featured_media":20889,"comment_status":"open","ping_status":"open","sticky":false,"template":"","format":"standard","meta":{"footnotes":""},"categories":[],"tags":[1439,395],"class_list":["post-20888","post","type-post","status-publish","format-standard","has-post-thumbnail","hentry","tag-cocuk-kutuphaneleri","tag-ucak-kutuphane"],"_links":{"self":[{"href":"https:\/\/www.bbyhaber.com\/bby\/wp-json\/wp\/v2\/posts\/20888"}],"collection":[{"href":"https:\/\/www.bbyhaber.com\/bby\/wp-json\/wp\/v2\/posts"}],"about":[{"href":"https:\/\/www.bbyhaber.com\/bby\/wp-json\/wp\/v2\/types\/post"}],"author":[{"embeddable":true,"href":"https:\/\/www.bbyhaber.com\/bby\/wp-json\/wp\/v2\/users\/1"}],"replies":[{"embeddable":true,"href":"https:\/\/www.bbyhaber.com\/bby\/wp-json\/wp\/v2\/comments?post=20888"}],"version-history":[{"count":2,"href":"https:\/\/www.bbyhaber.com\/bby\/wp-json\/wp\/v2\/posts\/20888\/revisions"}],"predecessor-version":[{"id":21173,"href":"https:\/\/www.bbyhaber.com\/bby\/wp-json\/wp\/v2\/posts\/20888\/revisions\/21173"}],"wp:featuredmedia":[{"embeddable":true,"href":"https:\/\/www.bbyhaber.com\/bby\/wp-json\/wp\/v2\/media\/20889"}],"wp:attachment":[{"href":"https:\/\/www.bbyhaber.com\/bby\/wp-json\/wp\/v2\/media?parent=20888"}],"wp:term":[{"taxonomy":"category","embeddable":true,"href":"https:\/\/www.bbyhaber.com\/bby\/wp-json\/wp\/v2\/categories?post=20888"},{"taxonomy":"post_tag","embeddable":true,"href":"https:\/\/www.bbyhaber.com\/bby\/wp-json\/wp\/v2\/tags?post=20888"}],"curies":[{"name":"wp","href":"https:\/\/api.w.org\/{rel}","templated":true}]}}