{"id":20885,"date":"2017-01-20T08:58:49","date_gmt":"2017-01-20T05:58:49","guid":{"rendered":"http:\/\/www.bbyhaber.com\/bby\/?p=20885"},"modified":"2017-01-20T08:58:49","modified_gmt":"2017-01-20T05:58:49","slug":"merkez-kutuphane-binasi-hizmete-acildi-nevsehir","status":"publish","type":"post","link":"https:\/\/www.bbyhaber.com\/bby\/2017\/01\/20\/merkez-kutuphane-binasi-hizmete-acildi-nevsehir","title":{"rendered":"Merkez k\u00fct\u00fcphane binas\u0131 hizmete a\u00e7\u0131ld\u0131-Nev\u015fehir"},"content":{"rendered":"<p><img loading=\"lazy\" decoding=\"async\" class=\"alignleft size-medium wp-image-20886\" src=\"http:\/\/www.bbyhaber.com\/bby\/wp-content\/uploads\/2017\/01\/nevsehir-hacibektasi-veli-univ-kutup-300x129.jpg\" alt=\"\" width=\"300\" height=\"129\" data-wp-pid=\"20886\" srcset=\"https:\/\/www.bbyhaber.com\/bby\/wp-content\/uploads\/2017\/01\/nevsehir-hacibektasi-veli-univ-kutup-300x129.jpg 300w, https:\/\/www.bbyhaber.com\/bby\/wp-content\/uploads\/2017\/01\/nevsehir-hacibektasi-veli-univ-kutup.jpg 660w\" sizes=\"(max-width: 300px) 100vw, 300px\" \/>Nev\u015fehir Hac\u0131 Bekta\u015f Veli \u00dcniversitesi Merkez K\u00fct\u00fcphane binas\u0131 d\u00fczenlenen t\u00f6renle hizmete a\u00e7\u0131ld\u0131. \u00dcniversite merkez yerle\u015fkede yap\u0131m\u0131 tamamlanan Merkez K\u00fct\u00fcphane binas\u0131n\u0131n a\u00e7\u0131l\u0131\u015f\u0131na; Rekt\u00f6r Prof. Dr. Filiz K\u0131l\u0131\u00e7, Rekt\u00f6r Yard\u0131mc\u0131lar\u0131 Prof. Dr. Davut K\u0131l\u0131\u00e7 ve Prof. Dr. Mehmet K\u00f6\u00e7er, K\u00fct\u00fcphane ve Dok\u00fcmantasyon Daire Ba\u015fkan\u0131 \u00d6zdemir Cingi, \u00fcniversite akademik ve idari personeli, \u00f6\u011frenciler ile davetliler kat\u0131ld\u0131.<!--more--><\/p>\n<p>Sayg\u0131 Duru\u015fu ve \u0130stiklal Mar\u015f\u0131\u00b4n\u0131n okunmas\u0131yla ba\u011flayan a\u00e7\u0131l\u0131\u015fta konu\u015fan Rekt\u00f6r Prof. Dr. Filiz K\u0131l\u0131\u00e7, \u201c<strong>K\u00fct\u00fcphaneler, \u00fcniversitelerin olmazsa olmaz en \u00f6nemli unsurlar\u0131ndan bir tanesidir.<\/strong> Biz de, mevcut k\u00fct\u00fcphanemizin her ge\u00e7en y\u0131l b\u00fcy\u00fcy\u00fcp geli\u015fen \u00fcniversitemize yetersiz kalmas\u0131 nedeniyle hem \u00fcniversitemize hem de \u015fehrimize daha modern bir k\u00fct\u00fcphane kazand\u0131rmay\u0131 planlam\u0131\u015ft\u0131k.<\/p>\n<p>Modern ve \u00e7ok ama\u00e7l\u0131 bir k\u00fct\u00fcphaneyi \u00fcniversitemize kazand\u0131rmak ad\u0131na; gerek yurt i\u00e7inde gerekse yurt d\u0131\u015f\u0131nda bulunan bir\u00e7ok k\u00fct\u00fcphanede ara\u015ft\u0131rmalarda ve incelemelerde bulunduk. Sonu\u00e7 olarak da bug\u00fcn burada a\u00e7\u0131l\u0131\u015f\u0131n\u0131 hep birlikte ger\u00e7ekle\u015ftirece\u011fimiz, teknolojinin en son imkanlar\u0131n\u0131n kullan\u0131ld\u0131\u011f\u0131 k\u00fct\u00fcphanemizi tamamlad\u0131k\u201d dedi.<\/p>\n<p>Rekt\u00f6r konu\u015fmas\u0131n\u0131, \u201c10.000 m2 kapal\u0131 alan \u00fczerinde akustik tasar\u0131m\u0131yla da \u00f6n plana \u00e7\u0131kan k\u00fct\u00fcphanemizi, kullan\u0131c\u0131lar\u0131n en rahat \u015fekilde \u00e7al\u0131\u015fmalar\u0131na imkan sa\u011flaman\u0131n yan\u0131 s\u0131ra, sosyal zaman ge\u00e7irebilecekleri alan olarak da tasarlad\u0131k. K\u00fct\u00fcphane binam\u0131zda; okuma salonlar\u0131, engelsiz k\u00fct\u00fcphane birimi, grup ve bireysel \u00e7al\u0131\u015fma ama\u00e7l\u0131 odalar, internet salonu, s\u00fcreli yay\u0131nlar salonu, g\u00f6rsel i\u015fitsel materyaller salonu, Audio-Video salonu, nadir eserler salonu, kitap sat\u0131\u015f birimi, kafeterya ve fotokopi biriminden olu\u015fuyor. Ayr\u0131ca \u015funu \u00f6zellikle belirtmek isterim ki, k\u00fct\u00fcphanemiz kullan\u0131c\u0131lar\u0131na 24 saat hizmet verecek.<\/p>\n<p>Huzurunuzda eme\u011fi ge\u00e7en b\u00fct\u00fcn arkada\u015flara bir kez daha te\u015fekk\u00fcr ediyor, yeni k\u00fct\u00fcphanemizin \u00fcniversitemize ve \u015fehrimize hay\u0131rl\u0131 olmas\u0131 temennisinde bulunuyorum\u201d diye tamamlad\u0131.<\/p>\n<p>Rekt\u00f6r, konu\u015fmalar\u0131n\u0131n ard\u0131ndan kat\u0131l\u0131mc\u0131lar ile birlikte Merkez K\u00fct\u00fcphane binas\u0131n\u0131n a\u00e7\u0131l\u0131\u015f\u0131n\u0131 ger\u00e7ekle\u015ftirdi. Rekt\u00f6r ve kat\u0131l\u0131mc\u0131lar daha sonra k\u00fct\u00fcphane binas\u0131n\u0131 gezdi.<\/p>\n<p>Kaynak:http:\/\/muskarahaber.com\/<\/p>\n","protected":false},"excerpt":{"rendered":"<p>Nev\u015fehir Hac\u0131 Bekta\u015f Veli \u00dcniversitesi Merkez K\u00fct\u00fcphane binas\u0131 d\u00fczenlenen t\u00f6renle hizmete a\u00e7\u0131ld\u0131. \u00dcniversite merkez yerle\u015fkede yap\u0131m\u0131 tamamlanan Merkez K\u00fct\u00fcphane binas\u0131n\u0131n a\u00e7\u0131l\u0131\u015f\u0131na; Rekt\u00f6r Prof. Dr. Filiz K\u0131l\u0131\u00e7, Rekt\u00f6r Yard\u0131mc\u0131lar\u0131 Prof. Dr. Davut K\u0131l\u0131\u00e7 ve Prof. Dr. Mehmet K\u00f6\u00e7er, K\u00fct\u00fcphane ve Dok\u00fcmantasyon Daire Ba\u015fkan\u0131 \u00d6zdemir Cingi, \u00fcniversite akademik ve idari personeli, \u00f6\u011frenciler ile davetliler kat\u0131ld\u0131.<\/p>\n","protected":false},"author":1,"featured_media":20886,"comment_status":"open","ping_status":"open","sticky":false,"template":"","format":"standard","meta":{"footnotes":""},"categories":[],"tags":[1437],"class_list":["post-20885","post","type-post","status-publish","format-standard","has-post-thumbnail","hentry","tag-univ-arastirma-kutuphaneleri"],"_links":{"self":[{"href":"https:\/\/www.bbyhaber.com\/bby\/wp-json\/wp\/v2\/posts\/20885"}],"collection":[{"href":"https:\/\/www.bbyhaber.com\/bby\/wp-json\/wp\/v2\/posts"}],"about":[{"href":"https:\/\/www.bbyhaber.com\/bby\/wp-json\/wp\/v2\/types\/post"}],"author":[{"embeddable":true,"href":"https:\/\/www.bbyhaber.com\/bby\/wp-json\/wp\/v2\/users\/1"}],"replies":[{"embeddable":true,"href":"https:\/\/www.bbyhaber.com\/bby\/wp-json\/wp\/v2\/comments?post=20885"}],"version-history":[{"count":1,"href":"https:\/\/www.bbyhaber.com\/bby\/wp-json\/wp\/v2\/posts\/20885\/revisions"}],"predecessor-version":[{"id":20887,"href":"https:\/\/www.bbyhaber.com\/bby\/wp-json\/wp\/v2\/posts\/20885\/revisions\/20887"}],"wp:featuredmedia":[{"embeddable":true,"href":"https:\/\/www.bbyhaber.com\/bby\/wp-json\/wp\/v2\/media\/20886"}],"wp:attachment":[{"href":"https:\/\/www.bbyhaber.com\/bby\/wp-json\/wp\/v2\/media?parent=20885"}],"wp:term":[{"taxonomy":"category","embeddable":true,"href":"https:\/\/www.bbyhaber.com\/bby\/wp-json\/wp\/v2\/categories?post=20885"},{"taxonomy":"post_tag","embeddable":true,"href":"https:\/\/www.bbyhaber.com\/bby\/wp-json\/wp\/v2\/tags?post=20885"}],"curies":[{"name":"wp","href":"https:\/\/api.w.org\/{rel}","templated":true}]}}