{"id":20852,"date":"2017-01-13T13:04:39","date_gmt":"2017-01-13T10:04:39","guid":{"rendered":"http:\/\/www.bbyhaber.com\/bby\/?p=20852"},"modified":"2017-02-22T13:01:01","modified_gmt":"2017-02-22T10:01:01","slug":"oclc-avrupa-ortadogu-ve-afrika-bolgesi-konferansi-21-22-subat-2017-almanya","status":"publish","type":"post","link":"https:\/\/www.bbyhaber.com\/bby\/2017\/01\/13\/oclc-avrupa-ortadogu-ve-afrika-bolgesi-konferansi-21-22-subat-2017-almanya","title":{"rendered":"OCLC Avrupa, Ortadogu ve Afrika B\u00f6lgesi Konferans\u0131: 21-22 \u015eubat 2017, Almanya"},"content":{"rendered":"<p><img loading=\"lazy\" decoding=\"async\" class=\"alignleft size-medium wp-image-20853\" src=\"http:\/\/www.bbyhaber.com\/bby\/wp-content\/uploads\/2017\/01\/oclc2017-300x150.jpg\" alt=\"\" width=\"300\" height=\"150\" data-wp-pid=\"20853\" srcset=\"https:\/\/www.bbyhaber.com\/bby\/wp-content\/uploads\/2017\/01\/oclc2017-300x150.jpg 300w, https:\/\/www.bbyhaber.com\/bby\/wp-content\/uploads\/2017\/01\/oclc2017.jpg 660w\" sizes=\"(max-width: 300px) 100vw, 300px\" \/>OCLC Avrupa, Ortado\u011fu ve Afrika B\u00f6lgesi Konferans\u0131 <span style=\"color: #ff0000;\"><strong>21-22 \u015eubat 2017<\/strong><\/span> tarihlerinde bu y\u0131l Berlin &#8211; Almanya&#8217;da yap\u0131lacakt\u0131r. Konferans temas\u0131 &#8220;D\u00f6rtyolda K\u00fct\u00fcphaneler:<!--more--> Kimlikleri \u00c7\u00f6z\u00fcmlemek (Libraries at the crossroads: Resolving Identities)&#8221; olarak belirlenmi\u015ftir.<\/p>\n<p><strong><a href=\"https:\/\/www.oclc.org\/events\/2017\/emea-annual-2017\/emea-2017.en.html\" target=\"_blank\">Kay\u0131t ve detayl\u0131 bilgi i\u00e7in t\u0131klay\u0131n\u0131z<\/a>.<\/strong><\/p>\n","protected":false},"excerpt":{"rendered":"<p>OCLC Avrupa, Ortado\u011fu ve Afrika B\u00f6lgesi Konferans\u0131 21-22 \u015eubat 2017 tarihlerinde bu y\u0131l Berlin &#8211; Almanya&#8217;da yap\u0131lacakt\u0131r. Konferans temas\u0131 &#8220;D\u00f6rtyolda K\u00fct\u00fcphaneler:<\/p>\n","protected":false},"author":1,"featured_media":20853,"comment_status":"open","ping_status":"open","sticky":false,"template":"","format":"standard","meta":{"footnotes":""},"categories":[],"tags":[1395,85],"class_list":["post-20852","post","type-post","status-publish","format-standard","has-post-thumbnail","hentry","tag-bby-mesleki-etkinlikler-arsivi","tag-oclc"],"_links":{"self":[{"href":"https:\/\/www.bbyhaber.com\/bby\/wp-json\/wp\/v2\/posts\/20852"}],"collection":[{"href":"https:\/\/www.bbyhaber.com\/bby\/wp-json\/wp\/v2\/posts"}],"about":[{"href":"https:\/\/www.bbyhaber.com\/bby\/wp-json\/wp\/v2\/types\/post"}],"author":[{"embeddable":true,"href":"https:\/\/www.bbyhaber.com\/bby\/wp-json\/wp\/v2\/users\/1"}],"replies":[{"embeddable":true,"href":"https:\/\/www.bbyhaber.com\/bby\/wp-json\/wp\/v2\/comments?post=20852"}],"version-history":[{"count":1,"href":"https:\/\/www.bbyhaber.com\/bby\/wp-json\/wp\/v2\/posts\/20852\/revisions"}],"predecessor-version":[{"id":20854,"href":"https:\/\/www.bbyhaber.com\/bby\/wp-json\/wp\/v2\/posts\/20852\/revisions\/20854"}],"wp:featuredmedia":[{"embeddable":true,"href":"https:\/\/www.bbyhaber.com\/bby\/wp-json\/wp\/v2\/media\/20853"}],"wp:attachment":[{"href":"https:\/\/www.bbyhaber.com\/bby\/wp-json\/wp\/v2\/media?parent=20852"}],"wp:term":[{"taxonomy":"category","embeddable":true,"href":"https:\/\/www.bbyhaber.com\/bby\/wp-json\/wp\/v2\/categories?post=20852"},{"taxonomy":"post_tag","embeddable":true,"href":"https:\/\/www.bbyhaber.com\/bby\/wp-json\/wp\/v2\/tags?post=20852"}],"curies":[{"name":"wp","href":"https:\/\/api.w.org\/{rel}","templated":true}]}}