{"id":2079,"date":"2012-01-08T14:39:00","date_gmt":"2012-01-08T14:39:00","guid":{"rendered":"http:\/\/www.bbyhaber.com\/bby\/?p=2079"},"modified":"2016-08-23T09:29:57","modified_gmt":"2016-08-23T06:29:57","slug":"ilkogretim-ogrencisi-caylinin-mektubu-okuluna-kutuphane-kazandirdi","status":"publish","type":"post","link":"https:\/\/www.bbyhaber.com\/bby\/2012\/01\/08\/ilkogretim-ogrencisi-caylinin-mektubu-okuluna-kutuphane-kazandirdi","title":{"rendered":"\u0130lk\u00f6\u011fretim \u00d6\u011frencisi \u00c7ayl\u0131&#8217;n\u0131n Mektubu Okuluna K\u00fct\u00fcphane Kazand\u0131rd\u0131"},"content":{"rendered":"<p style=\"text-align: justify;\">Hatay&#8217;\u0131n Alt\u0131n\u00f6z\u00fc \u0130l\u00e7esine ba\u011fl\u0131 Alakent k\u00f6y\u00fcnde, Alakent \u015eehit B\u00fclent Bilger \u0130lk\u00f6\u011fretim Okulu 6&#8217;nc\u0131 s\u0131n\u0131f \u00f6\u011frencisi Sevgi \u00c7ayl\u0131&#8217;n\u0131n Emniyet M\u00fcd\u00fcr\u00fcne yazd\u0131\u011f\u0131 mektup okuluna k\u00fct\u00fcphane kazand\u0131rd\u0131. \u0130l Emniyet M\u00fcd\u00fcr\u00fc Rag\u0131p K\u0131l\u0131\u00e7, &#8220;Polis Abi K\u00fct\u00fcphanesi&#8221;nin a\u00e7\u0131l\u0131\u015f\u0131nda yapt\u0131\u011f\u0131 konu\u015fmada, bu okulda e\u011fitim g\u00f6ren \u00c7ayl\u0131&#8217;n\u0131n 2010 y\u0131l\u0131nda kendilerine g\u00f6nderdi\u011fi duygu y\u00fckl\u00fc mektupta kitap talebinde bulundu\u011funu,<!--more--> te\u015fkilat olarak duyars\u0131z kalmay\u0131p bin 182 kitap toplad\u0131klar\u0131n\u0131, ba\u011f\u0131\u015fta bulunmak i\u00e7in geldiklerinde okulda k\u00fct\u00fcphane olmad\u0131\u011f\u0131n\u0131 g\u00f6rd\u00fcklerini, tahsis edilen bir odan\u0131n tefri\u015fat\u0131n\u0131 yaparak k\u00fct\u00fcphaneye d\u00f6n\u00fc\u015ft\u00fcrd\u00fcklerini ve bug\u00fcn de a\u00e7\u0131l\u0131\u015f\u0131n\u0131 yapt\u0131klar\u0131n\u0131 ifade etti.<\/p>\n<p style=\"text-align: justify;\">Hatay Valisi Mehmet Celalettin Lekesiz de, a\u00e7\u0131l\u0131\u015fta yapt\u0131\u011f\u0131 konu\u015fmada, k\u00f6ye okul k\u00fct\u00fcphanesinin a\u00e7\u0131l\u0131\u015f\u0131 ve ayn\u0131 zamanda bu vesileyle varsa k\u00f6y\u00fcn de dertlerini dinlemek i\u00e7in geldiklerini kaydetti. T\u00fcrkiye ve Hatay&#8217;da sosyal ve ekonomik kalk\u0131nma a\u00e7\u0131s\u0131ndan fevkalade memnuniyet verici geli\u015fmeler ya\u015fand\u0131\u011f\u0131n\u0131 belirten Lekesiz, bu geli\u015fmelerin tetiklenebilmesi, s\u00fcrd\u00fcr\u00fclebilir olmas\u0131 ve daha da kal\u0131c\u0131 olabilmesi i\u00e7in yeti\u015fmi\u015f insan g\u00fcc\u00fcn\u00fcn \u00e7ok \u00f6nemli oldu\u011funu ifade etti.<\/p>\n<p style=\"text-align: justify;\">T\u00fcrkiye&#8217;de oldu\u011fu gibi, kent genelinde de \u00e7ok g\u00fczel \u00e7al\u0131\u015fmalar yap\u0131ld\u0131\u011f\u0131n\u0131 kaydeden Lekesiz, Hatay genelinde okuma k\u00f6\u015fesi, okuma salonu veya k\u00fct\u00fcphanesi olmayan bir tane dahi okul kalmad\u0131\u011f\u0131n\u0131 belirtti. Lekesiz, Hatay&#8217;da okul k\u00fct\u00fcphanelerinde 51 bin olan kitap say\u0131s\u0131n\u0131 kampanyayla 1 milyon 450 bine ula\u015ft\u0131\u011f\u0131n\u0131 ifade etti.<\/p>\n<p style=\"text-align: justify;\">Alt\u0131n\u00f6z\u00fc Kaymakam\u0131 ve Vali Yard\u0131mc\u0131s\u0131 Ali Arslanta\u015f ise, a\u00e7\u0131l\u0131\u015f\u0131 yap\u0131lan k\u00fct\u00fcphaneye 2 bin 879 kitap kazand\u0131r\u0131ld\u0131\u011f\u0131n\u0131, \u00f6\u011frenciler taraf\u0131ndan 8 bin 890 kitab\u0131n okundu\u011funu, k\u00f6yde a\u00e7\u0131lan kurslar ile okur-yazar olmayan hi\u00e7 kimsenin kalmad\u0131\u011f\u0131n\u0131 belirtti.<\/p>\n<p style=\"text-align: justify;\">Konu\u015fmalar\u0131n ard\u0131ndan okul gezildi ve k\u00fct\u00fcphanenin a\u00e7\u0131l\u0131\u015f\u0131 yap\u0131ld\u0131. K\u00fct\u00fcphanede \u0130l Emniyet M\u00fcd\u00fcr\u00fc Rag\u0131p K\u0131l\u0131\u00e7, okul \u00f6\u011frencisi Sevgi \u00c7ayl\u0131&#8217;n\u0131n yazd\u0131\u011f\u0131 ve kendisin de ona hitaben yazd\u0131\u011f\u0131 \u00e7er\u00e7eveletilmi\u015f mektuplar\u0131 burada as\u0131lmak \u00fczere \u00c7ayl\u0131&#8217;ya verdi. Vali Lekesiz okulda s\u0131n\u0131flar\u0131 gezdi\u011fi esnada \u00e7ocuklarla sohbet etti ve onlara kitap hediye etti.<\/p>\n<p style=\"text-align: justify;\">Etkinli\u011fe, \u0130l Jandarma Komutan\u0131 Albay Mustafa Ba\u015fo\u011flu, Alt\u0131n\u00f6z\u00fc Belediye Ba\u015fkan\u0131 Cavit Alkan, \u0130l Genel Meclisi Ba\u015fkan\u0131 Mehmet G\u00fclen, \u0130l \u00d6zel \u0130daresi Genel Sekreteri Muhittin \u015eahin, \u0130l Milli E\u011fitim M\u00fcd\u00fcr\u00fc Cafer Tulma\u00e7 ile baz\u0131 daire m\u00fcd\u00fcrleri kat\u0131ld\u0131.<\/p>\n<p style=\"text-align: justify;\">Kaynak: http:\/\/www.haberler.com<\/p>\n","protected":false},"excerpt":{"rendered":"<p>Hatay&#8217;\u0131n Alt\u0131n\u00f6z\u00fc \u0130l\u00e7esine ba\u011fl\u0131 Alakent k\u00f6y\u00fcnde, Alakent \u015eehit B\u00fclent Bilger \u0130lk\u00f6\u011fretim Okulu 6&#8217;nc\u0131 s\u0131n\u0131f \u00f6\u011frencisi Sevgi \u00c7ayl\u0131&#8217;n\u0131n Emniyet M\u00fcd\u00fcr\u00fcne yazd\u0131\u011f\u0131 mektup okuluna k\u00fct\u00fcphane kazand\u0131rd\u0131. \u0130l Emniyet M\u00fcd\u00fcr\u00fc Rag\u0131p K\u0131l\u0131\u00e7, &#8220;Polis Abi K\u00fct\u00fcphanesi&#8221;nin a\u00e7\u0131l\u0131\u015f\u0131nda yapt\u0131\u011f\u0131 konu\u015fmada, bu okulda e\u011fitim g\u00f6ren \u00c7ayl\u0131&#8217;n\u0131n 2010 y\u0131l\u0131nda kendilerine g\u00f6nderdi\u011fi duygu y\u00fckl\u00fc mektupta kitap talebinde bulundu\u011funu,<\/p>\n","protected":false},"author":1,"featured_media":0,"comment_status":"open","ping_status":"open","sticky":false,"template":"","format":"standard","meta":{"footnotes":""},"categories":[1],"tags":[],"class_list":["post-2079","post","type-post","status-publish","format-standard","hentry","category-genel"],"_links":{"self":[{"href":"https:\/\/www.bbyhaber.com\/bby\/wp-json\/wp\/v2\/posts\/2079"}],"collection":[{"href":"https:\/\/www.bbyhaber.com\/bby\/wp-json\/wp\/v2\/posts"}],"about":[{"href":"https:\/\/www.bbyhaber.com\/bby\/wp-json\/wp\/v2\/types\/post"}],"author":[{"embeddable":true,"href":"https:\/\/www.bbyhaber.com\/bby\/wp-json\/wp\/v2\/users\/1"}],"replies":[{"embeddable":true,"href":"https:\/\/www.bbyhaber.com\/bby\/wp-json\/wp\/v2\/comments?post=2079"}],"version-history":[{"count":0,"href":"https:\/\/www.bbyhaber.com\/bby\/wp-json\/wp\/v2\/posts\/2079\/revisions"}],"wp:attachment":[{"href":"https:\/\/www.bbyhaber.com\/bby\/wp-json\/wp\/v2\/media?parent=2079"}],"wp:term":[{"taxonomy":"category","embeddable":true,"href":"https:\/\/www.bbyhaber.com\/bby\/wp-json\/wp\/v2\/categories?post=2079"},{"taxonomy":"post_tag","embeddable":true,"href":"https:\/\/www.bbyhaber.com\/bby\/wp-json\/wp\/v2\/tags?post=2079"}],"curies":[{"name":"wp","href":"https:\/\/api.w.org\/{rel}","templated":true}]}}