{"id":20780,"date":"2017-01-08T16:53:20","date_gmt":"2017-01-08T13:53:20","guid":{"rendered":"http:\/\/www.bbyhaber.com\/bby\/?p=20780"},"modified":"2017-06-30T08:39:28","modified_gmt":"2017-06-30T05:39:28","slug":"mahalli-idarelerdeki-sozlesmeli-kutuphaneci-ucret-tavanlari","status":"publish","type":"post","link":"https:\/\/www.bbyhaber.com\/bby\/2017\/01\/08\/mahalli-idarelerdeki-sozlesmeli-kutuphaneci-ucret-tavanlari","title":{"rendered":"Mahalli \u0130darelerdeki S\u00f6zle\u015fmeli K\u00fct\u00fcphaneci \u00dccret Tavanlar\u0131"},"content":{"rendered":"<p><img loading=\"lazy\" decoding=\"async\" class=\"size-medium wp-image-20783 alignleft\" src=\"http:\/\/www.bbyhaber.com\/bby\/wp-content\/uploads\/2017\/01\/mahallis\u00f6zle\u015fme\u015fik\u00fct\u00fcphaneci-300x150.jpg\" alt=\"\" width=\"300\" height=\"150\" srcset=\"https:\/\/www.bbyhaber.com\/bby\/wp-content\/uploads\/2017\/01\/mahallis\u00f6zle\u015fme\u015fik\u00fct\u00fcphaneci-300x150.jpg 300w, https:\/\/www.bbyhaber.com\/bby\/wp-content\/uploads\/2017\/01\/mahallis\u00f6zle\u015fme\u015fik\u00fct\u00fcphaneci.jpg 660w\" sizes=\"(max-width: 300px) 100vw, 300px\" \/><\/p>\n<p><span style=\"color: #000000;\">Maliye Bakanl\u0131\u011f\u0131 B\u00fct\u00e7e ve Mali Kontrol Genel M\u00fcd\u00fcrl\u00fc\u011f\u00fc, mahalli idarelerde istihdam edilecek s\u00f6zle\u015fmeli personele \u00f6denecek \u00fccretlerin tavan miktarlar\u0131n\u0131 belirledi. <\/span><\/p>\n<p><span style=\"color: #000000;\">Buna g\u00f6re, mahalli idarelerde istihdam edilecek S\u00f6zle\u015fmeli K\u00fct\u00fcphanecilerin alaca\u011f\u0131 \u00fccreti ekte g\u00f6rebilirsiniz.<\/span><!--more--><\/p>\n<p><a href=\"http:\/\/www.bbyhaber.com\/bby\/wp-content\/uploads\/2017\/01\/ma11.jpg\"><img loading=\"lazy\" decoding=\"async\" class=\"aligncenter wp-image-20781 size-full\" src=\"http:\/\/www.bbyhaber.com\/bby\/wp-content\/uploads\/2017\/01\/ma11.jpg\" width=\"1917\" height=\"273\" srcset=\"https:\/\/www.bbyhaber.com\/bby\/wp-content\/uploads\/2017\/01\/ma11.jpg 1917w, https:\/\/www.bbyhaber.com\/bby\/wp-content\/uploads\/2017\/01\/ma11-300x43.jpg 300w, https:\/\/www.bbyhaber.com\/bby\/wp-content\/uploads\/2017\/01\/ma11-768x109.jpg 768w, https:\/\/www.bbyhaber.com\/bby\/wp-content\/uploads\/2017\/01\/ma11-1024x146.jpg 1024w, https:\/\/www.bbyhaber.com\/bby\/wp-content\/uploads\/2017\/01\/ma11-800x114.jpg 800w\" sizes=\"(max-width: 1917px) 100vw, 1917px\" \/><\/a> <a href=\"http:\/\/www.bbyhaber.com\/bby\/wp-content\/uploads\/2017\/01\/ma22.jpg\"><img loading=\"lazy\" decoding=\"async\" class=\"aligncenter wp-image-20782 size-full\" src=\"http:\/\/www.bbyhaber.com\/bby\/wp-content\/uploads\/2017\/01\/ma22.jpg\" width=\"1948\" height=\"661\" srcset=\"https:\/\/www.bbyhaber.com\/bby\/wp-content\/uploads\/2017\/01\/ma22.jpg 1948w, https:\/\/www.bbyhaber.com\/bby\/wp-content\/uploads\/2017\/01\/ma22-300x102.jpg 300w, https:\/\/www.bbyhaber.com\/bby\/wp-content\/uploads\/2017\/01\/ma22-768x261.jpg 768w, https:\/\/www.bbyhaber.com\/bby\/wp-content\/uploads\/2017\/01\/ma22-1024x347.jpg 1024w, https:\/\/www.bbyhaber.com\/bby\/wp-content\/uploads\/2017\/01\/ma22-800x271.jpg 800w\" sizes=\"(max-width: 1948px) 100vw, 1948px\" \/><\/a><\/p>\n<p>&nbsp;<\/p>\n<p>\u0130\u015fte Maliye Bakanl\u0131\u011f\u0131 Genelgesi<\/p>\n<p><b>T.C.<br \/>\nMAL\u0130YE BAKANLI\u011eI<br \/>\nB\u00fct\u00e7e ve Mali Kontrol Genel M\u00fcd\u00fcrl\u00fc\u011f\u00fc<\/b><\/p>\n<p>Say\u0131 : 79847095-010.06.02-[115708-184]-325 05\/01\/2017<\/p>\n<p>Konu : Mahalli \u0130dare S\u00f6zle\u015fmeli Personel \u00dccret Tavanlar\u0131<\/p>\n<p>GENELGE<\/p>\n<p>23\/8\/2015 tarihli ve 29454 say\u0131l\u0131 Resmi Gazetede yay\u0131mlanm\u0131\u015f olan Kamu G\u00f6revlilerinin Geneline ve Hizmet Kollar\u0131na Y\u00f6nelik Mali ve Sosyal Haklara \u0130li\u015fkin 2016 ve 2017 Y\u0131llar\u0131n\u0131 Kapsayan 3. D\u00f6nem Toplu S\u00f6zle\u015fmenin 5 inci maddesi \u00e7er\u00e7evesinde Bakanl\u0131\u011f\u0131m\u0131z taraf\u0131ndan \u00e7\u0131kar\u0131lan 3.1.2017 tarihli ve 27998389.010.06.02\/66 say\u0131l\u0131 Genelge ile 1\/1\/2017-30\/06\/2017 d\u00f6neminde ge\u00e7erli olmak \u00fczere;<\/p>\n<p>657 say\u0131l\u0131 Devlet Memurlar\u0131 Kanununun 154 \u00fcnc\u00fc maddesi uyar\u0131nca ayl\u0131k g\u00f6sterge tablosunda yer alan rakamlar ile ek g\u00f6sterge rakamlar\u0131n\u0131n ayl\u0131k tutarlara \u00e7evrilmesinde uygulanacak ayl\u0131k katsay\u0131s\u0131 (0,096058) olarak; memuriyet taban ayl\u0131\u011f\u0131 g\u00f6stergesine uygulanacak taban ayl\u0131k katsay\u0131s\u0131 (1,503595) olarak; i\u015f g\u00fc\u00e7l\u00fc\u011f\u00fc, i\u015f riski, temininde g\u00fc\u00e7l\u00fck ve mali sorumluluk zamlar\u0131n\u0131n ayl\u0131k tutarlara \u00e7evrilmesinde uygulanacak yan \u00f6deme katsay\u0131s\u0131 ise (0,030462) olarak belirlenmi\u015ftir.<\/p>\n<p>Bu itibarla, 5393 say\u0131l\u0131 Belediye Kanununun 49 uncu maddesi \u00e7er\u00e7evesinde 2017 y\u0131l\u0131nda s\u00f6zle\u015fmeli personel olarak \u00e7al\u0131\u015ft\u0131r\u0131lacaklar\u0131n s\u00f6zle\u015fmelerinin d\u00fczenlenmesinde, s\u00f6zle\u015fme \u00fccretlerinin tespitinde ve \u00f6denmesinde a\u015fa\u011f\u0131da belirtilen hususlara uygun olarak i\u015flem tesis edilmesi gerekmektedir.<\/p>\n<p>1- 24\/7\/2008 tarihli ve 5793 say\u0131l\u0131 Kanunun 46 nc\u0131 maddesiyle yap\u0131lan d\u00fczenleme neticesinde, 5393 say\u0131l\u0131 Belediye Kanununun 49 uncu maddesinin be\u015finci f\u0131kras\u0131nda yer alan <b>&#8220;\u0130\u00e7i\u015fleri Bakanl\u0131\u011f\u0131na ve Maliye Bakanl\u0131\u011f\u0131na&#8221; <\/b>ibaresi, &#8220;<b>\u0130\u00e7i\u015fleri Bakanl\u0131\u011f\u0131na&#8221;<\/b> \u015feklinde de\u011fi\u015ftirilmi\u015ftir. Bu nedenle, 5393 say\u0131l\u0131 Belediye Kanununun 49 uncu maddesinin \u00fc\u00e7\u00fcnc\u00fc ve d\u00f6rd\u00fcnc\u00fc f\u0131kralar\u0131 gere\u011fince d\u00fczenlenecek <b>s\u00f6zle\u015fmelerin \u00f6rnekleri Maliye Bakanl\u0131\u011f\u0131na g\u00f6nderilmeyecektir.<\/b><\/p>\n<p>2- 5393 say\u0131l\u0131 Belediye Kanununun 49 uncu maddesi \u00e7er\u00e7evesinde \u00e7al\u0131\u015ft\u0131r\u0131lacak s\u00f6zle\u015fmeli personel i\u00e7in 1\/1\/2017 tarihinden itibaren ge\u00e7erli olan <b>ayl\u0131k net \u00fccret tavanlar\u0131, asgari ge\u00e7im indirimi tutar\u0131 uygulanmaks\u0131z\u0131n ve yukar\u0131da belirtilen katsay\u0131 rakamlar\u0131 dikkate al\u0131nmak suretiyle unvanlar itibar\u0131yla hesaplanm\u0131\u015f <\/b>ve ekli (1) Say\u0131l\u0131 S\u00f6zle\u015fme \u00dccret Tavanlar\u0131 Cetveli&#8217;nde g\u00f6sterilmi\u015ftir.<\/p>\n<p><b>Buna g\u00f6re;<\/b><\/p>\n<p>a) Belediyeler ve il \u00f6zel idareleri ile mahalli idare birliklerinin meclisleri veya b\u00fcy\u00fck\u015fehir belediyeleri ba\u011fl\u0131 kurulu\u015flar\u0131n\u0131n y\u00f6netim kurullar\u0131, 5393 say\u0131l\u0131 Kanunun 49 uncu maddesi \u00e7er\u00e7evesinde 1\/1\/2017 tarihinden sonra da \u00e7al\u0131\u015ft\u0131r\u0131lmaya devam olunacak veya 2017 y\u0131l\u0131nda ilk defa istihdam edilmeye ba\u015flanacak s\u00f6zle\u015fmeli personel i\u00e7in ekli (1) Say\u0131l\u0131 S\u00f6zle\u015fme \u00dccret Tavanlar\u0131 Cetveli&#8217;nde g\u00f6sterilen <b>\u00fccret tavanlar\u0131n\u0131 a\u015fmamak kayd\u0131yla net \u00fccret tespitine yetkilidir.<\/b><\/p>\n<p>b) 5393 say\u0131l\u0131 Kanunun 49 uncu maddesi \u00e7er\u00e7evesinde 2016 y\u0131l\u0131nda \u00e7al\u0131\u015ft\u0131r\u0131lan s\u00f6zle\u015fmeli personelden 2017 y\u0131l\u0131nda da g\u00f6revlerine devam etmeleri uygun g\u00f6r\u00fclenlerin net \u00fccretlerinin tespitine ili\u015fkin yetkili meclis veya y\u00f6netim kurulu karar\u0131 Ocak\/2017 ay\u0131 i\u00e7erisinde al\u0131nacak ve ilgililerle 1\/1\/2017 tarihinden itibaren ge\u00e7erli olacak \u015fekilde yap\u0131lacak s\u00f6zle\u015fmelerin yenileme i\u015flemleri de yine Ocak\/2017 ay\u0131 i\u00e7erisinde tamamlanacakt\u0131r. Yenilenen bu s\u00f6zle\u015fme \u00f6rnekleri ile birlikte s\u00f6zle\u015fmenin imzaland\u0131\u011f\u0131 tarihteki memur kadrolar\u0131n\u0131n kadro unvan ve dereceleri itibar\u0131yla dolu-bo\u015f durumlar\u0131n\u0131 g\u00f6steren cetvellerin, s\u00f6zle\u015fmeli personele \u00f6denecek net \u00fccretin tespitine ili\u015fkin meclis karar\u0131n\u0131n ve s\u00f6zle\u015fmeli personel olarak \u00e7al\u0131\u015ft\u0131r\u0131lacaklar\u0131n \u00f6\u011frenim durumlar\u0131n\u0131 g\u00f6sterir belgenin bir \u00f6rne\u011fi de en ge\u00e7 1\/2\/2017 tarihine kadar \u0130\u00e7i\u015fleri Bakanl\u0131\u011f\u0131na g\u00f6nderilecektir.<\/p>\n<p>Ayr\u0131ca, 5393 say\u0131l\u0131 Kanunun 49 uncu maddesi \u00e7er\u00e7evesinde tam zamanl\u0131 s\u00f6zle\u015fmeli personel istihdam\u0131na ili\u015fkin uygulamalar\u0131n ilgili meclis veya y\u00f6netim kurulu karar\u0131 ile verilen iznin amac\u0131na uygun olarak y\u00fcr\u00fct\u00fcl\u00fcp y\u00fcr\u00fct\u00fclmedi\u011finin tespiti i\u00e7in, tam zamanl\u0131 s\u00f6zle\u015fmeli personel istihdam\u0131na y\u00f6nelik olarak al\u0131nacak meclis veya y\u00f6netim kurulu kararlar\u0131nda her bir kadro unvan\u0131 i\u00e7in ka\u00e7 adet tam zamanl\u0131 s\u00f6zle\u015fmeli personel istihdam\u0131na izin verildi\u011fi de a\u00e7\u0131k\u00e7a karara ba\u011flanacakt\u0131r.<\/p>\n<p>c) 193 say\u0131l\u0131 Gelir Vergisi Kanununun 32 nci maddesi uyar\u0131nca hesaplanmas\u0131 gereken<b> asgari ge\u00e7im indirimi tutar\u0131, ayl\u0131k net s\u00f6zle\u015fme \u00fccretinin belirlenmesi a\u015famas\u0131nda dikkate al\u0131nmayacak v<\/b>e bu nedenle ayl\u0131k net s\u00f6zle\u015fme \u00fccretlerinin tespitinde ekli (1) Say\u0131l\u0131 S\u00f6zle\u015fme \u00dccret Tavanlar\u0131 Cetveli&#8217;nde g\u00f6sterilen tutarlar a\u015f\u0131lmayacakt\u0131r. S\u00f6zle\u015fmeli personel olarak istihdam edilenlerin asgari ge\u00e7im indirimi uygulamas\u0131ndan yararland\u0131r\u0131lmas\u0131nda genel h\u00fck\u00fcmlere uygun olarak i\u015flem tesis edilecektir.<\/p>\n<p>3- 5393 say\u0131l\u0131 Kanunun 49 uncu maddesinin \u00fc\u00e7\u00fcnc\u00fc f\u0131kras\u0131 \u00e7er\u00e7evesinde tam zamanl\u0131 s\u00f6zle\u015fmeli personel olarak istihdam edilenlere 375 say\u0131l\u0131 Kanun H\u00fckm\u00fcnde Kararnamenin ek 9 uncu maddesinin dokuzuncu f\u0131kras\u0131na g\u00f6re ek \u00f6deme verilmesine ili\u015fkin uygulama, an\u0131lan 3. D\u00f6nem Toplu S\u00f6zle\u015fmenin d\u00f6rd\u00fcnc\u00fc b\u00f6l\u00fcm\u00fcnde yer alan &#8220;Yerel Y\u00f6netim Hizmet Koluna \u0130li\u015fkin Toplu S\u00f6zle\u015fme&#8221;nin 2 nci maddesinde farkl\u0131 bir d\u00fczenlemeye tabi tutulmu\u015ftur. Bu \u00e7er\u00e7evede, ilgili personel hakk\u0131nda uygulanmas\u0131 gereken ek \u00f6deme oranlar\u0131 ile bu oranlar\u0131n kar\u015f\u0131l\u0131\u011f\u0131 olan ek \u00f6deme tutar\u0131 tavanlar\u0131 ekli (2) Say\u0131l\u0131 Ek \u00d6deme Oranlar\u0131 Cetveli&#8217;nde g\u00f6sterilmi\u015ftir. \u00d6te yandan, s\u00f6z konusu s\u00f6zle\u015fmeli personelin ek \u00f6deme uygulamas\u0131ndan yararland\u0131r\u0131lmas\u0131nda, 3\/1\/2012 tarihli ve 2012\/2665 say\u0131l\u0131 Bakanlar Kurulu Karar\u0131 ile y\u00fcr\u00fcrl\u00fc\u011fe konulan &#8220;S\u00f6zle\u015fmeli Personele Ek \u00d6deme Yap\u0131lmas\u0131na Dair Karar&#8221;da belirtilen usul ve esaslar ile birlikte a\u015fa\u011f\u0131daki hususlara uyulacakt\u0131r.<\/p>\n<p>a) \u0130lgili personel i\u00e7in, ayr\u0131ca bir meclis karar\u0131 veya y\u00f6netim kurulu karar\u0131 al\u0131nmaks\u0131z\u0131n ve 1\/1\/2017 tarihinden ge\u00e7erli olmak \u00fczere; 2017 y\u0131l\u0131na ili\u015fkin s\u00f6zle\u015fmesinde belirtilen kadro unvan\u0131 ile s\u0131n\u0131rl\u0131 olmak kayd\u0131yla s\u00f6zle\u015fmeli personelin ayn\u0131 mahalli idarede ge\u00e7en hizmet s\u00fcresi hesaplanmak suretiyle ve hesaplanan hizmet s\u00fcrelerine kar\u015f\u0131l\u0131k olarak bu Genelge&#8217;ye ekli (2) Say\u0131l\u0131 Ek \u00d6deme Oranlar\u0131 Cetveli&#8217;nde denk gelen ek \u00f6deme oran\u0131 \u00fczerinden ek \u00f6deme hesab\u0131 yap\u0131lacakt\u0131r.<\/p>\n<p>b) 5393 say\u0131l\u0131 Kanunun 49 uncu maddesinin d\u00f6rd\u00fcnc\u00fc f\u0131kras\u0131 \u00e7er\u00e7evesinde <b>k\u0131smi zamanl\u0131 olarak <\/b>\u00e7al\u0131\u015ft\u0131r\u0131lan s\u00f6zle\u015fmeli personel ek \u00f6deme uygulamas\u0131ndan yararland\u0131r\u0131lmayacakt\u0131r.<\/p>\n<p>c) <b>Ek \u00f6demeler, sigorta primine esas kazanca dahil edilmeyecek v<\/b>e bu \u00f6demelerden sigorta primi kesilmeyecek olup, bu ek \u00f6demeden sadece damga vergisi kesilecektir.<\/p>\n<p>\u00e7) Ek \u00f6deme tutar\u0131, mevcut s\u00f6zle\u015fme \u00f6rne\u011finin \u00fccret maddesinden sonra gelmek \u00fczere <b>yeni bir madde olarak s\u00f6zle\u015fmede g\u00f6sterilecektir.<\/b><\/p>\n<p>d) Ek \u00f6deme tutar\u0131, maa\u015f bordrosunda s\u00f6zle\u015fme \u00fccreti ile birle\u015ftirilmeksizin ayr\u0131 bir s\u00fctun halinde ayr\u0131ca g\u00f6sterilecektir.<\/p>\n<p>4- An\u0131lan 3. D\u00f6nem Toplu S\u00f6zle\u015fmenin 9 uncu maddesinde, s\u00f6zle\u015fmeli personel pozisyonlar\u0131nda \u00e7al\u0131\u015fanlar\u0131n 19\/11\/1986 tarihli ve 86\/11220 say\u0131l\u0131 Bakanlar Kurulu Karar\u0131yla y\u00fcr\u00fcrl\u00fc\u011fe konulan Devlet Memurlar\u0131 Yiyecek Yard\u0131m\u0131 Y\u00f6netmeli\u011fi h\u00fck\u00fcmlerinden ayn\u0131 usul ve esaslar \u00e7er\u00e7evesinde yararlanaca\u011f\u0131 h\u00fckme ba\u011flanm\u0131\u015ft\u0131r. Buna g\u00f6re, 5393 say\u0131l\u0131 Kanunun 49 uncu maddesi \u00e7er\u00e7evesinde mahalli idarelerde s\u00f6zle\u015fmeli personel olarak istihdam edilenler, s\u00f6zle\u015fmelerinde belirtilen unvanda Devlet memuru olarak \u00e7al\u0131\u015fmakta olanlar\u0131n \u00f6demekte olduklar\u0131 yemek bedeli kendilerinden tahsil edilmek suretiyle ve an\u0131lan Y\u00f6netmelik&#8217;te belirtilen usul ve esaslar dikkate al\u0131narak 31\/12\/2017 tarihine kadar yiyecek yard\u0131m\u0131ndan yararland\u0131r\u0131lmaya devam olunacakt\u0131r.<\/p>\n<p>Bilgilerini ve gere\u011fini rica ederim.<br \/>\nBakan a.<\/p>\n","protected":false},"excerpt":{"rendered":"<p>Maliye Bakanl\u0131\u011f\u0131 B\u00fct\u00e7e ve Mali Kontrol Genel M\u00fcd\u00fcrl\u00fc\u011f\u00fc, mahalli idarelerde istihdam edilecek s\u00f6zle\u015fmeli personele \u00f6denecek \u00fccretlerin tavan miktarlar\u0131n\u0131 belirledi. Buna g\u00f6re, mahalli idarelerde istihdam edilecek S\u00f6zle\u015fmeli K\u00fct\u00fcphanecilerin alaca\u011f\u0131 \u00fccreti ekte g\u00f6rebilirsiniz.<\/p>\n","protected":false},"author":129,"featured_media":20783,"comment_status":"open","ping_status":"open","sticky":false,"template":"","format":"standard","meta":{"footnotes":""},"categories":[],"tags":[1398],"class_list":["post-20780","post","type-post","status-publish","format-standard","has-post-thumbnail","hentry","tag-bby-ozluk-haklari"],"_links":{"self":[{"href":"https:\/\/www.bbyhaber.com\/bby\/wp-json\/wp\/v2\/posts\/20780"}],"collection":[{"href":"https:\/\/www.bbyhaber.com\/bby\/wp-json\/wp\/v2\/posts"}],"about":[{"href":"https:\/\/www.bbyhaber.com\/bby\/wp-json\/wp\/v2\/types\/post"}],"author":[{"embeddable":true,"href":"https:\/\/www.bbyhaber.com\/bby\/wp-json\/wp\/v2\/users\/129"}],"replies":[{"embeddable":true,"href":"https:\/\/www.bbyhaber.com\/bby\/wp-json\/wp\/v2\/comments?post=20780"}],"version-history":[{"count":9,"href":"https:\/\/www.bbyhaber.com\/bby\/wp-json\/wp\/v2\/posts\/20780\/revisions"}],"predecessor-version":[{"id":22233,"href":"https:\/\/www.bbyhaber.com\/bby\/wp-json\/wp\/v2\/posts\/20780\/revisions\/22233"}],"wp:featuredmedia":[{"embeddable":true,"href":"https:\/\/www.bbyhaber.com\/bby\/wp-json\/wp\/v2\/media\/20783"}],"wp:attachment":[{"href":"https:\/\/www.bbyhaber.com\/bby\/wp-json\/wp\/v2\/media?parent=20780"}],"wp:term":[{"taxonomy":"category","embeddable":true,"href":"https:\/\/www.bbyhaber.com\/bby\/wp-json\/wp\/v2\/categories?post=20780"},{"taxonomy":"post_tag","embeddable":true,"href":"https:\/\/www.bbyhaber.com\/bby\/wp-json\/wp\/v2\/tags?post=20780"}],"curies":[{"name":"wp","href":"https:\/\/api.w.org\/{rel}","templated":true}]}}