{"id":2064,"date":"2012-01-06T07:51:57","date_gmt":"2012-01-06T07:51:57","guid":{"rendered":"http:\/\/www.bbyhaber.com\/bby\/?p=2064"},"modified":"2012-06-06T19:51:03","modified_gmt":"2012-06-06T19:51:03","slug":"ataturk-universitesi-bilgi-kulubu-proje-onerilerini-tartisti","status":"publish","type":"post","link":"https:\/\/www.bbyhaber.com\/bby\/2012\/01\/06\/ataturk-universitesi-bilgi-kulubu-proje-onerilerini-tartisti","title":{"rendered":"Atat\u00fcrk \u00dcniversitesi Bilgi Kul\u00fcb\u00fc proje \u00f6nerilerini tart\u0131\u015ft\u0131"},"content":{"rendered":"<p style=\"text-align: justify;\">Bilgi Kul\u00fcb\u00fc, 2011-12 bahar yar\u0131y\u0131l\u0131 proje \u00f6nerilerini 4 ocak 2011 tarihli toplant\u0131s\u0131nda\u00a0tart\u0131\u015ft\u0131\u2026 Tesmsilcilerin verdi\u011fi \u00f6neriler her zamanki gibi ilgi \u00e7ekiciydi. Proje Koordinat\u00f6r\u00fc Hasan Basri SEL\u00c7UK\u2019un, bir ilkokula daha k\u00fct\u00fcphane kurma teklifi, \u00fcyeler taraf\u0131ndan da s\u0131cak kar\u015f\u0131land\u0131. Temsilciler s\u0131n\u0131flara duyuru yaparak somestre tatilinden d\u00f6necek olan\u00a0s\u0131n\u0131f arkada\u015flar\u0131n\u0131n,\u00a0ilkokul d\u00fczeyinde kitaplarla d\u00f6nmelerini sa\u011flayacaklar. Bu kapsamda fak\u00fclte i\u00e7inde a\u00e7\u0131lacak olan stantta her zamanki gibi renkli g\u00f6r\u00fcnt\u00fcler ya\u015fanaca\u011f\u0131ndan kimse \u015f\u00fcphe duymuyor.<!--more--><\/p>\n<p style=\"text-align: justify;\"><strong>Biri Karadeniz Gezisi mi dedi?\u00a0 <\/strong><\/p>\n<p style=\"text-align: justify;\">Temsilcilerin, gezi etkinliklerinin daha s\u0131k olmas\u0131 konusunda hem fikir bir g\u00f6r\u00fcnt\u00fc \u00e7izdi\u011fi toplant\u0131da; ba\u015fta Ankara olmak \u00fczere, ge\u00e7en y\u0131l ger\u00e7ekle\u015ftirilemeyen Karadeniz turunun bu sene yap\u0131lmas\u0131 konusunda; temsilciler, s\u0131n\u0131f arkada\u015flar\u0131 ad\u0131na \u00e7e\u015fitli savunmalar yapt\u0131lar. Ba\u015fkan U\u011fur DONBAY ve 2. Ba\u015fkan Selim B\u0130RK\u0130N bu do\u011frultuda \u00e7e\u015fitli giri\u015fimlere ba\u015flad\u0131lar. Ayr\u0131ca, Ankara ve Hacettepe \u00dcniversiteleri\u2019nin Bilgi Topluluklar\u0131ndan gelen talepler, Hasan Basri SEL\u00c7UK\u2019un da katk\u0131lar\u0131yla s\u00fcratle de\u011ferlendirilmektedir.<\/p>\n<p style=\"text-align: justify;\">Kaynak: http:\/\/bilgikulubu.wordpress.com\/<\/p>\n<p style=\"text-align: justify;\"><span style=\"color: #ff0000;\"><strong>Atat\u00fcrk \u00dcniversitesi BBY Blo\u011fu a\u00e7\u0131ld\u0131:<\/strong><\/span>\u00a0 <a href=\"http:\/\/ataunibby.wordpress.com\/\" target=\"_blank\">http:\/\/ataunibby.wordpress.com\/<\/a><\/p>\n","protected":false},"excerpt":{"rendered":"<p>Bilgi Kul\u00fcb\u00fc, 2011-12 bahar yar\u0131y\u0131l\u0131 proje \u00f6nerilerini 4 ocak 2011 tarihli toplant\u0131s\u0131nda\u00a0tart\u0131\u015ft\u0131\u2026 Tesmsilcilerin verdi\u011fi \u00f6neriler her zamanki gibi ilgi \u00e7ekiciydi. Proje Koordinat\u00f6r\u00fc Hasan Basri SEL\u00c7UK\u2019un, bir ilkokula daha k\u00fct\u00fcphane kurma teklifi, \u00fcyeler taraf\u0131ndan da s\u0131cak kar\u015f\u0131land\u0131. Temsilciler s\u0131n\u0131flara duyuru yaparak somestre tatilinden d\u00f6necek olan\u00a0s\u0131n\u0131f arkada\u015flar\u0131n\u0131n,\u00a0ilkokul d\u00fczeyinde kitaplarla d\u00f6nmelerini sa\u011flayacaklar. Bu kapsamda fak\u00fclte i\u00e7inde a\u00e7\u0131lacak olan [&hellip;]<\/p>\n","protected":false},"author":1,"featured_media":0,"comment_status":"open","ping_status":"open","sticky":false,"template":"","format":"standard","meta":{"footnotes":""},"categories":[],"tags":[259,1413],"class_list":["post-2064","post","type-post","status-publish","format-standard","hentry","tag-ataturk-universitesi-bby-bilgi-kulubu","tag-bby-bilgi-toplulugu-gruplari"],"_links":{"self":[{"href":"https:\/\/www.bbyhaber.com\/bby\/wp-json\/wp\/v2\/posts\/2064"}],"collection":[{"href":"https:\/\/www.bbyhaber.com\/bby\/wp-json\/wp\/v2\/posts"}],"about":[{"href":"https:\/\/www.bbyhaber.com\/bby\/wp-json\/wp\/v2\/types\/post"}],"author":[{"embeddable":true,"href":"https:\/\/www.bbyhaber.com\/bby\/wp-json\/wp\/v2\/users\/1"}],"replies":[{"embeddable":true,"href":"https:\/\/www.bbyhaber.com\/bby\/wp-json\/wp\/v2\/comments?post=2064"}],"version-history":[{"count":0,"href":"https:\/\/www.bbyhaber.com\/bby\/wp-json\/wp\/v2\/posts\/2064\/revisions"}],"wp:attachment":[{"href":"https:\/\/www.bbyhaber.com\/bby\/wp-json\/wp\/v2\/media?parent=2064"}],"wp:term":[{"taxonomy":"category","embeddable":true,"href":"https:\/\/www.bbyhaber.com\/bby\/wp-json\/wp\/v2\/categories?post=2064"},{"taxonomy":"post_tag","embeddable":true,"href":"https:\/\/www.bbyhaber.com\/bby\/wp-json\/wp\/v2\/tags?post=2064"}],"curies":[{"name":"wp","href":"https:\/\/api.w.org\/{rel}","templated":true}]}}