{"id":20584,"date":"2016-12-20T08:33:31","date_gmt":"2016-12-20T05:33:31","guid":{"rendered":"http:\/\/www.bbyhaber.com\/bby\/?p=20584"},"modified":"2018-08-13T16:08:00","modified_gmt":"2018-08-13T13:08:00","slug":"edebiyat-akademi-ve-kultur-senligi-etkinligi-cankiri-bby-bolumu","status":"publish","type":"post","link":"https:\/\/www.bbyhaber.com\/bby\/2016\/12\/20\/edebiyat-akademi-ve-kultur-senligi-etkinligi-cankiri-bby-bolumu","title":{"rendered":"Edebiyat Akademi ve K\u00fclt\u00fcr \u015eenli\u011fi etkinli\u011fi-\u00c7ank\u0131r\u0131 BBY B\u00f6l\u00fcm\u00fc"},"content":{"rendered":"<p style=\"text-align: justify;\"><img loading=\"lazy\" decoding=\"async\" class=\"alignleft size-medium wp-image-20585\" src=\"http:\/\/www.bbyhaber.com\/bby\/wp-content\/uploads\/2016\/12\/cankiri-bby-300x169.jpg\" alt=\"\" width=\"300\" height=\"169\" srcset=\"https:\/\/www.bbyhaber.com\/bby\/wp-content\/uploads\/2016\/12\/cankiri-bby-300x169.jpg 300w, https:\/\/www.bbyhaber.com\/bby\/wp-content\/uploads\/2016\/12\/cankiri-bby.jpg 620w\" sizes=\"(max-width: 300px) 100vw, 300px\" \/>K\u00fclt\u00fcr ve Turizm Bakanl\u0131\u011f\u0131 taraf\u0131ndan gen\u00e7lere sunulan GEN\u00c7DES projesinin son etkinli\u011fi <strong>\u00c7ank\u0131r\u0131 Karatekin \u00dcniversitesi Bilgi ve Belge Y\u00f6netimi B\u00f6l\u00fcm\u00fc<\/strong> \u00f6\u011frencileri taraf\u0131ndan ger\u00e7ekle\u015ftirildi. \u00c7ocuk edebiyat\u0131 yazar\u0131 Melih Tu\u011fta\u011f, G\u00fcne\u015f \u0130lk\u00f6\u011fretim Okulu ve Atat\u00fcrk \u0130lk\u00f6\u011fretim Okulu&#8217;ndan gelen \u00f6\u011frencilerin kat\u0131l\u0131m\u0131 ile s\u00f6yle\u015fi ger\u00e7ekle\u015ftirdi,ard\u0131ndan \u00f6\u011frencilere hediye edilen kitaplar\u0131 imzalad\u0131.<!--more--> Bilgi ve Belge Y\u00f6netimi b\u00f6l\u00fcm\u00fc akademisyenlerinden Do\u00e7. Dr. Erol Y\u0131lmaz ise lise ve \u00fcniversite \u00f6\u011frencilerine kitap ve k\u00fct\u00fcphanenin \u00f6nemini a\u00e7\u0131klayarak, T\u00fcrkiye&#8217;deki k\u00fct\u00fcphane sistemini anlatt\u0131, &#8216;Ekmek Su Kitap ve K\u00fct\u00fcphane&#8217; adl\u0131 kitab\u0131n\u0131 imzalad\u0131. Bilgi ve Belge Y\u00f6netimi b\u00f6l\u00fcm\u00fc \u00f6\u011frencileri ,sona eren GEN\u00c7DES projesi etkinliklerinin aktif bir \u015fekilde devam edece\u011fini dile getirdiler.<\/p>\n<p style=\"text-align: justify;\"><a href=\"http:\/\/www.hurriyet.com.tr\/\" target=\"_blank\">Kaynak<\/a><\/p>\n","protected":false},"excerpt":{"rendered":"<p>K\u00fclt\u00fcr ve Turizm Bakanl\u0131\u011f\u0131 taraf\u0131ndan gen\u00e7lere sunulan GEN\u00c7DES projesinin son etkinli\u011fi \u00c7ank\u0131r\u0131 Karatekin \u00dcniversitesi Bilgi ve Belge Y\u00f6netimi B\u00f6l\u00fcm\u00fc \u00f6\u011frencileri taraf\u0131ndan ger\u00e7ekle\u015ftirildi. \u00c7ocuk edebiyat\u0131 yazar\u0131 Melih Tu\u011fta\u011f, G\u00fcne\u015f \u0130lk\u00f6\u011fretim Okulu ve Atat\u00fcrk \u0130lk\u00f6\u011fretim Okulu&#8217;ndan gelen \u00f6\u011frencilerin kat\u0131l\u0131m\u0131 ile s\u00f6yle\u015fi ger\u00e7ekle\u015ftirdi,ard\u0131ndan \u00f6\u011frencilere hediye edilen kitaplar\u0131 imzalad\u0131.<\/p>\n","protected":false},"author":1,"featured_media":20585,"comment_status":"open","ping_status":"open","sticky":false,"template":"","format":"standard","meta":{"footnotes":""},"categories":[1552,1596],"tags":[1404],"class_list":["post-20584","post","type-post","status-publish","format-standard","has-post-thumbnail","hentry","category-cankiri-karatekin-universitesi-bilgi-ve-belge-yonetimi-bolumu","category-prof-dr-erol-yilmaz","tag-cankiri-bby"],"_links":{"self":[{"href":"https:\/\/www.bbyhaber.com\/bby\/wp-json\/wp\/v2\/posts\/20584"}],"collection":[{"href":"https:\/\/www.bbyhaber.com\/bby\/wp-json\/wp\/v2\/posts"}],"about":[{"href":"https:\/\/www.bbyhaber.com\/bby\/wp-json\/wp\/v2\/types\/post"}],"author":[{"embeddable":true,"href":"https:\/\/www.bbyhaber.com\/bby\/wp-json\/wp\/v2\/users\/1"}],"replies":[{"embeddable":true,"href":"https:\/\/www.bbyhaber.com\/bby\/wp-json\/wp\/v2\/comments?post=20584"}],"version-history":[{"count":1,"href":"https:\/\/www.bbyhaber.com\/bby\/wp-json\/wp\/v2\/posts\/20584\/revisions"}],"predecessor-version":[{"id":20586,"href":"https:\/\/www.bbyhaber.com\/bby\/wp-json\/wp\/v2\/posts\/20584\/revisions\/20586"}],"wp:featuredmedia":[{"embeddable":true,"href":"https:\/\/www.bbyhaber.com\/bby\/wp-json\/wp\/v2\/media\/20585"}],"wp:attachment":[{"href":"https:\/\/www.bbyhaber.com\/bby\/wp-json\/wp\/v2\/media?parent=20584"}],"wp:term":[{"taxonomy":"category","embeddable":true,"href":"https:\/\/www.bbyhaber.com\/bby\/wp-json\/wp\/v2\/categories?post=20584"},{"taxonomy":"post_tag","embeddable":true,"href":"https:\/\/www.bbyhaber.com\/bby\/wp-json\/wp\/v2\/tags?post=20584"}],"curies":[{"name":"wp","href":"https:\/\/api.w.org\/{rel}","templated":true}]}}