{"id":2054,"date":"2012-01-05T17:31:48","date_gmt":"2012-01-05T17:31:48","guid":{"rendered":"http:\/\/www.bbyhaber.com\/bby\/?p=2054"},"modified":"2012-05-03T06:27:10","modified_gmt":"2012-05-03T06:27:10","slug":"silah-yerine-kitap-tasinsin","status":"publish","type":"post","link":"https:\/\/www.bbyhaber.com\/bby\/2012\/01\/05\/silah-yerine-kitap-tasinsin","title":{"rendered":"Silah yerine kitap ta\u015f\u0131ns\u0131n"},"content":{"rendered":"<p style=\"text-align: justify;\">K\u00fclt\u00fcr ve Turizm Bakanl\u0131\u011f\u0131n\u0131n 2011 y\u0131l\u0131 yay\u0131nlar\u0131, Ankara Resim ve Heykel M\u00fczesi&#8217;nde d\u00fczenlenen &#8221;T\u00fcrkiye&#8217;nin D\u00fc\u015f\u00fcnsel-Sanatsal Birikiminden \u0130zler&#8221; adl\u0131 etkinlikte tan\u0131t\u0131ld\u0131. K\u00fclt\u00fcr ve Turizm Bakan\u0131 Ertu\u011frul G\u00fcnay, burada yapt\u0131\u011f\u0131 konu\u015fmada, ge\u00e7mi\u015f y\u0131llarda bakanl\u0131\u011f\u0131n \u00e7ok say\u0131da kitap yay\u0131mlad\u0131\u011f\u0131n\u0131, kendisinden \u00f6nceki d\u00f6nemde art\u0131k daha az yay\u0131n\u0131 okurla bulu\u015fturma y\u00f6n\u00fcnde bir karar al\u0131nd\u0131\u011f\u0131n\u0131, bunun da \u00e7ok olumlu bir karar oldu\u011funu s\u00f6yledi.<!--more--><\/p>\n<p style=\"text-align: justify;\">Bakanl\u0131\u011f\u0131n art\u0131k Mehmet Akif Ersoy&#8217;un 75. vefat y\u0131l d\u00f6n\u00fcm\u00fc, Bedri Rahmi Ey\u00fcbo\u011flu&#8217;nun 100. do\u011fum y\u0131l d\u00f6n\u00fcm\u00fc gibi vesilelerle T\u00fcrk edebiyat\u0131 ve k\u00fclt\u00fcr\u00fcn\u00fcn sayg\u0131de\u011fer isimlerini anma \u00e7er\u00e7evesinde kitaplar yay\u0131mlad\u0131\u011f\u0131n\u0131 belirten G\u00fcnay, ayr\u0131ca T\u00fcrk k\u00fclt\u00fcr gelene\u011fini ve sanat\u0131n\u0131 ya\u015fatmak i\u00e7in kitaplara bakanl\u0131k yay\u0131nlar\u0131 aras\u0131nda yer verildi\u011fini ifade etti. Bu y\u0131l ge\u00e7mi\u015f senelerde ilgi g\u00f6ren baz\u0131 eserlerin yeniden yay\u0131mlanmas\u0131 sebebiyle eser say\u0131s\u0131n\u0131n fazla gibi g\u00f6r\u00fcld\u00fc\u011f\u00fcn\u00fc anlatan G\u00fcnay, &#8221;2012&#8217;nin d\u00fcnya \u00e7ap\u0131nda bir kriz y\u0131l\u0131 oldu\u011funu da g\u00f6z \u00f6n\u00fcnde tutarak biraz daha kendimizi s\u0131n\u0131rlayaca\u011f\u0131z, biraz daha se\u00e7iciyiz. Ama yeni a\u00e7\u0131ld\u0131\u011f\u0131m\u0131z baz\u0131 alanlarda da \u00f6zenle yay\u0131nlar\u0131m\u0131z\u0131 s\u00fcrd\u00fcrece\u011fiz&#8221; diye konu\u015ftu.<\/p>\n<p style=\"text-align: justify;\">Do\u011fu&#8217;nun felsefi \u00f6nc\u00fcleri dizisini \u00e7ok \u00f6nemsedi\u011fini vurgulayan G\u00fcnay, se\u00e7kin, felsefi k\u00f6kleri \u00f6ne \u00e7\u0131karan yeni bir faaliyet alan\u0131nda \u00e7al\u0131\u015fmalar\u0131 yo\u011funlukla s\u00fcrd\u00fcrd\u00fcklerini kaydetti.<\/p>\n<p style=\"text-align: justify;\">T\u00fcrkiye&#8217;de az kitap okundu\u011funa y\u00f6nelik yayg\u0131n bir inan\u0131\u015f\u0131n oldu\u011funa dikkati \u00e7eken Ertu\u011frul G\u00fcnay, &#8221;Hep, &#8216;T\u00fcrkiye okumaz, genelde bizim insan\u0131m\u0131z okumaz, Avrupa&#8217;da bir toplu ta\u015f\u0131m arac\u0131na bindi\u011finizde, herkes cebinden kitab\u0131n\u0131 \u00e7\u0131kar\u0131r okur ama bizde etraf\u0131na bakar&#8217; denilir. Do\u011fru taraflar\u0131 da vard\u0131r. Ama bu &#8216;okumaz&#8217; k\u0131sm\u0131 son y\u0131llarda bir miktar azal\u0131yor. E\u011fer okunmasayd\u0131 yay\u0131n d\u00fcnyas\u0131nda bu kadar yay\u0131nc\u0131 ve bu kadar kitap olmazd\u0131&#8221; dedi.<\/p>\n<p style=\"text-align: justify;\">-&#8221;\u0130mkan\u0131 olmayanlar\u0131n kitap okumas\u0131 i\u00e7in \u00e7al\u0131\u015f\u0131yoruz&#8221;-<\/p>\n<p style=\"text-align: justify;\">\u0130mkan\u0131 olmayanlar\u0131n da okumas\u0131 i\u00e7in \u00e7al\u0131\u015fmalar yapt\u0131klar\u0131n\u0131 ifade eden G\u00fcnay, &#8221;Yay\u0131nc\u0131l\u0131k d\u00fcnyas\u0131yla yar\u0131\u015fm\u0131yoruz. Yay\u0131nc\u0131l\u0131k d\u00fcnyas\u0131n\u0131n imkanlar\u0131n\u0131n \u00e7o\u011falmas\u0131n\u0131 sa\u011fl\u0131yoruz. Ama kitab\u0131n okuyucuyla bulu\u015fmas\u0131 konusunda mekanlar\u0131m\u0131z\u0131 geli\u015ftirmeye \u00e7al\u0131\u015f\u0131yoruz&#8221; s\u00f6zleriyle yay\u0131nc\u0131l\u0131k alan\u0131ndaki \u00e7al\u0131\u015fmalar\u0131n\u0131 aktard\u0131.<\/p>\n<p style=\"text-align: justify;\">G\u00fcnay, k\u00fct\u00fcphanelerin alt yap\u0131s\u0131n\u0131 iyile\u015ftirmeye \u00e7al\u0131\u015ft\u0131klar\u0131n\u0131, k\u00fct\u00fcphanelerdeki kitap say\u0131s\u0131n\u0131 art\u0131rd\u0131klar\u0131n\u0131 ifade ederek, k\u00fct\u00fcphanelere al\u0131nan kitap say\u0131s\u0131 2007&#8217;de 400 binlerde iken bunu 1 milyonun \u00fczerine \u00e7\u0131kar\u0131ld\u0131\u011f\u0131n\u0131, s\u00fcreli yay\u0131nlar\u0131n da say\u0131s\u0131n\u0131 art\u0131r\u0131ld\u0131\u011f\u0131n\u0131 kaydetti.<\/p>\n<p style=\"text-align: justify;\">Son y\u0131llarda \u00fcniversite say\u0131s\u0131n\u0131n ve buna paralel olarak da \u00f6\u011frenci say\u0131s\u0131n\u0131n artmas\u0131, T\u00fcrkiye n\u00fcfusunun gen\u00e7 olmas\u0131 nedeniyle okuma ve \u00e7al\u0131\u015fma mekanlar\u0131n\u0131n artt\u0131\u011f\u0131n\u0131 dile getiren G\u00fcnay, \u015f\u00f6yle konu\u015ftu:<\/p>\n<p style=\"text-align: justify;\">&#8221;T\u0131ka basa dolu k\u00fct\u00fcphanelerimiz. Milli K\u00fct\u00fcphane de t\u0131ka basa dolu. Ama gen\u00e7ler buraya tez yazmak i\u00e7in geliyorlar ya da s\u0131navlara haz\u0131rlanmak i\u00e7in geliyorlar. Tabii bu do\u011fal bir \u015fey. Ben depremin arkas\u0131ndan Van&#8217;a gitmi\u015ftim. Hemen 1 hafta sonra Van&#8217;da o hafif duvarlar\u0131 \u00e7atlam\u0131\u015f k\u00fct\u00fcphanede bile \u00e7ocuklar\u0131n masalara kapan\u0131p ders \u00e7al\u0131\u015fma ihtiya\u00e7lar\u0131n\u0131 gidermeye gayret ettiklerini g\u00f6rm\u00fc\u015ft\u00fcm. Bunu anlay\u0131\u015fla kar\u015f\u0131lamam\u0131z laz\u0131m ama bir gen\u00e7 insan k\u00fct\u00fcphaneye girmi\u015fse, k\u00fct\u00fcphane ona ba\u015fka \u015feyleri okutma konusunda da \u00f6zendirici olmal\u0131, biraz daha \u00e7ekici, sunucu ve \u00f6zendirici olmal\u0131d\u0131r diye d\u00fc\u015f\u00fcn\u00fcyoruz. Bu \u00e7er\u00e7evede k\u00fct\u00fcphane konseptimizi de elden ge\u00e7irmeye, daha \u00e7ekici hale getirmeye \u00e7al\u0131\u015f\u0131yoruz.<\/p>\n<p style=\"text-align: justify;\">\u0130stanbul&#8217;da 1999 depreminden bu yana unutulmu\u015f olan Koca Rag\u0131p Pa\u015fa K\u00fct\u00fcphanesi, m\u00fccevher gibi bir yap\u0131d\u0131r, \u00f6\u011frencilikten bilirim, yeni ba\u015ftan ele ald\u0131k. Bu y\u0131l sonunda \u0130stanbul halk\u0131n\u0131n hizmetine sunmaya \u00e7al\u0131\u015faca\u011f\u0131z. Ankara&#8217;da Yenimahalle&#8217;de bir yeni k\u00fct\u00fcphane giri\u015fimimiz var. T\u00fcrkiye&#8217;nin belki de \u00f6n\u00fcm\u00fczdeki y\u0131llarda, cumhuriyetin 100. y\u0131l\u0131na giderken bir yeni Milli K\u00fct\u00fcphane&#8217;ye ihtiyac\u0131 var. Bug\u00fcnk\u00fc Milli K\u00fct\u00fcphanemiz ger\u00e7ekten sunumuyla, imkanlar\u0131yla kendini \u00e7ok geli\u015ftirdi. Te\u015fekk\u00fcr ederim. Ama T\u00fcrkiye&#8217;nin, ba\u015fkentin \u00f6zellikle, daha b\u00fcy\u00fck, daha kapsaml\u0131, daha yeni bir Milli K\u00fct\u00fcphane&#8217;ye ihtiyac\u0131 var diye d\u00fc\u015f\u00fcn\u00fcyorum.&#8221;<\/p>\n<p style=\"text-align: justify;\">Bireysel silahs\u0131zlanman\u0131n \u00e7ok \u00f6nemli bir giri\u015fim oldu\u011funu vurgulayan G\u00fcnay, &#8221;Bireysel silahs\u0131zlanmay\u0131 candan destekliyorum. Buna kar\u015f\u0131l\u0131k bireysel kitapl\u0131la\u015fma ve topyekun kitapl\u0131la\u015fma konusunda bir gayret g\u00f6stermemiz laz\u0131m. Silah olmas\u0131n, silah bulunmas\u0131n, silah ta\u015f\u0131nmas\u0131n, ama kitap olsun, kitap ta\u015f\u0131ns\u0131n, kitap okunsun. \u0130nsanlar kitab\u0131 ya\u015famlar\u0131n\u0131n kopmaz bir par\u00e7as\u0131, bir \u00f6nemli unsuru haline getirebilsinler. Bizim galiba bunu te\u015fvik etmemiz laz\u0131m. Bu konuda da elimizden geldi\u011fi kadar \u00e7al\u0131\u015f\u0131yoruz. Ne kadar g\u00fc\u00e7 ko\u015fullarda \u00e7al\u0131\u015ft\u0131\u011f\u0131m\u0131z\u0131 en \u00e7ok da bizim bakanl\u0131\u011f\u0131m\u0131z\u0131n \u00e7al\u0131\u015fanlar\u0131 biliyorlar. Bu g\u00fc\u00e7 ko\u015fullarda \u00e7al\u0131\u015fan t\u00fcm arkada\u015flar\u0131ma te\u015fekk\u00fcr ediyorum&#8221; diye konu\u015ftu.<\/p>\n<p style=\"text-align: justify;\">-Bakanl\u0131\u011f\u0131n yeni yay\u0131nlar\u0131-<\/p>\n<p style=\"text-align: justify;\">K\u00fct\u00fcphaneler ve Yay\u0131mlar Genel M\u00fcd\u00fcr\u00fc Onur Bilge Kula da K\u00fclt\u00fcr ve Turizm Bakanl\u0131\u011f\u0131n\u0131n 2011 yay\u0131nlar\u0131na ili\u015fkin bilgi verdi.<\/p>\n<p style=\"text-align: justify;\">Yay\u0131nlar\u0131n bir k\u0131sm\u0131n\u0131n, T\u00fcrk edebiyat\u0131 ve tarihinin \u00f6nemli isimlerini anma niteli\u011fini ta\u015f\u0131d\u0131\u011f\u0131n\u0131 belirten Kula, Evliya \u00c7elebi&#8217;nin do\u011fumunun 400. y\u0131l\u0131 nedeniyle \u00e7\u0131kar\u0131lan yay\u0131n\u0131n, tarih yapanlar a\u00e7\u0131s\u0131ndan da b\u00fcy\u00fck \u00f6nem ta\u015f\u0131d\u0131\u011f\u0131n\u0131, bir ba\u015fucu kitab\u0131 oldu\u011funu s\u00f6yledi.<\/p>\n<p style=\"text-align: justify;\">Hasan Ali Y\u00fccel ile ilgili yay\u0131n\u0131n da kendileri a\u00e7\u0131s\u0131ndan b\u00fcy\u00fck \u00f6nem ta\u015f\u0131d\u0131\u011f\u0131n\u0131 vurgulayan Kula, bir\u00e7ok ilklere imza atan Y\u00fccel&#8217;in T\u00fcrkiye&#8217;de ilk kez resim ve heykel sergisi a\u00e7an, pek \u00e7ok ara\u015ft\u0131rmaya \u00f6nc\u00fcl\u00fck eden ve eserleri bulunan bir isim oldu\u011funu kaydetti. Kula, &#8221;Onun ad\u0131na b\u00f6yle bir kitap yapmak bizim i\u00e7in milli bir g\u00f6revdir&#8221; dedi.<\/p>\n<p style=\"text-align: justify;\">Bakanl\u0131\u011f\u0131n \u00e7al\u0131\u015fmalar\u0131 hakk\u0131nda da bilgi aktaran Kula, okuma k\u00fclt\u00fcr\u00fc haritas\u0131 \u00e7\u0131kard\u0131klar\u0131n\u0131, T\u00fcrkiye edebiyat haritas\u0131n\u0131n da bas\u0131m a\u015famas\u0131nda oldu\u011funu ifade etti.<\/p>\n<p style=\"text-align: justify;\">K\u00fclt\u00fcr ve Turizm Bakanl\u0131\u011f\u0131, 2011 y\u0131l\u0131nda &#8221;Bedri Rahmi Ey\u00fcbo\u011flu&#8221;, &#8221;50. Y\u0131l\u0131nda G\u00f6\u00e7&#8221;, &#8221;Through Foreign Eyes: \u0130stanbul in World Literature&#8221;, &#8221;Evliya \u00c7elebi&#8221;, &#8221;R\u0131fat Ilgaz&#8221;, &#8221;Cemal S\u00fcreya&#8221;, &#8221;Alaeddin Yava\u015f\u00e7a&#8221;, &#8221;Mehmet Akif Ersoy&#8221;, &#8221;Nurullah Ata\u00e7&#8221;, &#8221;Ziya G\u00f6kalp&#8221;, &#8221;Orhan Veli Kan\u0131k&#8221;, &#8221;Hasan Ali Y\u00fccel&#8221;, &#8221;Nam\u0131k Kemal&#8221;, &#8221;Faz\u0131l H\u00fcsn\u00fc Da\u011flarca&#8221;, &#8221;Fethi Naci&#8221;, &#8221;\u0130dris K\u00fc\u00e7\u00fck\u00f6mer&#8221;, &#8221;Sabri Fehmi \u00dclgener&#8221;, &#8221;Arif Nihat Asya&#8221;, &#8221;Tar\u0131k Bu\u011fra&#8221; kitaplar\u0131n\u0131n yan\u0131nda, \u0130ngilizce el kitaplar\u0131 dizisi ile Bilimin ve Felsefenin Do\u011fulu \u00d6nc\u00fcleri dizisini \u00e7\u0131kard\u0131<\/p>\n<p style=\"text-align: justify;\">Kaynak: http:\/\/www.haber7.com<\/p>\n","protected":false},"excerpt":{"rendered":"<p>K\u00fclt\u00fcr ve Turizm Bakanl\u0131\u011f\u0131n\u0131n 2011 y\u0131l\u0131 yay\u0131nlar\u0131, Ankara Resim ve Heykel M\u00fczesi&#8217;nde d\u00fczenlenen &#8221;T\u00fcrkiye&#8217;nin D\u00fc\u015f\u00fcnsel-Sanatsal Birikiminden \u0130zler&#8221; adl\u0131 etkinlikte tan\u0131t\u0131ld\u0131. K\u00fclt\u00fcr ve Turizm Bakan\u0131 Ertu\u011frul G\u00fcnay, burada yapt\u0131\u011f\u0131 konu\u015fmada, ge\u00e7mi\u015f y\u0131llarda bakanl\u0131\u011f\u0131n \u00e7ok say\u0131da kitap yay\u0131mlad\u0131\u011f\u0131n\u0131, kendisinden \u00f6nceki d\u00f6nemde art\u0131k daha az yay\u0131n\u0131 okurla bulu\u015fturma y\u00f6n\u00fcnde bir karar al\u0131nd\u0131\u011f\u0131n\u0131, bunun da \u00e7ok olumlu bir karar [&hellip;]<\/p>\n","protected":false},"author":1,"featured_media":0,"comment_status":"open","ping_status":"open","sticky":false,"template":"","format":"standard","meta":{"footnotes":""},"categories":[1],"tags":[],"class_list":["post-2054","post","type-post","status-publish","format-standard","hentry","category-genel"],"_links":{"self":[{"href":"https:\/\/www.bbyhaber.com\/bby\/wp-json\/wp\/v2\/posts\/2054"}],"collection":[{"href":"https:\/\/www.bbyhaber.com\/bby\/wp-json\/wp\/v2\/posts"}],"about":[{"href":"https:\/\/www.bbyhaber.com\/bby\/wp-json\/wp\/v2\/types\/post"}],"author":[{"embeddable":true,"href":"https:\/\/www.bbyhaber.com\/bby\/wp-json\/wp\/v2\/users\/1"}],"replies":[{"embeddable":true,"href":"https:\/\/www.bbyhaber.com\/bby\/wp-json\/wp\/v2\/comments?post=2054"}],"version-history":[{"count":0,"href":"https:\/\/www.bbyhaber.com\/bby\/wp-json\/wp\/v2\/posts\/2054\/revisions"}],"wp:attachment":[{"href":"https:\/\/www.bbyhaber.com\/bby\/wp-json\/wp\/v2\/media?parent=2054"}],"wp:term":[{"taxonomy":"category","embeddable":true,"href":"https:\/\/www.bbyhaber.com\/bby\/wp-json\/wp\/v2\/categories?post=2054"},{"taxonomy":"post_tag","embeddable":true,"href":"https:\/\/www.bbyhaber.com\/bby\/wp-json\/wp\/v2\/tags?post=2054"}],"curies":[{"name":"wp","href":"https:\/\/api.w.org\/{rel}","templated":true}]}}