{"id":2051,"date":"2012-01-04T14:37:50","date_gmt":"2012-01-04T14:37:50","guid":{"rendered":"http:\/\/www.bbyhaber.com\/bby\/?p=2051"},"modified":"2012-05-22T06:40:45","modified_gmt":"2012-05-22T06:40:45","slug":"fikir-ve-sanat-eserleri-devlet-nushasi-olarak-derlenip-saklanacak","status":"publish","type":"post","link":"https:\/\/www.bbyhaber.com\/bby\/2012\/01\/04\/fikir-ve-sanat-eserleri-devlet-nushasi-olarak-derlenip-saklanacak","title":{"rendered":"Fikir ve Sanat Eserleri, Devlet N\u00fcshas\u0131 Olarak Derlenip Saklanacak"},"content":{"rendered":"<p style=\"text-align: justify;\">Fikir ve sanat eserlerinin devlet n\u00fcshas\u0131 olarak derlenmesi ve saklanmas\u0131n\u0131 \u00f6ng\u00f6ren kanun tasar\u0131s\u0131, TBMM Milli E\u011fitim, K\u00fclt\u00fcr, Gen\u00e7lik ve Spor Komisyonu&#8217;nda kabul edildi. AK Parti Eski\u015fehir Milletvekili Nabi Avc\u0131 ba\u015fkanl\u0131\u011f\u0131nda toplanan Meclis Milli E\u011fitim, K\u00fclt\u00fcr, Gen\u00e7lik ve Spor Komisyonu, \u00c7o\u011falt\u0131lm\u0131\u015f Fikir ve Sanat Eserlerini Derleme Kanunu Tasar\u0131s\u0131&#8217;n\u0131 2009 y\u0131l\u0131nda komisyondan \u00e7\u0131kan \u015fekliyle kabul etti. <!--more-->Tasar\u0131, fikir ve sanat eserleri ile anla\u015fmalar uyar\u0131nca yurt d\u0131\u015f\u0131nda \u00e7o\u011falt\u0131lan fikir ve sanat eserlerinin etkin, sa\u011fl\u0131kl\u0131 ve eksiksiz bir bi\u00e7imde toplanmas\u0131, gelecek ku\u015faklara aktar\u0131lmas\u0131, elveri\u015fli ortamlarda saklanmas\u0131, korunmas\u0131 ve toplumun bilgi ve yarar\u0131na sunulmas\u0131n\u0131 sa\u011flayacak esaslar\u0131 d\u00fczenliyor. Tasar\u0131, her \u00e7e\u015fit basma, ozalit, teksir, ofset, optik, manyetik, elektronik ve benzeri ba\u015fka \u00e7o\u011faltma y\u00f6ntemleri ile sat\u0131lmak ya da paras\u0131z da\u011f\u0131t\u0131lmak \u00fczere \u00fcretilen \u00e7o\u011falt\u0131lm\u0131\u015f fikir ve sanat eserinin derlenmesi, derleme i\u015flemlerini y\u00fcr\u00fctecek birimler ile derlemeye ili\u015fkin usul ve esaslar\u0131 kaps\u0131yor.<\/p>\n<p style=\"text-align: justify;\">Tasar\u0131yla, T\u00fcrkiye s\u0131n\u0131rlar\u0131nda ve d\u0131\u015f\u0131nda derlenecek eserler belirleniyor.<\/p>\n<p style=\"text-align: justify;\">Buna g\u00f6re, \u00fclke s\u0131n\u0131rlar\u0131 i\u00e7inde bas\u0131lan ve \u00e7o\u011falt\u0131lan; kitap, kabartma harfli kitap, kitap\u00e7\u0131k, ansiklopedi, alb\u00fcm, atlas ve nota gibi tek ba\u015f\u0131na ya da bir tak\u0131m\u0131n veya bir dizinin par\u00e7as\u0131 niteli\u011finde olan ayr\u0131 yay\u0131mlanm\u0131\u015f eserler, gazete, dergi, y\u0131ll\u0131k, b\u00fclten, takvim gibi s\u00fcreli eserler, afi\u015f, kartpostal, grav\u00fcr, reprod\u00fcksiyon, bas\u0131l\u0131 foto\u011fraf gibi grafik eserler, slayt, film par\u00e7as\u0131 makara, kaset, kartu\u015f, film ve mikroform gibi materyaller, her t\u00fcrl\u00fc bilgisayar, m\u00fczik ve video cihazlar\u0131nda kullan\u0131lmak \u00fczere \u00fcretilmi\u015f ses, g\u00f6r\u00fcnt\u00fc ve veri i\u00e7eren optik ve manyetik ortamlara kaydedilerek \u00e7o\u011falt\u0131lm\u0131\u015f eserler, pul ve ka\u011f\u0131t para gibi eserler, co\u011frafik, jeolojik, topografik ya da meteorolojik harita, plan ve krokiler, yurt d\u0131\u015f\u0131nda bas\u0131m\u0131 veya \u00e7o\u011falt\u0131m\u0131 yap\u0131larak yurt i\u00e7inde sat\u0131\u015f\u0131 ve da\u011f\u0131t\u0131m\u0131 yap\u0131lan eserler, elektronik ortamda \u00fcretilerek kullan\u0131ma sunulmu\u015f elektronik yay\u0131nlar derlenecek.<\/p>\n<p style=\"text-align: justify;\">Yurt d\u0131\u015f\u0131nda T\u00fcrk\u00e7e olarak bas\u0131lan ve yurt i\u00e7inde sat\u0131\u015f\u0131 ve da\u011f\u0131t\u0131m\u0131 yap\u0131lan eserler de derleme kapsam\u0131na al\u0131nacak.<\/p>\n<p style=\"text-align: justify;\">\u00dclke s\u0131n\u0131rlar\u0131 d\u0131\u015f\u0131nda derlenecek eserler ise kanunlar ile ikili ya da \u00e7ok tarafl\u0131 anla\u015fmalar uyar\u0131nca, yabanc\u0131 uyruklu ger\u00e7ek ya da t\u00fczel ki\u015filerin T\u00fcrkiye&#8217;deki k\u00fct\u00fcphane, m\u00fcze, ar\u015fiv ve belgeliklerden yararlanarak haz\u0131rlad\u0131klar\u0131 eserler ile T\u00fcrkiye&#8217;de yapt\u0131klar\u0131 arkeolojik kaz\u0131 ya da ara\u015ft\u0131rmalar\u0131n y\u00f6ntem ya da sonu\u00e7lar\u0131na ili\u015fkin olarak yurt d\u0131\u015f\u0131nda yay\u0131mlam\u0131\u015f veya \u00e7o\u011faltm\u0131\u015f eserlerden olu\u015facak.<\/p>\n<p style=\"text-align: justify;\">Derleme n\u00fcshalar\u0131n\u0131 vermekle y\u00fck\u00fcml\u00fc olan ger\u00e7ek ya da t\u00fczel ki\u015filerin kimler oldu\u011funu da belirleyen tasar\u0131ya g\u00f6re, derleme i\u015fleri, K\u00fclt\u00fcr ve Turizm Bakanl\u0131\u011f\u0131 taraf\u0131ndan y\u00fcr\u00fct\u00fclecek ve koordine edilecek.<\/p>\n<p style=\"text-align: justify;\">Derleme i\u015flemlerinin ve derlemeyle ama\u00e7lanan hizmetlerin etkin bir bi\u00e7imde y\u00fcr\u00fct\u00fclebilmesine ili\u015fkin usul ve esaslar, K\u00fclt\u00fcr ve Turizm Bakanl\u0131\u011f\u0131nca \u00e7\u0131kar\u0131lacak y\u00f6netmelikle belirlenecek.<\/p>\n<p style=\"text-align: justify;\">Kitap, kabartma harfli kitap, kitap\u00e7\u0131k, ansiklopedi, alb\u00fcm, atlas ve nota gibi tek ba\u015f\u0131na ya da bir tak\u0131m\u0131n veya bir dizinin par\u00e7as\u0131 niteli\u011finde olan ayr\u0131 yay\u0131mlanm\u0131\u015f eserler, gazete, dergi, y\u0131ll\u0131k, b\u00fclten, takvim gibi s\u00fcreli eserler, yerel gazeteler hari\u00e7, 4 n\u00fcsha derlenerek Milli K\u00fct\u00fcphaneye, TBMM K\u00fct\u00fcphane Dok\u00fcmantasyon ve Terc\u00fcme M\u00fcd\u00fcrl\u00fc\u011f\u00fcne, \u0130stanbul Beyaz\u0131t Devlet K\u00fct\u00fcphanesine ve Ankara&#8217;da bakanl\u0131k\u00e7a belirlenecek k\u00fct\u00fcphaneye g\u00f6nderilecek. Di\u011fer eserler ise iki\u015fer n\u00fcsha Milli K\u00fct\u00fcphane ve \u0130stanbul Beyaz\u0131t Devlet K\u00fct\u00fcphanesi&#8217;ne g\u00f6nderilecek. Yerel ve b\u00f6lgesel gazeteler de milli k\u00fct\u00fcphane ve il halk k\u00fct\u00fcphanesine g\u00f6nderilecek.<\/p>\n<p style=\"text-align: justify;\">Eserlerin derleme n\u00fcshalar\u0131, \u00e7o\u011falt\u0131lm\u0131\u015f di\u011fer kopyalarla ayn\u0131 olmas\u0131 zorunlu olacak. Derleme n\u00fcshalar\u0131 \u00e7o\u011faltma i\u015flemini izleyen 15 g\u00fcn i\u00e7erisinde eksiksiz ve hatas\u0131z olarak derleme m\u00fcd\u00fcrl\u00fc\u011f\u00fc veya derleme b\u00fcrosuna teslim edilecek.<\/p>\n<p style=\"text-align: justify;\">Derleme k\u00fct\u00fcphanelerinin belirledi\u011fi yanl\u0131\u015f, eksik ya da ciltsiz n\u00fcshalar\u0131n de\u011fi\u015ftirilmesi, en ge\u00e7 15 g\u00fcn i\u00e7inde derleme m\u00fckelleflerince yerine getirilecek. Kanunda yer alan sorumluluklar\u0131n\u0131 yerine getirmeyen derleme m\u00fckelleflerine, derlemenin yap\u0131ld\u0131\u011f\u0131 yerdeki en b\u00fcy\u00fck m\u00fclki amir taraf\u0131ndan yapt\u0131r\u0131mlar uygulanacak. Derleme n\u00fcshalar\u0131n\u0131 zaman\u0131nda derleme m\u00fcd\u00fcrl\u00fc\u011f\u00fc veya b\u00fcrosuna g\u00f6ndermeyenler, her derleme n\u00fcshas\u0131 i\u00e7in bin TL&#8217;den 5 bin TL&#8217;ye kadar idari para cezas\u0131na \u00e7arpt\u0131r\u0131lacak. Derleme n\u00fcshas\u0131 olarak verilen eserlerin maliyet bedeli, kazanc\u0131n saptanmas\u0131nda gider olarak dikkate al\u0131nacak. Bu \u015fekilde gider fazlal\u0131\u011f\u0131ndan do\u011fan zarar, bir sonraki y\u0131la devredilemeyecek.<\/p>\n<p style=\"text-align: justify;\">Tasar\u0131 hakk\u0131nda bilgi veren K\u00fclt\u00fcr ve Turizm Bakan\u0131 Ertu\u011frul G\u00fcnay, bunun gecikmi\u015f bir \u00e7al\u0131\u015fma oldu\u011funu belirtti. Bu eksikli\u011fi gidermek amac\u0131yla genelge \u00e7\u0131kard\u0131klar\u0131n\u0131 dile getiren G\u00fcnay, 2009 y\u0131l\u0131nda 29 bin eserden 19 bininin derlenebilmesine kar\u015f\u0131l\u0131k ge\u00e7en y\u0131l 43 bin 217 eserden 43 bininin derlendi\u011fini bildirdi. G\u00fcnay, derleme k\u00fct\u00fcphanelerinin co\u011frafi b\u00f6lgelere g\u00f6re da\u011f\u0131t\u0131lmad\u0131\u011f\u0131n\u0131, bunun d\u00fcnyada \u00f6rne\u011fi olmad\u0131\u011f\u0131n\u0131 ifade etti. K\u00fct\u00fcphanelerin ilgi g\u00f6rd\u00fc\u011f\u00fcn\u00fc, ancak daha \u00e7ok ders \u00e7al\u0131\u015fmak i\u00e7in kullan\u0131ld\u0131\u011f\u0131n\u0131 belirten G\u00fcnay, &#8220;K\u00fct\u00fcphaneleri sadece \u00e7ocuklar\u0131n ders \u00e7al\u0131\u015ft\u0131\u011f\u0131 mekanlar olmas\u0131n\u0131n \u00f6tesinde onlar\u0131 oradaki zenginlikle bulu\u015fturacak yeni a\u00e7\u0131l\u0131mlara ihtiyac\u0131m\u0131z var.&#8221; dedi.<\/p>\n<p style=\"text-align: justify;\">AK Parti Amasya Milletvekili Naci Bostanc\u0131, &#8216;Mezopotamya&#8217; ad\u0131nda Do\u011fu k\u00fclt\u00fcr\u00fcne y\u00f6nelik k\u00fct\u00fcphane kurulmas\u0131 \u00f6nerisini getirdi. Bostanc\u0131, s\u00f6zl\u00fc tarih \u00e7al\u0131\u015fmas\u0131n\u0131n yap\u0131lmas\u0131n\u0131n da son derece \u00f6nemli olaca\u011f\u0131n\u0131 kaydetti.<\/p>\n<p style=\"text-align: justify;\">AK Parti \u0130stanbul Milletvekili \u0130smet U\u00e7ma, hastanelerin bekleme salonlar\u0131nda mini k\u00fct\u00fcphaneler olu\u015fturulabilece\u011fini s\u00f6yledi.<\/p>\n<p style=\"text-align: justify;\">K\u00fclt\u00fcr ve Turizm Bakan\u0131 Ertu\u011frul G\u00fcnay, derlenen eserlerin g\u00f6nderilece\u011fi k\u00fct\u00fcphanelere, Genel Kurul a\u015famas\u0131nda \u00f6nergelerle \u0130zmir Milli K\u00fct\u00fcphanesi ve \u0130stanbul \u00dcniversitesi K\u00fct\u00fcphanesinin eklenece\u011fini ifade etti.<\/p>\n<p style=\"text-align: justify;\">Ancak, CHP&#8217;li \u00fcyeler, bu de\u011fi\u015fikli\u011fin komisyon a\u015famas\u0131nda yap\u0131lmas\u0131 durumunda tasar\u0131y\u0131 destekleyeceklerini ifade etti.<\/p>\n<p style=\"text-align: justify;\">G\u00fcnay ve baz\u0131 milletvekilleri, bu durumda 2009&#8217;da yap\u0131lan de\u011fi\u015fikliklerin yeniden tek tek \u00f6nergelerle ele al\u0131nmas\u0131 gerekti\u011fini belirterek, bu i\u015flemin uzun mesai gerektirece\u011fini kaydettiler.<\/p>\n<p style=\"text-align: justify;\">Bakan G\u00fcnay, bu de\u011fi\u015fiklikle ilgili h\u00fck\u00fcmette ve komisyon \u00fcyelerinde bir iradenin otaya \u00e7\u0131kt\u0131\u011f\u0131n\u0131, itiraz olmad\u0131\u011f\u0131n\u0131 dile getirdi. CHP&#8217;li \u00fcyeler, bu tasar\u0131ya muhalefet \u015ferhi koymak istemediklerini ve de\u011fi\u015fikli\u011fin komisyon a\u015famas\u0131nda yap\u0131lmas\u0131 konusunda \u0131srar eti.<\/p>\n<p style=\"text-align: justify;\">Ancak, tasar\u0131, verilen \u00f6nergenin kabul edilmesiyle 2009&#8217;daki komisyondan \u00e7\u0131km\u0131\u015f \u015fekliyle oyland\u0131. CHP&#8217;liler \u00f6nergeye ret oyu verdi.<\/p>\n<p style=\"text-align: justify;\">CHP \u0130stanbul Milletvekili Nur Sertel, &#8221;Daha \u00f6nce de mutab\u0131k kal\u0131nan \u00f6nergeler Genel Kurulda oldu bittiye getirildi. AKP&#8217;nin bu tutumuna g\u00fcvenmiyoruz. Bu tasar\u0131ya iyi niyetle yakla\u015ft\u0131k ama bu iyi niyetimizin kar\u015f\u0131l\u0131\u011f\u0131n\u0131 g\u00f6remedik&#8221; diye konu\u015ftu. CHP Ayd\u0131n Milletvekili Metin L\u00fctfi Baydar, &#8221;Say\u0131n Bakan, sizi sevmemize izin vermiyorlar&#8221; dedi.<\/p>\n<p style=\"text-align: justify;\">Kaynak: http:\/\/www.anadoluhaber.net<\/p>\n","protected":false},"excerpt":{"rendered":"<p>Fikir ve sanat eserlerinin devlet n\u00fcshas\u0131 olarak derlenmesi ve saklanmas\u0131n\u0131 \u00f6ng\u00f6ren kanun tasar\u0131s\u0131, TBMM Milli E\u011fitim, K\u00fclt\u00fcr, Gen\u00e7lik ve Spor Komisyonu&#8217;nda kabul edildi. AK Parti Eski\u015fehir Milletvekili Nabi Avc\u0131 ba\u015fkanl\u0131\u011f\u0131nda toplanan Meclis Milli E\u011fitim, K\u00fclt\u00fcr, Gen\u00e7lik ve Spor Komisyonu, \u00c7o\u011falt\u0131lm\u0131\u015f Fikir ve Sanat Eserlerini Derleme Kanunu Tasar\u0131s\u0131&#8217;n\u0131 2009 y\u0131l\u0131nda komisyondan \u00e7\u0131kan \u015fekliyle kabul etti.<\/p>\n","protected":false},"author":1,"featured_media":0,"comment_status":"open","ping_status":"open","sticky":false,"template":"","format":"standard","meta":{"footnotes":""},"categories":[1],"tags":[164,203,243],"class_list":["post-2051","post","type-post","status-publish","format-standard","hentry","category-genel","tag-derleme-kanunu","tag-derleme-kutuphanesi","tag-fikir-ve-sanat-eserleri-kanunu"],"_links":{"self":[{"href":"https:\/\/www.bbyhaber.com\/bby\/wp-json\/wp\/v2\/posts\/2051"}],"collection":[{"href":"https:\/\/www.bbyhaber.com\/bby\/wp-json\/wp\/v2\/posts"}],"about":[{"href":"https:\/\/www.bbyhaber.com\/bby\/wp-json\/wp\/v2\/types\/post"}],"author":[{"embeddable":true,"href":"https:\/\/www.bbyhaber.com\/bby\/wp-json\/wp\/v2\/users\/1"}],"replies":[{"embeddable":true,"href":"https:\/\/www.bbyhaber.com\/bby\/wp-json\/wp\/v2\/comments?post=2051"}],"version-history":[{"count":0,"href":"https:\/\/www.bbyhaber.com\/bby\/wp-json\/wp\/v2\/posts\/2051\/revisions"}],"wp:attachment":[{"href":"https:\/\/www.bbyhaber.com\/bby\/wp-json\/wp\/v2\/media?parent=2051"}],"wp:term":[{"taxonomy":"category","embeddable":true,"href":"https:\/\/www.bbyhaber.com\/bby\/wp-json\/wp\/v2\/categories?post=2051"},{"taxonomy":"post_tag","embeddable":true,"href":"https:\/\/www.bbyhaber.com\/bby\/wp-json\/wp\/v2\/tags?post=2051"}],"curies":[{"name":"wp","href":"https:\/\/api.w.org\/{rel}","templated":true}]}}