{"id":20500,"date":"2016-12-13T08:37:22","date_gmt":"2016-12-13T05:37:22","guid":{"rendered":"http:\/\/www.bbyhaber.com\/bby\/?p=20500"},"modified":"2016-12-13T08:38:33","modified_gmt":"2016-12-13T05:38:33","slug":"cocuklarinizi-kutuphaneyle-tanistirin-bitlis-il-halk-kutuphanesi","status":"publish","type":"post","link":"https:\/\/www.bbyhaber.com\/bby\/2016\/12\/13\/cocuklarinizi-kutuphaneyle-tanistirin-bitlis-il-halk-kutuphanesi","title":{"rendered":"\u00c7ocuklar\u0131n\u0131z\u0131 k\u00fct\u00fcphaneyle tan\u0131\u015ft\u0131r\u0131n-Bitlis \u0130l Halk K\u00fct\u00fcphanesi"},"content":{"rendered":"<p style=\"text-align: justify;\"><img loading=\"lazy\" decoding=\"async\" class=\"alignleft size-medium wp-image-20501\" src=\"http:\/\/www.bbyhaber.com\/bby\/wp-content\/uploads\/2016\/12\/hakan-yucel-300x200.jpg\" alt=\"\" width=\"300\" height=\"200\" srcset=\"https:\/\/www.bbyhaber.com\/bby\/wp-content\/uploads\/2016\/12\/hakan-yucel-300x200.jpg 300w, https:\/\/www.bbyhaber.com\/bby\/wp-content\/uploads\/2016\/12\/hakan-yucel-768x512.jpg 768w, https:\/\/www.bbyhaber.com\/bby\/wp-content\/uploads\/2016\/12\/hakan-yucel-1024x682.jpg 1024w, https:\/\/www.bbyhaber.com\/bby\/wp-content\/uploads\/2016\/12\/hakan-yucel-800x533.jpg 800w, https:\/\/www.bbyhaber.com\/bby\/wp-content\/uploads\/2016\/12\/hakan-yucel.jpg 1366w\" sizes=\"(max-width: 300px) 100vw, 300px\" \/>Bitlis&#8217;te kitap okuma oran\u0131n\u0131n ge\u00e7en y\u0131la nazaran artt\u0131\u011f\u0131n\u0131 belirten Bitlis il Halk K\u00fct\u00fcphanesi M\u00fcd\u00fcr Vekili Hakan Y\u00fccel, ailelere, \u00e7ocuklar\u0131n\u0131 k\u00f6t\u00fc al\u0131\u015fkanl\u0131klardan korumak i\u00e7in k\u00fct\u00fcphaneye y\u00f6nlendirmelerini istedi. 2016 y\u0131l\u0131n\u0131n \u0130l Halk K\u00fct\u00fcphanesi i\u00e7in \u00e7ok verimli ge\u00e7ti\u011fini, okuma oran\u0131n\u0131n ve k\u00fct\u00fcphaneye kay\u0131t yapma oran\u0131n\u0131n art\u0131\u011f\u0131na dikkat \u00e7eken Y\u00fccel, \u015funlar\u0131 s\u00f6yledi:<!--more--><\/p>\n<p style=\"text-align: justify;\"><strong>Bitlis&#8217;te okuma oran\u0131 g\u00fcn ge\u00e7tik\u00e7e art\u0131yor<\/strong><\/p>\n<p style=\"text-align: justify;\">\u00a0\u201c2016 y\u0131l\u0131 verimli ge\u00e7ti. K\u00fct\u00fcphane Haftas\u0131&#8217;nda her y\u0131l oldu\u011fu gibi bu sene de okuyucular\u0131m\u0131za tablet bilgisayar hediye ettik. Ayn\u0131 zamanda bunun yan\u0131nda yapboz ve \u0130stanbul&#8217;da bir k\u00fct\u00fcphaneci meslekta\u015f\u0131m\u0131z\u0131n bizlere g\u00f6ndermi\u015f oldu\u011fu bisikleti, en \u00e7ok kitap okuyan ikinci kullan\u0131c\u0131m\u0131za hediye ettik. Bu sayede Bitlis&#8217;te k\u00fct\u00fcphanemizin g\u00f6r\u00fcn\u00fcrl\u00fc\u011f\u00fc daha da artt\u0131. K\u00fct\u00fcphaneye gelen kullan\u0131c\u0131 say\u0131m\u0131zda b\u00fcy\u00fck bir art\u0131\u015f oldu. Ge\u00e7en y\u0131l 4 bin 938 olan aktif \u00fcye say\u0131m\u0131z, 6 bin 575&#8217;e \u00e7\u0131kt\u0131. Yakla\u015f\u0131k olarak bin 600 civar\u0131nda \u00fcye say\u0131m\u0131z artt\u0131.\u201d dedi.<\/p>\n<p style=\"text-align: justify;\">Y\u00fccel, ge\u00e7en y\u0131l ailelere yapt\u0131klar\u0131 \u00e7a\u011fr\u0131n\u0131n kar\u015f\u0131l\u0131k buldu\u011funu, kitap okuma oran\u0131n\u0131n art\u0131\u011f\u0131n\u0131 dile getirerek, vatanda\u015flar\u0131 ve \u00e7ocuklar\u0131 k\u00fct\u00fcphaneye y\u00f6nlendirmek amac\u0131yla farkl\u0131 promosyonlar\u0131n yapt\u0131klar\u0131n\u0131 ifade etti.<\/p>\n<p>Y\u00fccel, \u201cGe\u00e7en y\u0131l yine sizin arac\u0131l\u0131\u011f\u0131n\u0131zla ailelere tavsiyelerde bulunmu\u015ftuk. \u00c7ocuklar\u0131yla beraber k\u00fct\u00fcphaneye gelmelerini isteyerek, \u00e7ocuklar\u0131n\u0131 k\u00fct\u00fcphanemize g\u00f6ndermeleri konusunda tavsiyelerde bulunmu\u015ftuk. Bu \u00e7a\u011fr\u0131m\u0131z\u0131n dikkate al\u0131nd\u0131\u011f\u0131n\u0131 g\u00f6rd\u00fck. Ge\u00e7en y\u0131l ayn\u0131 d\u00f6nemde, verdi\u011fimiz kitap \u00f6d\u00fcn\u00e7 say\u0131s\u0131 23 binken, 12 Aral\u0131k itibariyle 28 bin 315&#8217;e y\u00fckselmi\u015ftir. Bu da bir y\u0131l i\u00e7erisinde kitap \u00f6d\u00fcn\u00e7 alma say\u0131s\u0131n\u0131n be\u015f bin artt\u0131\u011f\u0131n\u0131 g\u00f6steriyor. Bu da ilimizde kitap okuma oran\u0131n\u0131n art\u0131\u011f\u0131n\u0131 g\u00f6sterir.\u201d \u015feklinde konu\u015ftu.<\/p>\n<p style=\"text-align: justify;\"><strong>\u00c7ocuklar\u0131m\u0131z\u0131 kitap ile tan\u0131\u015ft\u0131rmal\u0131y\u0131z<\/strong><\/p>\n<p style=\"text-align: justify;\">Ailelerin \u00e7ocuklar\u0131yla beraber k\u00fct\u00fcphaneye gelmesi, kitap ile tan\u0131\u015fmas\u0131, kitap ile hemhal olmas\u0131, \u00e7ocuklar\u0131n\u0131 farkl\u0131 ortamlardan koruyarak kitapla bulu\u015fturmas\u0131 ger\u00e7ekten de bizim i\u00e7in bir kazan\u0131md\u0131r. Kullan\u0131c\u0131lar\u0131m\u0131z\u0131n d\u00fczenli bir \u015fekilde k\u00fct\u00fcphaneye gelmesi ve buradan memnun ayr\u0131lmalar\u0131 i\u00e7in kullan\u0131c\u0131lar\u0131m\u0131za y\u0131l i\u00e7erisinde promosyonlar veriyoruz. K\u00fct\u00fcphaneye gelmeleri ve k\u00fct\u00fcphaneye \u00e7ocuklar\u0131n \u00f6zenmesi maksad\u0131yla promosyon malzemeleri yapt\u0131r\u0131yoruz. Bunlar, seramik bardak, kalem, duvar saati, anahtarl\u0131k ve benzeri malzemelerdir. Ayn\u0131 zamanda \u00a02016 y\u0131l\u0131nda y\u00fcr\u00fcrl\u00fc\u011fe koymu\u015f oldu\u011funuz kimlik kartlar\u0131 da \u00f6\u011frencilere aidiyet duygusunu olu\u015fturdu\u011fu i\u00e7in k\u00fct\u00fcphaneye \u00f6zendiriyor.\u201d diye konu\u015ftu.<\/p>\n<p style=\"text-align: justify;\">K\u00fct\u00fcphanelerinde \u00a0okuyucular\u0131n iste\u011fi do\u011frultusunda sat\u0131n al\u0131nan ve K\u00fct\u00fcphane Genel M\u00fcd\u00fcrl\u00fc\u011f\u00fc taraf\u0131ndan verilen 46 bin 948 kitab\u0131n oldu\u011funu hat\u0131rlatan Y\u00fccel, zengin bir kaynak k\u00fct\u00fcphanesine sahip olduklar\u0131n\u0131 vurgulayarak,\u00a0 ger\u00e7ekle\u015ftirilecek projelerle 2018 y\u0131l\u0131n\u0131n sonuna kadar daha modern bir k\u00fct\u00fcphane olu\u015fturacaklar\u0131n\u0131 kaydetti.<\/p>\n<p style=\"text-align: justify;\"><strong>\u201c\u00c7ocuklar\u0131m\u0131z\u0131 k\u00f6t\u00fc ortam ve al\u0131\u015fkanl\u0131klardan uzak tutal\u0131m\u201d<\/strong><\/p>\n<p style=\"text-align: justify;\">Son olarak ailelere seslenen Y\u00fccel, \u201cSizin arac\u0131l\u0131\u011f\u0131n\u0131zla yine de ailelere tavsiyede bulunmak istiyorum. \u00c7ocuklar\u0131n\u0131zla birlikte k\u00fct\u00fcphaneye gelin. Kitap okuma ve k\u00fct\u00fcphane al\u0131\u015fkanl\u0131klar\u0131n\u0131z\u0131 geli\u015ftirin. \u00c7ocuklar\u0131n\u0131z, kitap okumakla, k\u00fct\u00fcphaneye gelmekle, zaman\u0131 burada ge\u00e7irmekle, d\u0131\u015far\u0131da k\u00f6t\u00fc ortamlardan kurtulmu\u015f olacaklard\u0131r. B\u00f6ylelikle \u00e7ocuklar\u0131n\u0131z\u0131n, daha iyi bir \u015fekilde gelece\u011fe tutulmalar\u0131n\u0131 hedefliyoruz. Bu konuda aileler bizlere ger\u00e7ekten yard\u0131mc\u0131 olurlarsa \u00e7ok seviniriz. K\u00fct\u00fcphanemizde bilgisayar odam\u0131z vard\u0131r. Burada 20 tane bilgisayar\u0131m\u0131zda \u00e7ocuklar\u0131m\u0131z kontrol\u00fc bir \u015fekilde internet ortam\u0131na girerek ara\u015ft\u0131rma yapabilir. Farkl\u0131 ve zararl\u0131 sitelere girilmesi halinde, derhal g\u00f6revlilerimiz taraf\u0131ndan kendileri uyar\u0131l\u0131r. Geli\u015ftirdi\u011fimiz bu sistem ile \u00e7ocuklar\u0131m\u0131z\u0131 daha rahat bir \u015fekilde kontrol alt\u0131na alabiliyoruz. K\u00f6t\u00fc ve istenilmeyen sitelere girmelerini engelliyoruz.\u201d \u015feklinde konu\u015ftu.<\/p>\n<p style=\"text-align: justify;\">K\u00fct\u00fcphaneye gelerek kitap okuyup, ders \u00e7al\u0131\u015fan \u00f6\u011frencilerden Yunus Ula\u015ftan ve Kadir Ta\u015fkaya, k\u00fct\u00fcphane ortam\u0131n\u0131n \u00e7ok g\u00fczel oldu\u011funu, istedikleri her t\u00fcrl\u00fc kitab\u0131 bulabildiklerini, bulamad\u0131klar\u0131 kaynaklar\u0131n da yetkilileri taraf\u0131ndan temin edildi\u011fini belirtiler.<\/p>\n<p style=\"text-align: justify;\"><a href=\"http:\/\/dogruhaber.com.tr\/\" target=\"_blank\">Kaynak<\/a><\/p>\n","protected":false},"excerpt":{"rendered":"<p>Bitlis&#8217;te kitap okuma oran\u0131n\u0131n ge\u00e7en y\u0131la nazaran artt\u0131\u011f\u0131n\u0131 belirten Bitlis il Halk K\u00fct\u00fcphanesi M\u00fcd\u00fcr Vekili Hakan Y\u00fccel, ailelere, \u00e7ocuklar\u0131n\u0131 k\u00f6t\u00fc al\u0131\u015fkanl\u0131klardan korumak i\u00e7in k\u00fct\u00fcphaneye y\u00f6nlendirmelerini istedi. 2016 y\u0131l\u0131n\u0131n \u0130l Halk K\u00fct\u00fcphanesi i\u00e7in \u00e7ok verimli ge\u00e7ti\u011fini, okuma oran\u0131n\u0131n ve k\u00fct\u00fcphaneye kay\u0131t yapma oran\u0131n\u0131n art\u0131\u011f\u0131na dikkat \u00e7eken Y\u00fccel, \u015funlar\u0131 s\u00f6yledi:<\/p>\n","protected":false},"author":1,"featured_media":20501,"comment_status":"open","ping_status":"open","sticky":false,"template":"","format":"standard","meta":{"footnotes":""},"categories":[1,1499],"tags":[],"class_list":["post-20500","post","type-post","status-publish","format-standard","has-post-thumbnail","hentry","category-genel","category-kutuphane-istatistikleri"],"_links":{"self":[{"href":"https:\/\/www.bbyhaber.com\/bby\/wp-json\/wp\/v2\/posts\/20500"}],"collection":[{"href":"https:\/\/www.bbyhaber.com\/bby\/wp-json\/wp\/v2\/posts"}],"about":[{"href":"https:\/\/www.bbyhaber.com\/bby\/wp-json\/wp\/v2\/types\/post"}],"author":[{"embeddable":true,"href":"https:\/\/www.bbyhaber.com\/bby\/wp-json\/wp\/v2\/users\/1"}],"replies":[{"embeddable":true,"href":"https:\/\/www.bbyhaber.com\/bby\/wp-json\/wp\/v2\/comments?post=20500"}],"version-history":[{"count":2,"href":"https:\/\/www.bbyhaber.com\/bby\/wp-json\/wp\/v2\/posts\/20500\/revisions"}],"predecessor-version":[{"id":20503,"href":"https:\/\/www.bbyhaber.com\/bby\/wp-json\/wp\/v2\/posts\/20500\/revisions\/20503"}],"wp:featuredmedia":[{"embeddable":true,"href":"https:\/\/www.bbyhaber.com\/bby\/wp-json\/wp\/v2\/media\/20501"}],"wp:attachment":[{"href":"https:\/\/www.bbyhaber.com\/bby\/wp-json\/wp\/v2\/media?parent=20500"}],"wp:term":[{"taxonomy":"category","embeddable":true,"href":"https:\/\/www.bbyhaber.com\/bby\/wp-json\/wp\/v2\/categories?post=20500"},{"taxonomy":"post_tag","embeddable":true,"href":"https:\/\/www.bbyhaber.com\/bby\/wp-json\/wp\/v2\/tags?post=20500"}],"curies":[{"name":"wp","href":"https:\/\/api.w.org\/{rel}","templated":true}]}}