{"id":20489,"date":"2016-12-08T05:11:53","date_gmt":"2016-12-08T02:11:53","guid":{"rendered":"http:\/\/www.bbyhaber.com\/bby\/?p=20489"},"modified":"2016-12-08T05:11:53","modified_gmt":"2016-12-08T02:11:53","slug":"turkiye-bilisim-derneginden-herkes-icin-kutuphane-projesine-odul","status":"publish","type":"post","link":"https:\/\/www.bbyhaber.com\/bby\/2016\/12\/08\/turkiye-bilisim-derneginden-herkes-icin-kutuphane-projesine-odul","title":{"rendered":"T\u00fcrkiye Bili\u015fim Derne\u011fi&#8217;nden Herkes \u0130\u00e7in K\u00fct\u00fcphane Projesine \u00d6d\u00fcl"},"content":{"rendered":"<p style=\"text-align: justify;\"><img loading=\"lazy\" decoding=\"async\" class=\"alignleft size-medium wp-image-20491\" src=\"http:\/\/www.bbyhaber.com\/bby\/wp-content\/uploads\/2016\/12\/hik-300x130.jpg\" alt=\"\" width=\"300\" height=\"130\" srcset=\"https:\/\/www.bbyhaber.com\/bby\/wp-content\/uploads\/2016\/12\/hik-300x130.jpg 300w, https:\/\/www.bbyhaber.com\/bby\/wp-content\/uploads\/2016\/12\/hik.jpg 652w\" sizes=\"(max-width: 300px) 100vw, 300px\" \/>T\u00fcrkiye Bili\u015fim Derne\u011fi 33. Ulusal Bili\u015fim Kurultay\u0131 (Bili\u015fim\u20192016) \u201cBili\u015fim ve Demokrasi\u201d ana temas\u0131yla 8-9 Aral\u0131k 2016 tarihlerinde Sheraton Ankara Hotel \u00a0Convention Centre\u2019de ger\u00e7ekle\u015ftirilecektir. Kurultay\u2019da her y\u0131l oldu\u011fu gibi bu y\u0131l da \u201cBili\u015fim Hizmet \u00d6d\u00fclleri\u201d takdim edilecektir.<!--more--> Bu ba\u011flamda Bili\u015fim Hizmet \u00f6d\u00fcllerinin \u201cBili\u015fim Toplumu\u201d kategorisinde \u00f6d\u00fcle bu y\u0131l yerel y\u00f6netim k\u00fct\u00fcphanelerinin birer cazibe merkezi haline d\u00f6n\u00fc\u015ft\u00fcr\u00fclmesini hedefleyen <strong>Herkes i\u00e7in K\u00fct\u00fcphane Projesi<\/strong>\u2019ne verilece\u011fi bildirildi.<\/p>\n","protected":false},"excerpt":{"rendered":"<p>T\u00fcrkiye Bili\u015fim Derne\u011fi 33. Ulusal Bili\u015fim Kurultay\u0131 (Bili\u015fim\u20192016) \u201cBili\u015fim ve Demokrasi\u201d ana temas\u0131yla 8-9 Aral\u0131k 2016 tarihlerinde Sheraton Ankara Hotel \u00a0Convention Centre\u2019de ger\u00e7ekle\u015ftirilecektir. Kurultay\u2019da her y\u0131l oldu\u011fu gibi bu y\u0131l da \u201cBili\u015fim Hizmet \u00d6d\u00fclleri\u201d takdim edilecektir.<\/p>\n","protected":false},"author":1,"featured_media":20491,"comment_status":"open","ping_status":"open","sticky":false,"template":"","format":"standard","meta":{"footnotes":""},"categories":[1,1577],"tags":[],"class_list":["post-20489","post","type-post","status-publish","format-standard","has-post-thumbnail","hentry","category-genel","category-herkes-icin-kutuphane"],"_links":{"self":[{"href":"https:\/\/www.bbyhaber.com\/bby\/wp-json\/wp\/v2\/posts\/20489"}],"collection":[{"href":"https:\/\/www.bbyhaber.com\/bby\/wp-json\/wp\/v2\/posts"}],"about":[{"href":"https:\/\/www.bbyhaber.com\/bby\/wp-json\/wp\/v2\/types\/post"}],"author":[{"embeddable":true,"href":"https:\/\/www.bbyhaber.com\/bby\/wp-json\/wp\/v2\/users\/1"}],"replies":[{"embeddable":true,"href":"https:\/\/www.bbyhaber.com\/bby\/wp-json\/wp\/v2\/comments?post=20489"}],"version-history":[{"count":2,"href":"https:\/\/www.bbyhaber.com\/bby\/wp-json\/wp\/v2\/posts\/20489\/revisions"}],"predecessor-version":[{"id":20492,"href":"https:\/\/www.bbyhaber.com\/bby\/wp-json\/wp\/v2\/posts\/20489\/revisions\/20492"}],"wp:featuredmedia":[{"embeddable":true,"href":"https:\/\/www.bbyhaber.com\/bby\/wp-json\/wp\/v2\/media\/20491"}],"wp:attachment":[{"href":"https:\/\/www.bbyhaber.com\/bby\/wp-json\/wp\/v2\/media?parent=20489"}],"wp:term":[{"taxonomy":"category","embeddable":true,"href":"https:\/\/www.bbyhaber.com\/bby\/wp-json\/wp\/v2\/categories?post=20489"},{"taxonomy":"post_tag","embeddable":true,"href":"https:\/\/www.bbyhaber.com\/bby\/wp-json\/wp\/v2\/tags?post=20489"}],"curies":[{"name":"wp","href":"https:\/\/api.w.org\/{rel}","templated":true}]}}