{"id":20465,"date":"2016-12-07T01:08:10","date_gmt":"2016-12-06T22:08:10","guid":{"rendered":"http:\/\/www.bbyhaber.com\/bby\/?p=20465"},"modified":"2016-12-08T05:21:34","modified_gmt":"2016-12-08T02:21:34","slug":"istanbuldaki-kutuphanelerden-haberiniz-olsun","status":"publish","type":"post","link":"https:\/\/www.bbyhaber.com\/bby\/2016\/12\/07\/istanbuldaki-kutuphanelerden-haberiniz-olsun","title":{"rendered":"\u0130stanbul\u2019daki K\u00fct\u00fcphanelerden haberiniz olsun"},"content":{"rendered":"<p style=\"text-align: justify;\"><img loading=\"lazy\" decoding=\"async\" class=\"size-medium wp-image-20472 alignleft\" src=\"http:\/\/www.bbyhaber.com\/bby\/wp-content\/uploads\/2016\/12\/galeri_ramazan_minder_1_r9b7vqbyZ_-compressor-300x200.jpg\" alt=\"galeri_ramazan_minder_1_r9b7vqbyz_-compressor\" width=\"300\" height=\"200\" srcset=\"https:\/\/www.bbyhaber.com\/bby\/wp-content\/uploads\/2016\/12\/galeri_ramazan_minder_1_r9b7vqbyZ_-compressor-300x200.jpg 300w, https:\/\/www.bbyhaber.com\/bby\/wp-content\/uploads\/2016\/12\/galeri_ramazan_minder_1_r9b7vqbyZ_-compressor.jpg 750w\" sizes=\"(max-width: 300px) 100vw, 300px\" \/>\u0130stanbul B\u00fcy\u00fck\u015fehir Belediyesi K\u00fct\u00fcphaneler ve M\u00fczeler M\u00fcd\u00fcr\u00fc Ramazan Minder, il genelindeki k\u00fct\u00fcphaneleri ve \u00e7al\u0131\u015fmalar\u0131n\u0131 AA\u2019dan Gencebay G\u00fcr\u2019e anlatt\u0131. \u0130stanbul B\u00fcy\u00fck\u015fehir Belediyesi K\u00fct\u00fcphaneler ve M\u00fczeler M\u00fcd\u00fcr\u00fc Ramazan Minder, il genelindeki k\u00fct\u00fcphaneleri ve \u00e7al\u0131\u015fmalar\u0131n\u0131 AA\u2019dan Gencebay G\u00fcr\u2019e anlatt\u0131.<!--more--> \u0130stanbul B\u00fcy\u00fck\u015fehir Belediyesi&#8217;nin ilk k\u00fct\u00fcphanesini 1939 y\u0131l\u0131nda Beyaz\u0131t&#8217;taki medrese i\u00e7erisinde a\u00e7\u0131ld\u0131\u011f\u0131na de\u011finen Minder, bu alan\u0131n 1981 y\u0131l\u0131nda Atat\u00fcrk K\u00fct\u00fcphanesi i\u00e7erisine dahil edilerek k\u00fct\u00fcphanecilik faaliyetlerine devam etti\u011fini s\u00f6yledi.<\/p>\n<p style=\"text-align: justify;\"><strong>&#8220;Yakla\u015f\u0131k 6.5 milyon g\u00f6r\u00fcnt\u00fc ara\u015ft\u0131rmac\u0131n\u0131n hizmetine sunuldu&#8221;<\/strong><\/p>\n<p style=\"text-align: justify;\">&#8220;<strong>\u0130stanbul B\u00fcy\u00fck\u015fehir Belediyesi Atat\u00fcrk K\u00fct\u00fcphanesi&#8217;nin i\u00e7eri\u011fi a\u011f\u0131rl\u0131kl\u0131 olarak Osmanl\u0131ca dergiler, Osmanl\u0131ca matbu kitaplar, el yazmalar\u0131, haritalar, kartpostallar gibi nadir kitap ve koleksiyonlardan olu\u015fmaktad\u0131r. Biz \u0130stanbul B\u00fcy\u00fck\u015fehir Belediyesi K\u00fct\u00fcphaneler ve M\u00fczeler M\u00fcd\u00fcrl\u00fc\u011f\u00fc olarak \u0130stanbul Kalk\u0131nma Ajans\u0131 ile iki tane proje ger\u00e7ekle\u015ftirdik. Bu projeler kapsam\u0131nda k\u00fct\u00fcphanemizde bulunan b\u00fct\u00fcn Osmanl\u0131ca kitap ve dergileri, gazeteleri, kartpostallar\u0131 say\u0131salla\u015ft\u0131rarak dijital ortama aktard\u0131k. Yakla\u015f\u0131k 6.5 milyon g\u00f6r\u00fcnt\u00fc ara\u015ft\u0131rmac\u0131n\u0131n hizmetine sunuldu. Bu alanlarla ilgili \u00e7al\u0131\u015fma yapmak isteyenlerin Atat\u00fcrk kitapl\u0131\u011f\u0131na gelmesine gerek kalmad\u0131. \u0130nternet kullanan herkes bizim dijital ar\u015fivimize girerek b\u00fct\u00fcn bu i\u00e7eriklere eri\u015febilmektedir. Bunun i\u00e7in her hangi bir \u00fccret \u00f6denmesine gerek yok. Sadece ki\u015finin \u0130BB K\u00fct\u00fcphaneler ve M\u00fczeler M\u00fcd\u00fcrl\u00fc\u011f\u00fc&#8217;n\u00fcn web sayfas\u0131na girerek \u00fcye olmas\u0131 gerekiyor. Sistemde \u015fu anda 15 binin \u00fczerinde yerli ve yabanc\u0131 ara\u015ft\u0131rmac\u0131 mevcut.<\/strong>&#8220;<\/p>\n<p><a href=\"http:\/\/www.bbyhaber.com\/bby\/wp-content\/uploads\/2016\/12\/galeri_ramazan_mind_yCfPFZFGP-.jpg\"><img loading=\"lazy\" decoding=\"async\" class=\"img-responsive alignnone\" src=\"http:\/\/www.bbyhaber.com\/bby\/wp-content\/uploads\/2016\/12\/galeri_ramazan_mind_yCfPFZFGP-.jpg\" width=\"430\" height=\"285\" \/><\/a><\/p>\n<p style=\"text-align: justify;\">M\u00fczayedelerden, koleksiyonerlerden ve sahaflardan her y\u0131l \u00e7ok say\u0131da ar\u015fiv sat\u0131n al\u0131nd\u0131\u011f\u0131n\u0131 ifade eden K\u00fct\u00fcphaneler ve M\u00fczeler M\u00fcd\u00fcr\u00fc Ramazan Minder, &#8220;<strong>Atat\u00fcrk K\u00fct\u00fcphanesi merkez noktam\u0131z, buraya ba\u011fl\u0131 21 k\u00fct\u00fcphanemiz daha var. \u0130stanbul&#8217;un muhtelif il\u00e7elerinde Beykoz, Kartal, \u00dcmraniye, Ba\u011fc\u0131lar, Sefak\u00f6y gibi il\u00e7elerimizde k\u00fct\u00fcphanelerimiz var<\/strong>&#8221; \u015feklinde konu\u015ftu.<\/p>\n<p style=\"text-align: justify;\">&#8220;<strong>Biz g\u00f6rme engelli vatanda\u015flar\u0131m\u0131z i\u00e7inde burada sesli kitap \u00fcretiyoruz. \u0130stanbul Kalk\u0131nma Ajans\u0131&#8217;ndan ald\u0131\u011f\u0131m\u0131z bir proje deste\u011fiyle bu sesli kitaplar\u0131m\u0131z\u0131 \u00e7o\u011faltarak bir mobil uygulama olarak hizmete sunduk. Buradaki hizmetten yararlanabilmek i\u00e7in ki\u015finin g\u00f6rme engelli olmas\u0131 gerekiyor ve bunu sa\u011fl\u0131k raporunu bize ibraz ederek hizmetimizden yararlan\u0131labiliyor.<\/strong>&#8220;<\/p>\n<p><a href=\"http:\/\/www.bbyhaber.com\/bby\/wp-content\/uploads\/2016\/12\/galeri_ramazan_mind_SJOVlgbAvD.jpg\"><img loading=\"lazy\" decoding=\"async\" class=\"img-responsive alignnone\" src=\"http:\/\/www.bbyhaber.com\/bby\/wp-content\/uploads\/2016\/12\/galeri_ramazan_mind_SJOVlgbAvD.jpg\" width=\"365\" height=\"242\" \/><\/a><\/p>\n<p style=\"text-align: justify;\"><strong>&#8220;Gece yar\u0131s\u0131ndan sonra \u00e7ay ve \u00e7orba ikram ediyoruz&#8221;<\/strong><\/p>\n<p style=\"text-align: justify;\">Gelen yo\u011fun istekler do\u011frultusunda Atat\u00fcrk K\u00fct\u00fcphanesi&#8217;nin yakla\u015f\u0131k iki y\u0131ld\u0131r 24 saat hizmet verdi\u011fini s\u00f6yleyen M\u00fcd\u00fcr Minder, &#8220;<strong>Hi\u00e7 kapanmayan k\u00fct\u00fcphane slogan\u0131yla devam ediyoruz. Gece okuyucu oluyor mu? sorular\u0131 geliyor ama k\u00fct\u00fcphanemiz sabaha kadar doludur<\/strong>&#8221; dedi.<\/p>\n<p style=\"text-align: justify;\">&#8220;<strong>Di\u011fer yandan Atat\u00fcrk K\u00fct\u00fcphanesi son iki y\u0131ld\u0131r 24 saat hizmet veriyor. Taksim gibi merkezi bir noktada olmas\u0131 nedeniyle yo\u011fun bir talep oldu. Ald\u0131\u011f\u0131m\u0131z yo\u011fun istek \u00fczerine iki y\u0131l \u00f6nce b\u00f6yle bir karar ald\u0131k ve Atat\u00fcrk K\u00fct\u00fcphanesi &#8216;hi\u00e7 kapanmayan k\u00fct\u00fcphane&#8217; slogan\u0131yla devam ediyor. K\u00fct\u00fcphane gece de a\u00e7\u0131k okuyucu var m\u0131? \u015feklinde sorularla da kar\u015f\u0131la\u015f\u0131yoruz. K\u00fct\u00fcphanemiz sabaha kadar doludur. Gece yar\u0131s\u0131ndan sonra burada okuyucular\u0131m\u0131za \u00e7ay ve \u00e7orba ikram\u0131m\u0131zda oluyor. G\u00fcn\u00fcn her saatinde k\u00fct\u00fcphanemizin \u00f6n\u00fcnde kuyruklar\u0131m\u0131z oluyor. Vatanda\u015flar\u0131m\u0131z\u0131n ilgisi de olduk\u00e7a y\u00fcksek. Bunun sebebi de bizim sandalye say\u0131m\u0131z\u0131n bu talebi kar\u015f\u0131layacak derecede olmamas\u0131ndan kaynaklan\u0131yor. Burada 300 ki\u015filik bir kapasitemiz var. Bu say\u0131 bin, bin be\u015f y\u00fcz olsayd\u0131 yine buras\u0131 dolard\u0131. Kap\u0131ya gelipte geriye d\u00f6nen \u00e7ok say\u0131da okuyucumuz oluyor.<\/strong>&#8220;<\/p>\n<p><a href=\"http:\/\/www.bbyhaber.com\/bby\/wp-content\/uploads\/2016\/12\/galeri_ramazan_mind_bjNPMSd1DS.jpg\"><img loading=\"lazy\" decoding=\"async\" class=\"img-responsive alignnone\" src=\"http:\/\/www.bbyhaber.com\/bby\/wp-content\/uploads\/2016\/12\/galeri_ramazan_mind_bjNPMSd1DS.jpg\" width=\"499\" height=\"331\" \/><\/a><\/p>\n<p><strong>&#8220;Son iki y\u0131ld\u0131r bu alanda birinciyiz&#8221;<\/strong><\/p>\n<p style=\"text-align: justify;\">&#8220;<strong>Belirli aral\u0131klarla H\u00fcrriyet Gazetesi, T\u00fcrkiye&#8217;nin en iyi k\u00fct\u00fcphanesi neresidir? Diye bir \u00e7al\u0131\u015fma yapar. Bununla ilgili bir j\u00fcri olu\u015fturulur ve bu j\u00fcrinin oylar\u0131yla T\u00fcrkiye&#8217;nin en iyi k\u00fct\u00fcphanesi se\u00e7ilir. H\u00fcrriyet Gazetesi&#8217;nin yapt\u0131\u011f\u0131 son \u00e7al\u0131\u015fmada yine Atat\u00fcrk K\u00fct\u00fcphanesi birinci se\u00e7ildi. Bundan \u00f6nce yap\u0131lan iki oylamada da Atat\u00fcrk Kitapl\u0131\u011f\u0131 birinci se\u00e7ilmi\u015fti. B\u00f6yle bir \u00e7al\u0131\u015fmadan haberimiz de olmuyor. Gazete yay\u0131nland\u0131\u011f\u0131 zaman bizim haberimiz oluyor. T\u00fcrkiye&#8217;de Atat\u00fcrk Kitapl\u0131\u011f\u0131 k\u00fct\u00fcphanecili\u011fin amiral gemisidir. Yapt\u0131\u011f\u0131m\u0131z \u00e7al\u0131\u015fmalardan kaynaklan\u0131yor.<\/strong>&#8220;<\/p>\n<p style=\"text-align: justify;\">1995 Y\u0131l\u0131ndan bu yana \u0130stanbul B\u00fcy\u00fck\u015fehir Belediyesi K\u00fct\u00fcphaneler ve M\u00fczeler M\u00fcd\u00fcrl\u00fc\u011f\u00fc&#8217;nde g\u00f6rev yapan Minder, Cumhurba\u015fkan\u0131 Recep Tayyip Erdo\u011fan&#8217;\u0131n Belediye Ba\u015fkan\u0131 se\u00e7ilmesiyle birlikte k\u00fct\u00fcphanecilik alan\u0131nda yenilikler ya\u015fanmaya ba\u015fland\u0131\u011f\u0131n\u0131n alt\u0131n\u0131 \u00e7izdi.<\/p>\n<p><a href=\"http:\/\/www.bbyhaber.com\/bby\/wp-content\/uploads\/2016\/12\/galeri_ramazan_mind_oxnliSdDi0.jpg\"><img loading=\"lazy\" decoding=\"async\" class=\"img-responsive alignnone\" src=\"http:\/\/www.bbyhaber.com\/bby\/wp-content\/uploads\/2016\/12\/galeri_ramazan_mind_oxnliSdDi0.jpg\" width=\"432\" height=\"286\" \/><\/a><\/p>\n<p><strong>&#8220;500 bin kitab\u0131m\u0131z var&#8221;<\/strong><\/p>\n<p style=\"text-align: justify;\">&#8220;<strong>O zaman bir tek Atat\u00fcrk K\u00fct\u00fcphanemiz ve Kad\u0131n Eserleri K\u00fct\u00fcphanemiz vard\u0131. Cumhurba\u015fkan\u0131m\u0131z\u0131n, Belediye Ba\u015fkan\u0131 olmas\u0131yla birlikte k\u00fct\u00fcphane say\u0131m\u0131zda ciddi \u015fekilde \u00e7o\u011falmalar oldu. Biz g\u00f6reve ba\u015flad\u0131\u011f\u0131m\u0131z zamanlarda raflar\u0131m\u0131z ve depolar\u0131m\u0131z olduk\u00e7a bo\u015ftu. Bug\u00fcn geldi\u011fimiz seviyede Atat\u00fcrk K\u00fct\u00fcphanesi&#8217;nin depolar\u0131 da dolmu\u015f durumdad\u0131r. T\u00fcrkiye&#8217;nin \u00e7e\u015fitli yerlerinde yay\u0131nlanan yerel medyay\u0131 dahi takip etmeye ba\u015flad\u0131k. \u015eu anda yakla\u015f\u0131k 500 bin kitab\u0131m\u0131z mevcut<\/strong>.&#8221;<\/p>\n<p style=\"text-align: justify;\"><strong>&#8220;On ayda 1 milyonu a\u015fk\u0131n ziyaret\u00e7imiz var&#8221;<\/strong><\/p>\n<p style=\"text-align: justify;\">K\u00fct\u00fcphaneler ve M\u00fczeler M\u00fcd\u00fcrl\u00fc\u011f\u00fc olarak her il\u00e7eye bir k\u00fct\u00fcphane kazand\u0131rmay\u0131 hedeflediklerini dile getiren Ramazan Minder, bundan sonraki s\u00fcre\u00e7te yerel y\u00f6netimlerin deste\u011fiyle mahalle k\u00fct\u00fcphaneleri a\u00e7may\u0131 hedeflediklerini s\u00f6yledi.<\/p>\n<p><a href=\"http:\/\/www.bbyhaber.com\/bby\/wp-content\/uploads\/2016\/12\/galeri_ramazan_minder_10_WssGUinxAj.jpg\"><img loading=\"lazy\" decoding=\"async\" class=\"img-responsive alignnone\" src=\"http:\/\/www.bbyhaber.com\/bby\/wp-content\/uploads\/2016\/12\/galeri_ramazan_minder_10_WssGUinxAj.jpg\" width=\"465\" height=\"308\" \/><\/a><\/p>\n<p style=\"text-align: justify;\">&#8220;<strong>\u0130stanbul B\u00fcy\u00fck\u015fehir Belediyesi olarak her il\u00e7eye bir k\u00fct\u00fcphane kazand\u0131rmak istiyoruz. \u0130stanbul&#8217;un \u00e7ok acil k\u00fct\u00fcphanelere ihtiyac\u0131 vard\u0131. Bizde bulabildi\u011fimiz yerlerde mekan ay\u0131rt etmeden k\u00fc\u00e7\u00fckte olsa k\u00fct\u00fcphane a\u00e7arak y\u00f6re halk\u0131na hizmet sunmay\u0131 hedefledik. Bizim bundan sonraki hedefimiz m\u00fcstakil binalarda k\u00fct\u00fcphane hizmeti yapmak. \u0130l\u00e7e k\u00fct\u00fcphanelerinden sonra mahallelerde de k\u00fct\u00fcphaneler a\u00e7mam\u0131z gerekiyor. As\u0131l hedefimiz \u0130stanbul&#8217;a d\u00fcnya \u00e7ap\u0131nda bir k\u00fct\u00fcphane kazand\u0131rmakt\u0131r. Ocak ve Ekim aylar\u0131 aras\u0131nda \u0130stanbul \u00e7ap\u0131ndaki k\u00fct\u00fcphanelerimizden 1 milyon 17 bin ki\u015fi yararlanm\u0131\u015f. Bu zaman zarf\u0131nda \u00f6d\u00fcn\u00e7 verdi\u011fimiz kitap say\u0131s\u0131 da 207 bin 286 olmu\u015f.&#8221;<\/strong><\/p>\n<p style=\"text-align: justify;\"><b>AA Gencebay G\u00fcr\u00a0<\/b><\/p>\n<p>Kaynak: <em><a href=\"\/\/istanbul-daki-kutuphanelerden-haberiniz-olsun\" target=\"_blank\">\u0130stanbul\u2019daki K\u00fct\u00fcphanelerden haberiniz olsun<\/a><\/em><\/p>\n","protected":false},"excerpt":{"rendered":"<p>\u0130stanbul B\u00fcy\u00fck\u015fehir Belediyesi K\u00fct\u00fcphaneler ve M\u00fczeler M\u00fcd\u00fcr\u00fc Ramazan Minder, il genelindeki k\u00fct\u00fcphaneleri ve \u00e7al\u0131\u015fmalar\u0131n\u0131 AA\u2019dan Gencebay G\u00fcr\u2019e anlatt\u0131. \u0130stanbul B\u00fcy\u00fck\u015fehir Belediyesi K\u00fct\u00fcphaneler ve M\u00fczeler M\u00fcd\u00fcr\u00fc Ramazan Minder, il genelindeki k\u00fct\u00fcphaneleri ve \u00e7al\u0131\u015fmalar\u0131n\u0131 AA\u2019dan Gencebay G\u00fcr\u2019e anlatt\u0131.<\/p>\n","protected":false},"author":129,"featured_media":20472,"comment_status":"open","ping_status":"open","sticky":false,"template":"","format":"standard","meta":{"footnotes":""},"categories":[1540,1],"tags":[922,924,1438,1436,921],"class_list":["post-20465","post","type-post","status-publish","format-standard","has-post-thumbnail","hentry","category-ataturk-kutuphanesi","category-genel","tag-ataturk-kitapligi","tag-istanbul-buyuksehir-belediyesi-kutuphaneler-ve-muzeler-mudurlugu","tag-kurum-kutuphaneleri","tag-kutuphaneler","tag-ramazan-minder"],"_links":{"self":[{"href":"https:\/\/www.bbyhaber.com\/bby\/wp-json\/wp\/v2\/posts\/20465"}],"collection":[{"href":"https:\/\/www.bbyhaber.com\/bby\/wp-json\/wp\/v2\/posts"}],"about":[{"href":"https:\/\/www.bbyhaber.com\/bby\/wp-json\/wp\/v2\/types\/post"}],"author":[{"embeddable":true,"href":"https:\/\/www.bbyhaber.com\/bby\/wp-json\/wp\/v2\/users\/129"}],"replies":[{"embeddable":true,"href":"https:\/\/www.bbyhaber.com\/bby\/wp-json\/wp\/v2\/comments?post=20465"}],"version-history":[{"count":5,"href":"https:\/\/www.bbyhaber.com\/bby\/wp-json\/wp\/v2\/posts\/20465\/revisions"}],"predecessor-version":[{"id":20493,"href":"https:\/\/www.bbyhaber.com\/bby\/wp-json\/wp\/v2\/posts\/20465\/revisions\/20493"}],"wp:featuredmedia":[{"embeddable":true,"href":"https:\/\/www.bbyhaber.com\/bby\/wp-json\/wp\/v2\/media\/20472"}],"wp:attachment":[{"href":"https:\/\/www.bbyhaber.com\/bby\/wp-json\/wp\/v2\/media?parent=20465"}],"wp:term":[{"taxonomy":"category","embeddable":true,"href":"https:\/\/www.bbyhaber.com\/bby\/wp-json\/wp\/v2\/categories?post=20465"},{"taxonomy":"post_tag","embeddable":true,"href":"https:\/\/www.bbyhaber.com\/bby\/wp-json\/wp\/v2\/tags?post=20465"}],"curies":[{"name":"wp","href":"https:\/\/api.w.org\/{rel}","templated":true}]}}