{"id":2046,"date":"2012-01-04T13:19:44","date_gmt":"2012-01-04T13:19:44","guid":{"rendered":"http:\/\/www.bbyhaber.com\/bby\/?p=2046"},"modified":"2012-01-06T15:31:03","modified_gmt":"2012-01-06T15:31:03","slug":"ankara-kutuphanecileri-simit-gunu","status":"publish","type":"post","link":"https:\/\/www.bbyhaber.com\/bby\/2012\/01\/04\/ankara-kutuphanecileri-simit-gunu","title":{"rendered":"Ankara K\u00fct\u00fcphanec\u200bileri Simit G\u00fcn\u00fc"},"content":{"rendered":"<p style=\"text-align: justify;\">\u00a0Genel Merkezimiz ve \u015eubemiz, Genel Merkezimizde \u00e7e\u015fitli etkinlikleri planlarken ve geni\u015f kat\u0131l\u0131ml\u0131 organizasyonlara d\u00f6n\u00fck toplant\u0131lar ger\u00e7ekle\u015ftirirken yiyecek ikram\u0131nda\u00a0 50 y\u0131l\u0131 a\u015fk\u0131n s\u00fcredir ayn\u0131 gelene\u011fi s\u00fcrd\u00fcrmektedir.<\/p>\n<p style=\"text-align: justify;\">Genel Merkezimiz ve \u015eubemizin kurucusu hocalar\u0131ndan, \u00f6nceki d\u00f6nemlerin y\u00f6netim kurullar\u0131ndan toplant\u0131lar\u0131m\u0131z\u0131n de\u011fi\u015fmez yiyece\u011fi olarak miras ald\u0131\u011f\u0131m\u0131z Simit, Ankara\u2019n\u0131n yiyecek sembollerinden biri oldu\u011fu gibi Derne\u011fimiz ve \u015eubemiz i\u00e7in de vazge\u00e7ilmez bir sembold\u00fcr.<\/p>\n<p style=\"text-align: justify;\">TKD Ankara \u015eubesi Y\u00f6netim Kurulu olarak, 50. y\u0131l\u0131 geride b\u0131rakmak \u00fczereyken b\u00f6yle bir sembol\u00fcn bizim i\u00e7in \u00f6zel bir g\u00fcne ve bulu\u015fmaya d\u00f6n\u00fc\u015fmesi fikrini g\u00fcndeme getirdik. T\u0131pk\u0131 gelenekselle\u015fen pilav ya da kuru fasulye g\u00fcnleri gibi Ankara\u2019daki \u00fcyelerimiz ba\u015fta olmak \u00fczere kitab\u0131, k\u00fct\u00fcphaneyi, okumay\u0131 seven b\u00fct\u00fcn dostlar\u0131m\u0131z\u0131, Ankaral\u0131lar\u0131 simitle sohbetlerin b\u00fct\u00fcnle\u015fti\u011fi bir g\u00fcnle bir araya getirmek istiyoruz. B\u00f6ylece bu \u00f6zel g\u00fcn\u00fcn her y\u0131l d\u00fczenli olarak yap\u0131lmas\u0131n\u0131 ve gelenekselle\u015fmesine y\u00f6nelik ilk ad\u0131m\u0131 atmay\u0131 planlamaktay\u0131z.<\/p>\n<p style=\"text-align: justify;\">Bu d\u00fc\u015f\u00fcncelerden yola \u00e7\u0131karak y\u0131l\u0131n ilk organizasyonunda 6 Ocak 2012 Cuma g\u00fcn\u00fc Ankara Adnan \u00d6t\u00fcken \u0130l Halk K\u00fct\u00fcphanesi\u2019nde \u201cSimit Saray\u0131\u201dn\u0131n sponsorlu\u011funda ger\u00e7ekle\u015ftirmeyi planlad\u0131\u011f\u0131m\u0131z \u201cAnkara K\u00fct\u00fcphanecileri Simit G\u00fcn\u00fc\u201dnde; k\u00fct\u00fcphanelerde g\u00f6rev yapan b\u00fct\u00fcn meslekta\u015flar\u0131m\u0131z ve de\u011ferli k\u00fct\u00fcphane emektar\u0131 dostlar\u0131m\u0131z\u0131, kitap ve k\u00fct\u00fcphaneseverleri, Ankara K\u00fct\u00fcphanelerinin kullan\u0131c\u0131lar\u0131n\u0131 geleneksel olmas\u0131n\u0131 istedi\u011fimiz bu \u00f6zel g\u00fcnde aram\u0131zda g\u00f6rmek istiyoruz. Bu nedenle hepinizin deste\u011fiyle bu etkinli\u011fe \u00e7ok yo\u011fun bir kat\u0131l\u0131m olaca\u011f\u0131na g\u00f6n\u00fclden inan\u0131yoruz.<\/p>\n<p style=\"text-align: justify;\">Destekleri i\u00e7in \u201cSimit Saray\u0131\u201d ve Adnan \u00d6t\u00fcken \u0130l Halk K\u00fct\u00fcphanesi M\u00fcd\u00fcrl\u00fc\u011f\u00fc\u2019ne candan te\u015fekk\u00fcrlerimizi sunar\u0131z.<\/p>\n<p style=\"text-align: justify;\">Sevgi ve sayg\u0131lar\u0131m\u0131zla<\/p>\n<p style=\"text-align: justify;\">TKD<\/p>\n<p style=\"text-align: justify;\">Ankara \u015eubesi Y\u00f6netim Kurulu<\/p>\n<p style=\"text-align: justify;\">Program<\/p>\n<p style=\"text-align: justify;\">\u201cAnkara K\u00fct\u00fcphanecileri Simit G\u00fcn\u00fc\u201d<\/p>\n<p style=\"text-align: justify;\">Tarih: 6 Ocak 2011 Cuma<\/p>\n<p style=\"text-align: justify;\">Saat: 16:00<\/p>\n<p style=\"text-align: justify;\">Yer: Ankara Adnan \u00d6t\u00fcken \u0130l Halk K\u00fct\u00fcphanesi<br \/>\nKumrular Caddesi No:3, K\u0131z\u0131lay \/ Ankara<\/p>\n<p style=\"text-align: justify;\">Konu\u015fmac\u0131lar:<\/p>\n<p style=\"text-align: justify;\">Haluk OKUTUR \u2013 Aykut OKUTUR<br \/>\nSimit Saray\u0131 Y\u00f6netim Kurulu Ba\u015fkanlar\u0131<\/p>\n<p style=\"text-align: justify;\">Artun \u00dcNSAL \u2013\u00a0 Yazar<\/p>\n<p style=\"text-align: justify;\">Susaml\u0131 Halkan\u0131n T\u0131ls\u0131m\u0131<\/p>\n<p style=\"text-align: justify;\">Belgesel Film G\u00f6sterimi: Sa\u00e7\u0131l Susam Sa\u00e7\u0131l\u201d<\/p>\n<p style=\"text-align: justify;\">(Asude \u015eENG\u00dcL &#8211; Galatasaray Y\u00fcksek Lisans Bitirme Tezi)<\/p>\n","protected":false},"excerpt":{"rendered":"<p>\u00a0Genel Merkezimiz ve \u015eubemiz, Genel Merkezimizde \u00e7e\u015fitli etkinlikleri planlarken ve geni\u015f kat\u0131l\u0131ml\u0131 organizasyonlara d\u00f6n\u00fck toplant\u0131lar ger\u00e7ekle\u015ftirirken yiyecek ikram\u0131nda\u00a0 50 y\u0131l\u0131 a\u015fk\u0131n s\u00fcredir ayn\u0131 gelene\u011fi s\u00fcrd\u00fcrmektedir. Genel Merkezimiz ve \u015eubemizin kurucusu hocalar\u0131ndan, \u00f6nceki d\u00f6nemlerin y\u00f6netim kurullar\u0131ndan toplant\u0131lar\u0131m\u0131z\u0131n de\u011fi\u015fmez yiyece\u011fi olarak miras ald\u0131\u011f\u0131m\u0131z Simit, Ankara\u2019n\u0131n yiyecek sembollerinden biri oldu\u011fu gibi Derne\u011fimiz ve \u015eubemiz i\u00e7in de vazge\u00e7ilmez bir [&hellip;]<\/p>\n","protected":false},"author":1,"featured_media":0,"comment_status":"open","ping_status":"open","sticky":false,"template":"","format":"standard","meta":{"footnotes":""},"categories":[1],"tags":[],"class_list":["post-2046","post","type-post","status-publish","format-standard","hentry","category-genel"],"_links":{"self":[{"href":"https:\/\/www.bbyhaber.com\/bby\/wp-json\/wp\/v2\/posts\/2046"}],"collection":[{"href":"https:\/\/www.bbyhaber.com\/bby\/wp-json\/wp\/v2\/posts"}],"about":[{"href":"https:\/\/www.bbyhaber.com\/bby\/wp-json\/wp\/v2\/types\/post"}],"author":[{"embeddable":true,"href":"https:\/\/www.bbyhaber.com\/bby\/wp-json\/wp\/v2\/users\/1"}],"replies":[{"embeddable":true,"href":"https:\/\/www.bbyhaber.com\/bby\/wp-json\/wp\/v2\/comments?post=2046"}],"version-history":[{"count":0,"href":"https:\/\/www.bbyhaber.com\/bby\/wp-json\/wp\/v2\/posts\/2046\/revisions"}],"wp:attachment":[{"href":"https:\/\/www.bbyhaber.com\/bby\/wp-json\/wp\/v2\/media?parent=2046"}],"wp:term":[{"taxonomy":"category","embeddable":true,"href":"https:\/\/www.bbyhaber.com\/bby\/wp-json\/wp\/v2\/categories?post=2046"},{"taxonomy":"post_tag","embeddable":true,"href":"https:\/\/www.bbyhaber.com\/bby\/wp-json\/wp\/v2\/tags?post=2046"}],"curies":[{"name":"wp","href":"https:\/\/api.w.org\/{rel}","templated":true}]}}