{"id":2043,"date":"2012-01-04T12:44:11","date_gmt":"2012-01-04T12:44:11","guid":{"rendered":"http:\/\/www.bbyhaber.com\/bby\/?p=2043"},"modified":"2012-06-06T19:51:19","modified_gmt":"2012-06-06T19:51:19","slug":"universiteli-ogrenciler-koy-okuluna-kutuphane-olusturdu","status":"publish","type":"post","link":"https:\/\/www.bbyhaber.com\/bby\/2012\/01\/04\/universiteli-ogrenciler-koy-okuluna-kutuphane-olusturdu","title":{"rendered":"\u00dcniversiteli \u00f6\u011frenciler k\u00f6y okuluna k\u00fct\u00fcphane olu\u015fturdu"},"content":{"rendered":"<p style=\"text-align: justify;\">Erzurum Atat\u00fcrk \u00dcniversitesi \u0130leti\u015fim Fak\u00fcltesi \u00f6\u011frencileri, A\u011fr\u0131\u2019n\u0131n Molla Ali k\u00f6y\u00fcndeki ilk\u00f6\u011fretim okuluna y\u00fczlerce kitap ve ansiklopediden olu\u015fan bir k\u00fct\u00fcphane kazand\u0131rd\u0131. \u00d6\u011frencilerce kurulan Okuma ve D\u00fc\u015f\u00fcnce Kul\u00fcb\u00fc\u2019n\u00fcn giri\u015fimiyle olu\u015fturulan k\u00fct\u00fcphaneye duyarl\u0131 vatanda\u015flar ve yay\u0131nc\u0131lar da ba\u011f\u0131\u015flar\u0131yla destek oldu.<!--more--><\/p>\n<p style=\"text-align: justify;\">Atat\u00fcrk \u00dcniversitesi \u0130leti\u015fim Fak\u00fcltesi \u00f6\u011frencileri, A\u011fr\u0131\u2019n\u0131n Molla Ali K\u00f6y\u00fc \u0130lk\u00f6\u011fretim Okulu\u2019nu k\u00fct\u00fcphaneye kavu\u015fturdu. Gazetecilik B\u00f6l\u00fcm\u00fc \u00f6\u011frencilerinin olu\u015fturdu\u011fu Okuma ve D\u00fc\u015f\u00fcnce Kul\u00fcb\u00fc\u2019n\u00fcn \u00e7abalar\u0131yla meydana getirilen k\u00fct\u00fcphane olu\u015fturma \u00e7abalar\u0131na \u0130leti\u015fim Fak\u00fcltesi\u2019ndeki akademisyenler de destek verdi. Kul\u00fcp \u00fcyesi \u00f6\u011frenciler Y\u0131lmaz Esenbo\u011fa, Dudu Yurt, Merve Korkmaz ve Merve Kalayc\u0131\u2019n\u0131n \u00f6nc\u00fcl\u00fc\u011f\u00fcnde ger\u00e7ekle\u015fen kampanya ile ilgili bilgi veren Kul\u00fcp Ba\u015fkan\u0131 Simge Bulut, Erzurum \u0130l Halk K\u00fct\u00fcphanesi\u2019nin y\u00fczden fazla kitap ve ansiklopedi ile kendilerine destek oldu\u011funu s\u00f6yledi.<\/p>\n<p style=\"text-align: justify;\">Erzurum\u2019daki It\u0131r Kitabevi ile Ankara\u2019daki \u0130mge Yay\u0131nevi\u2019nden kitap temin ettiklerini belirten Bulut, \u201cAtat\u00fcrk \u00dcniversitesi Genel Sekreteri Prof. Dr. Mutafa Ar\u0131k maddi destekte bulundu. Fak\u00fcltemiz kitapl\u0131k ba\u011f\u0131\u015f\u0131 ve imkanlar\u0131n\u0131 kulland\u0131rarak bizi destekledi. Kul\u00fcp dan\u0131\u015fman\u0131m\u0131z Ar\u015f. G\u00f6r. Fahrunnisa Bak\u0131rc\u0131 \u00e7al\u0131\u015fmam\u0131z\u0131n her a\u015famas\u0131nda bize yard\u0131mc\u0131 oldu. Hepsine te\u015fekk\u00fcr ediyoruz.\u201d diye konu\u015ftu.<\/p>\n<p style=\"text-align: justify;\">Erzurum\u2019dan kiralad\u0131klar\u0131 bir ara\u00e7la k\u00fct\u00fcphanenin kurulaca\u011f\u0131 A\u011fr\u0131\u2019n\u0131n Molla Ali k\u00f6y\u00fcne ula\u015fan 10 ki\u015filik \u00f6\u011frenci grubu, k\u00f6y\u00fcn ilk\u00f6\u011fretim okulunun tek dersli\u011fine kitapl\u0131klar\u0131 ve kitaplar\u0131 bizzat yerle\u015ftirdi.<\/p>\n<p style=\"text-align: justify;\">Karla kapl\u0131 yollar\u0131 a\u015fmakta olduk\u00e7a zorland\u0131klar\u0131n\u0131 s\u00f6yleyen Y\u0131lmaz Esenbo\u011fa, \u201cTek derslikten olu\u015fan okulda 16 \u00f6\u011frenci bir arada e\u011fitim g\u00f6r\u00fcyor. \u015eartlar\u0131 bir hayli zor. Is\u0131nmadan ula\u015f\u0131ma, giyimden ara\u00e7 gerece kadar bir\u00e7ok sorunla y\u00fcz y\u00fczeler. \u00c7ocuklar\u0131n ihtiya\u00e7lar\u0131na k\u00fc\u00e7\u00fck de olsa bir kar\u015f\u0131l\u0131k verebildi\u011fimiz i\u00e7in \u00e7ok mutlu olduk.\u201d \u015feklinde konu\u015ftu.<\/p>\n<p style=\"text-align: justify;\">K\u00fct\u00fcphanenin kurulmas\u0131ndan dolay\u0131 memnuniyetini dile getiren \u00f6\u011fretmen Tu\u011fba K\u00f6yc\u00fc, \u201c\u00d6\u011fretmenlik bir g\u00f6n\u00fcl i\u015fi. Buralarda \u00f6\u011fretmenlik \u00e7ok zor, ancak ayn\u0131 oranda da de\u011ferli. Bu t\u00fcr destekler bizi mesle\u011fimize ve okulumuza ba\u011fl\u0131yor.\u201d ifadelerini kulland\u0131.<\/p>\n<p style=\"text-align: justify;\">Atat\u00fcrk \u00dcniversitesi \u0130leti\u015fim Fak\u00fcltesi \u00f6\u011frencilerinin k\u00f6ylerine k\u00fct\u00fcphane kurmas\u0131ndan dolay\u0131 memnun kald\u0131klar\u0131n\u0131 belirten k\u00f6y muhtar\u0131 H\u00fcseyin Karhan da \u00f6\u011frencilere te\u015fekk\u00fcr etti.<\/p>\n<p style=\"text-align: justify;\">Kaynak: http:\/\/www.anadoluhaber.net\/<\/p>\n","protected":false},"excerpt":{"rendered":"<p>Erzurum Atat\u00fcrk \u00dcniversitesi \u0130leti\u015fim Fak\u00fcltesi \u00f6\u011frencileri, A\u011fr\u0131\u2019n\u0131n Molla Ali k\u00f6y\u00fcndeki ilk\u00f6\u011fretim okuluna y\u00fczlerce kitap ve ansiklopediden olu\u015fan bir k\u00fct\u00fcphane kazand\u0131rd\u0131. \u00d6\u011frencilerce kurulan Okuma ve D\u00fc\u015f\u00fcnce Kul\u00fcb\u00fc\u2019n\u00fcn giri\u015fimiyle olu\u015fturulan k\u00fct\u00fcphaneye duyarl\u0131 vatanda\u015flar ve yay\u0131nc\u0131lar da ba\u011f\u0131\u015flar\u0131yla destek oldu.<\/p>\n","protected":false},"author":1,"featured_media":0,"comment_status":"open","ping_status":"open","sticky":false,"template":"","format":"standard","meta":{"footnotes":""},"categories":[1],"tags":[],"class_list":["post-2043","post","type-post","status-publish","format-standard","hentry","category-genel"],"_links":{"self":[{"href":"https:\/\/www.bbyhaber.com\/bby\/wp-json\/wp\/v2\/posts\/2043"}],"collection":[{"href":"https:\/\/www.bbyhaber.com\/bby\/wp-json\/wp\/v2\/posts"}],"about":[{"href":"https:\/\/www.bbyhaber.com\/bby\/wp-json\/wp\/v2\/types\/post"}],"author":[{"embeddable":true,"href":"https:\/\/www.bbyhaber.com\/bby\/wp-json\/wp\/v2\/users\/1"}],"replies":[{"embeddable":true,"href":"https:\/\/www.bbyhaber.com\/bby\/wp-json\/wp\/v2\/comments?post=2043"}],"version-history":[{"count":0,"href":"https:\/\/www.bbyhaber.com\/bby\/wp-json\/wp\/v2\/posts\/2043\/revisions"}],"wp:attachment":[{"href":"https:\/\/www.bbyhaber.com\/bby\/wp-json\/wp\/v2\/media?parent=2043"}],"wp:term":[{"taxonomy":"category","embeddable":true,"href":"https:\/\/www.bbyhaber.com\/bby\/wp-json\/wp\/v2\/categories?post=2043"},{"taxonomy":"post_tag","embeddable":true,"href":"https:\/\/www.bbyhaber.com\/bby\/wp-json\/wp\/v2\/tags?post=2043"}],"curies":[{"name":"wp","href":"https:\/\/api.w.org\/{rel}","templated":true}]}}