{"id":20422,"date":"2016-12-05T01:58:29","date_gmt":"2016-12-04T22:58:29","guid":{"rendered":"http:\/\/www.bbyhaber.com\/bby\/?p=20422"},"modified":"2016-12-06T05:04:54","modified_gmt":"2016-12-06T02:04:54","slug":"cocuk-festivali-gibi-kutuphane-acilisi","status":"publish","type":"post","link":"https:\/\/www.bbyhaber.com\/bby\/2016\/12\/05\/cocuk-festivali-gibi-kutuphane-acilisi","title":{"rendered":"\u00c7ocuk festivali gibi k\u00fct\u00fcphane a\u00e7\u0131l\u0131\u015f\u0131"},"content":{"rendered":"<p style=\"text-align: justify;\"><img loading=\"lazy\" decoding=\"async\" class=\"alignleft size-medium wp-image-20423\" src=\"http:\/\/www.bbyhaber.com\/bby\/wp-content\/uploads\/2016\/12\/584413eaeb10bb1becff9233-300x169.jpg\" alt=\"584413eaeb10bb1becff9233\" width=\"300\" height=\"169\" srcset=\"https:\/\/www.bbyhaber.com\/bby\/wp-content\/uploads\/2016\/12\/584413eaeb10bb1becff9233-300x169.jpg 300w, https:\/\/www.bbyhaber.com\/bby\/wp-content\/uploads\/2016\/12\/584413eaeb10bb1becff9233.jpg 620w\" sizes=\"(max-width: 300px) 100vw, 300px\" \/>MU\u011eLA&#8217;n\u0131n Bodrum il\u00e7esi Peksimet mahallesinde \u00e7evre sakinleri ve baz\u0131 sanat\u00e7\u0131lar\u0131n deste\u011fiyle kurulan Peksimet \u00c7ocuk K\u00fct\u00fcphanesi bug\u00fcn festival gibi bir a\u00e7\u0131l\u0131\u015fla \u00e7ocuklarla bulu\u015ftu. Bodrum&#8217;da Peksimet mahallesinde ressam Mine Arasan ile kabaktan aksesuarlar yapan sanat\u00e7\u0131 H\u00fcseyin \u00d6zg\u00fcl&#8217;\u00fcn \u00f6nc\u00fcl\u00fc\u011f\u00fcnde \u00fc\u00e7 hafta \u00f6nce yap\u0131m\u0131na ba\u015flanan Peksimet \u00c7ocuk K\u00fct\u00fcphanesi bug\u00fcn renkli g\u00f6r\u00fcnt\u00fclerle a\u00e7\u0131ld\u0131. <!--more-->CHP&#8217;li Bodrum Belediye Ba\u015fkan\u0131 Mehmet Kocadon, CHP&#8217;li meclis \u00fcyesi Niyazi Atare, Mine Arasan, H\u00fcseyin \u00d6zg\u00fcl k\u00fct\u00fcphanenin kurulu\u015funda eme\u011fi ge\u00e7en mahallenin bakkal\u0131 ile manav\u0131, boyac\u0131, sanat\u00e7\u0131, tamirci, marangoz, \u00f6\u011fretmen, i\u015f adam\u0131ndan olu\u015fan yakla\u015f\u0131k 1000 ki\u015fi a\u00e7\u0131l\u0131\u015fa kat\u0131ld\u0131. \u0130\u00e7erisinde bir s\u00fcre \u00f6nce trafik kazas\u0131nda ya\u015fam\u0131n\u0131 yitiren yelkenci Ada Uz kitapl\u0131\u011f\u0131n\u0131n da bulundu\u011fu k\u00fct\u00fcphanenin a\u00e7\u0131l\u0131\u015f\u0131nda konuklara ke\u015fkek pilav lokum da\u011f\u0131t\u0131ld\u0131. Sanat\u00e7\u0131lar \u00e7ocuklar i\u00e7in y\u00fcz boyad\u0131, \u00e7ocuk \u015fark\u0131lar\u0131 s\u00f6ylendi. K\u00fct\u00fcphanenin a\u00e7\u0131l\u0131\u015f\u0131nda renkli g\u00f6r\u00fcnt\u00fcler olu\u015ftu. Ressam Mine Arasan &#8220;Bug\u00fcn \u00e7ocuklar\u0131m\u0131z\u0131n mutlulu\u011funu g\u00f6rd\u00fck\u00e7e hepimiz \u00e7ocuk olduk onlarla e\u011flendik onlarla sevindik, \u00e7ocuklar\u0131m\u0131z\u0131n y\u00fcz\u00fcnden g\u00fcl\u00fcc\u00fck eksik olmas\u0131n ac\u0131lar ya\u015famas\u0131n istiyoruz. Bu nedenle benzer sosyal yard\u0131m ve destek etkinliklerini s\u00fcrd\u00fcrece\u011fiz&#8221; dedi.<\/p>\n<p>45 G\u00dcNDE RENGARENK K\u00dcT\u00dcPHANE<\/p>\n<p>Yakla\u015f\u0131k 4 bin kitab\u0131n bulundu\u011fu k\u00fct\u00fcphaneye gelen \u00e7ocuklar kitaplar\u0131 uzun s\u00fcre ellerinden b\u0131rakamad\u0131. Projenin \u00f6nc\u00fclerinden H\u00fcseyin \u00d6zg\u00fcl, &#8220;Ba\u015fta sanat\u00e7\u0131m\u0131z Nejat \u0130\u015fler olmak \u00fczere Bodrum ve T\u00fcrkiye&#8217;nin d\u00f6rt bir k\u00f6\u015fesinden yard\u0131m ve kitap ya\u011fd\u0131 hala ya\u011fmaya devam ediyor. Bu nedenle bug\u00fcn a\u00e7\u0131l\u0131\u015f\u0131m\u0131z\u0131 eme\u011fi ge\u00e7enlerle ve \u00e7ocuklar\u0131m\u0131za sahip \u00e7\u0131kmak i\u00e7in her t\u00fcrl\u00fc fedakarl\u0131\u011f\u0131 yapanlarla birlikte yapt\u0131k, sosyal medyada ba\u015flatt\u0131\u011f\u0131m\u0131z kampanyada 45 g\u00fcn i\u00e7inde bu mutlu sonuca ula\u015ft\u0131k. Bas\u0131n mensuplar\u0131 dahil eme\u011fi ge\u00e7en herkese te\u015fekk\u00fcr ediyoruz&#8221; diye konu\u015ftu.<\/p>\n<p>K\u00fct\u00fcphanede kitapl\u0131k hizmetinin yan\u0131s\u0131ra farkl\u0131 k\u00fclt\u00fcr ve sanatsal etkinliklerin de d\u00fczenlenece\u011fi belirtildi.<\/p>\n<p style=\"text-align: justify;\"><a href=\"http:\/\/www.hurriyet.com.tr\/cocuk-festivali-gibi-kutuphane-acilisi-40296510\" target=\"_blank\">Kaynak<\/a><\/p>\n","protected":false},"excerpt":{"rendered":"<p>MU\u011eLA&#8217;n\u0131n Bodrum il\u00e7esi Peksimet mahallesinde \u00e7evre sakinleri ve baz\u0131 sanat\u00e7\u0131lar\u0131n deste\u011fiyle kurulan Peksimet \u00c7ocuk K\u00fct\u00fcphanesi bug\u00fcn festival gibi bir a\u00e7\u0131l\u0131\u015fla \u00e7ocuklarla bulu\u015ftu. Bodrum&#8217;da Peksimet mahallesinde ressam Mine Arasan ile kabaktan aksesuarlar yapan sanat\u00e7\u0131 H\u00fcseyin \u00d6zg\u00fcl&#8217;\u00fcn \u00f6nc\u00fcl\u00fc\u011f\u00fcnde \u00fc\u00e7 hafta \u00f6nce yap\u0131m\u0131na ba\u015flanan Peksimet \u00c7ocuk K\u00fct\u00fcphanesi bug\u00fcn renkli g\u00f6r\u00fcnt\u00fclerle a\u00e7\u0131ld\u0131.<\/p>\n","protected":false},"author":1,"featured_media":20440,"comment_status":"open","ping_status":"open","sticky":false,"template":"","format":"standard","meta":{"footnotes":""},"categories":[],"tags":[1439],"class_list":["post-20422","post","type-post","status-publish","format-standard","has-post-thumbnail","hentry","tag-cocuk-kutuphaneleri"],"_links":{"self":[{"href":"https:\/\/www.bbyhaber.com\/bby\/wp-json\/wp\/v2\/posts\/20422"}],"collection":[{"href":"https:\/\/www.bbyhaber.com\/bby\/wp-json\/wp\/v2\/posts"}],"about":[{"href":"https:\/\/www.bbyhaber.com\/bby\/wp-json\/wp\/v2\/types\/post"}],"author":[{"embeddable":true,"href":"https:\/\/www.bbyhaber.com\/bby\/wp-json\/wp\/v2\/users\/1"}],"replies":[{"embeddable":true,"href":"https:\/\/www.bbyhaber.com\/bby\/wp-json\/wp\/v2\/comments?post=20422"}],"version-history":[{"count":1,"href":"https:\/\/www.bbyhaber.com\/bby\/wp-json\/wp\/v2\/posts\/20422\/revisions"}],"predecessor-version":[{"id":20441,"href":"https:\/\/www.bbyhaber.com\/bby\/wp-json\/wp\/v2\/posts\/20422\/revisions\/20441"}],"wp:featuredmedia":[{"embeddable":true,"href":"https:\/\/www.bbyhaber.com\/bby\/wp-json\/wp\/v2\/media\/20440"}],"wp:attachment":[{"href":"https:\/\/www.bbyhaber.com\/bby\/wp-json\/wp\/v2\/media?parent=20422"}],"wp:term":[{"taxonomy":"category","embeddable":true,"href":"https:\/\/www.bbyhaber.com\/bby\/wp-json\/wp\/v2\/categories?post=20422"},{"taxonomy":"post_tag","embeddable":true,"href":"https:\/\/www.bbyhaber.com\/bby\/wp-json\/wp\/v2\/tags?post=20422"}],"curies":[{"name":"wp","href":"https:\/\/api.w.org\/{rel}","templated":true}]}}