{"id":20406,"date":"2016-12-02T06:04:05","date_gmt":"2016-12-02T03:04:05","guid":{"rendered":"http:\/\/www.bbyhaber.com\/bby\/?p=20406"},"modified":"2016-12-06T05:09:37","modified_gmt":"2016-12-06T02:09:37","slug":"burdur-il-halk-kutuphanesi-insaati-basladi","status":"publish","type":"post","link":"https:\/\/www.bbyhaber.com\/bby\/2016\/12\/02\/burdur-il-halk-kutuphanesi-insaati-basladi","title":{"rendered":"Burdur \u0130l Halk K\u00fct\u00fcphanesi \u0130n\u015faat\u0131 Ba\u015flad\u0131"},"content":{"rendered":"<p style=\"text-align: justify;\"><img loading=\"lazy\" decoding=\"async\" class=\"alignleft size-full wp-image-20407\" src=\"http:\/\/www.bbyhaber.com\/bby\/wp-content\/uploads\/2016\/12\/burdur-il-halk-k\u00fct\u00fcphanes.jpg\" alt=\"burdur-il-halk-kutuphanes\" width=\"250\" height=\"180\" \/>AK Parti Burdur Milletvekili Bayram \u00d6z\u00e7elik, Burdur Merkezde yap\u0131m\u0131na ba\u015flan\u0131lan \u0130l Halk K\u00fct\u00fcphanesi in\u015faat\u0131nda incelemelerde bulundu. 2014 y\u0131l\u0131nda depreme dayan\u0131ks\u0131zl\u0131\u011f\u0131 nedeniyle bo\u015falt\u0131l\u0131p y\u0131k\u0131lan \u0130l Halk K\u00fct\u00fcphanemizin in\u015faat\u0131n\u0131n ba\u015flad\u0131\u011f\u0131n\u0131 belirten AK Parti Burdur Milletvekili \u00d6z\u00e7elik \u201d 2014 y\u0131l\u0131nda depreme dayan\u0131ks\u0131zl\u0131\u011f\u0131 nedeniyle s\u00fcratle bo\u015falt\u0131l\u0131p y\u0131kt\u0131r\u0131lan Burdur \u0130l Halk K\u00fct\u00fcphanesi 2015 yat\u0131r\u0131m program\u0131na al\u0131nm\u0131\u015ft\u0131.<!--more--> Her s\u00fcrecini takip etti\u011fimiz K\u00fct\u00fcphane in\u015faat\u0131m\u0131zda incelemelerde bulunduk. 4.588.000 TL ihale bedeli in\u015faat\u0131na ba\u015flad\u0131\u011f\u0131m\u0131z K\u00fct\u00fcphane in\u015faat\u0131m\u0131z\u0131n tamamland\u0131\u011f\u0131nda \u0130limize g\u00fczel bir eser kazand\u0131rm\u0131\u015f olaca\u011f\u0131z.\u201d dedi.<\/p>\n<p style=\"text-align: justify;\">450 G\u00dcNDE TAMAMLANMASI PLANLANIYOR.<br \/>\nMilletvekili \u00d6z\u00e7elik yapt\u0131\u011f\u0131 a\u00e7\u0131klamada \u201c \u0130l Halk K\u00fct\u00fcphanesi hizmet binas\u0131 in\u015faat\u0131m\u0131z\u0131n 07.09.2016\u2019da yer teslimi yap\u0131lan in\u015faat\u0131m\u0131z 450 g\u00fcnde bitirilmesi planlanmakta\u201d dedi.<\/p>\n<p style=\"text-align: justify;\"><a href=\"http:\/\/haberhedef.com\/\" target=\"_blank\">Kaynak<\/a><\/p>\n","protected":false},"excerpt":{"rendered":"<p>AK Parti Burdur Milletvekili Bayram \u00d6z\u00e7elik, Burdur Merkezde yap\u0131m\u0131na ba\u015flan\u0131lan \u0130l Halk K\u00fct\u00fcphanesi in\u015faat\u0131nda incelemelerde bulundu. 2014 y\u0131l\u0131nda depreme dayan\u0131ks\u0131zl\u0131\u011f\u0131 nedeniyle bo\u015falt\u0131l\u0131p y\u0131k\u0131lan \u0130l Halk K\u00fct\u00fcphanemizin in\u015faat\u0131n\u0131n ba\u015flad\u0131\u011f\u0131n\u0131 belirten AK Parti Burdur Milletvekili \u00d6z\u00e7elik \u201d 2014 y\u0131l\u0131nda depreme dayan\u0131ks\u0131zl\u0131\u011f\u0131 nedeniyle s\u00fcratle bo\u015falt\u0131l\u0131p y\u0131kt\u0131r\u0131lan Burdur \u0130l Halk K\u00fct\u00fcphanesi 2015 yat\u0131r\u0131m program\u0131na al\u0131nm\u0131\u015ft\u0131.<\/p>\n","protected":false},"author":1,"featured_media":20449,"comment_status":"open","ping_status":"open","sticky":false,"template":"","format":"standard","meta":{"footnotes":""},"categories":[1],"tags":[],"class_list":["post-20406","post","type-post","status-publish","format-standard","has-post-thumbnail","hentry","category-genel"],"_links":{"self":[{"href":"https:\/\/www.bbyhaber.com\/bby\/wp-json\/wp\/v2\/posts\/20406"}],"collection":[{"href":"https:\/\/www.bbyhaber.com\/bby\/wp-json\/wp\/v2\/posts"}],"about":[{"href":"https:\/\/www.bbyhaber.com\/bby\/wp-json\/wp\/v2\/types\/post"}],"author":[{"embeddable":true,"href":"https:\/\/www.bbyhaber.com\/bby\/wp-json\/wp\/v2\/users\/1"}],"replies":[{"embeddable":true,"href":"https:\/\/www.bbyhaber.com\/bby\/wp-json\/wp\/v2\/comments?post=20406"}],"version-history":[{"count":1,"href":"https:\/\/www.bbyhaber.com\/bby\/wp-json\/wp\/v2\/posts\/20406\/revisions"}],"predecessor-version":[{"id":20450,"href":"https:\/\/www.bbyhaber.com\/bby\/wp-json\/wp\/v2\/posts\/20406\/revisions\/20450"}],"wp:featuredmedia":[{"embeddable":true,"href":"https:\/\/www.bbyhaber.com\/bby\/wp-json\/wp\/v2\/media\/20449"}],"wp:attachment":[{"href":"https:\/\/www.bbyhaber.com\/bby\/wp-json\/wp\/v2\/media?parent=20406"}],"wp:term":[{"taxonomy":"category","embeddable":true,"href":"https:\/\/www.bbyhaber.com\/bby\/wp-json\/wp\/v2\/categories?post=20406"},{"taxonomy":"post_tag","embeddable":true,"href":"https:\/\/www.bbyhaber.com\/bby\/wp-json\/wp\/v2\/tags?post=20406"}],"curies":[{"name":"wp","href":"https:\/\/api.w.org\/{rel}","templated":true}]}}