{"id":20397,"date":"2016-12-01T01:17:04","date_gmt":"2016-11-30T22:17:04","guid":{"rendered":"http:\/\/www.bbyhaber.com\/bby\/?p=20397"},"modified":"2016-12-06T05:18:59","modified_gmt":"2016-12-06T02:18:59","slug":"bibliopera-projesi-hayata-gecti","status":"publish","type":"post","link":"https:\/\/www.bbyhaber.com\/bby\/2016\/12\/01\/bibliopera-projesi-hayata-gecti","title":{"rendered":"BiblioPera projesi hayata ge\u00e7ti"},"content":{"rendered":"<p style=\"text-align: justify;\"><img loading=\"lazy\" decoding=\"async\" class=\"alignleft size-full wp-image-20453\" src=\"http:\/\/www.bbyhaber.com\/bby\/wp-content\/uploads\/2016\/12\/bibliopera.jpg\" alt=\"bibliopera\" width=\"204\" height=\"204\" srcset=\"https:\/\/www.bbyhaber.com\/bby\/wp-content\/uploads\/2016\/12\/bibliopera.jpg 204w, https:\/\/www.bbyhaber.com\/bby\/wp-content\/uploads\/2016\/12\/bibliopera-150x150.jpg 150w\" sizes=\"(max-width: 204px) 100vw, 204px\" \/>Beyo\u011flu\u2019nda faaliyet g\u00f6steren dokuz k\u00fclt\u00fcr ve bilimsel ara\u015ft\u0131rma kurumunun veri tabanlar\u0131na tek bir platformdan eri\u015fim sa\u011flayan BiblioPera projesi hayata ge\u00e7ti. Projenin Pera M\u00fczesi&#8217;nde ger\u00e7ekle\u015fen tan\u0131t\u0131m toplant\u0131s\u0131nda AA muhabirine a\u00e7\u0131klamada bulunan, Ko\u00e7 \u00dcniversitesi K\u00fct\u00fcphane Direkt\u00f6r\u00fc Tuba Akbayt\u00fcrk, projenin 1980&#8217;lerden itibaren d\u00fc\u015f\u00fcn\u00fcld\u00fc\u011f\u00fcn\u00fc dile getirerek, &#8220;Proje, bu b\u00f6lgede hemen hemen ayn\u0131 alanlarda hizmet veren k\u00fct\u00fcphanelerin ortak bir alandan kaynaklar\u0131n\u0131n taranabilmesini hedefleyen bir proje olarak 2014 y\u0131l\u0131nda bizler taraf\u0131ndan ele al\u0131nd\u0131.&#8221; dedi.<!--more--><\/p>\n<p style=\"text-align: justify;\">Akbayt\u00fcrk, \u0130stanbul Kalk\u0131nma Ajans\u0131na yap\u0131lan ba\u015fvuru sonunda 500 bin liral\u0131k maddi destek sa\u011fland\u0131\u011f\u0131n\u0131 aktararak, &#8220;Bu bizim bu ortakl\u0131\u011f\u0131n \u00f6n\u00fcndeki mali engeli kald\u0131rmam\u0131z\u0131 sa\u011flam\u0131\u015f oldu. Daha sonra payda\u015flar\u0131m\u0131z\u0131 tek tek ikna turu oldu. Onlar\u0131n bu proje i\u00e7erisinde yer almalar\u0131n\u0131 sa\u011flad\u0131k. \u00d6nce 7 kurum ile ba\u015flam\u0131\u015ft\u0131k. Daha sonra proje s\u00fcrerken 2 kurumun daha kat\u0131lmas\u0131yla kurum say\u0131s\u0131 9&#8217;a \u00e7\u0131kt\u0131.&#8221; diye konu\u015ftu.<\/p>\n<p style=\"text-align: justify;\">Kat\u0131l\u0131mc\u0131 kurumlar\u0131n hepsinin Beyo\u011flu&#8217;nda bulundu\u011funun alt\u0131n\u0131 \u00e7izen Akbayt\u00fcrk, \u015fu bilgileri verdi:<\/p>\n<p style=\"text-align: justify;\">&#8220;Platformumuz teknik anlamda bakarsak web teknolojileri kullan\u0131larak bu 9 k\u00fct\u00fcphanenin bas\u0131l\u0131 kaynaklar\u0131n\u0131 bir araya getiriyor. Bir noktadan taranmas\u0131n\u0131 sa\u011fl\u0131yor. Buna ek olarak da \u00e7ok yak\u0131n zamanda baz\u0131 k\u00fct\u00fcphanelerimizin sahip oldu\u011fu dijital i\u00e7erikler burada taranabilir, ke\u015ffedilebilir olacak. Bu k\u00fct\u00fcphane kaynaklar\u0131n\u0131n bir araya getirilmesi ile s\u0131n\u0131rlamak istemiyoruz bu portal\u0131. Ayr\u0131ca haberler, bu merkezlerden \u00e7\u0131kan yeni yay\u0131nlar, buralardaki sergiler ve yeni etkinlikler, t\u00fcm bunlar\u0131n tek bir noktadan g\u00f6r\u00fclebilmesini, takip edilebilmesini arzu ediyoruz.&#8221;<\/p>\n<p style=\"text-align: justify;\">Tuba Akbayt\u00fcrk, BiblioPera&#8217;n\u0131n \u00f6\u011frenci, ara\u015ft\u0131rmac\u0131 ya da sade vatanda\u015f, herkese a\u00e7\u0131k oldu\u011funu vurgulayarak, &#8220;Yurt d\u0131\u015f\u0131ndan da eri\u015filebilir olacak. Dolay\u0131s\u0131yla platform herkese a\u00e7\u0131k. \u00d6nemli olan bu alanlara ger\u00e7ekten ilgi duyulmas\u0131. Sanat tarihi, tarih, arkeoloji, Anadolu&#8217;nun i\u00e7inden ba\u011fr\u0131ndan kopmu\u015f alanlar, k\u00fclt\u00fcrlerle ilgilenen herkes bu platformu kullanabilir. Herhangi bir \u00fccret yok. Platformu 2 a\u015famal\u0131 gibi d\u00fc\u015f\u00fcnebiliriz. Genel kullan\u0131c\u0131 herhangi bir \u00fcyelik ger\u00e7ekle\u015ftirmeden kullanabilir. Daha altta var olan forum gibi birtak\u0131m ek fonksiyonlar\u0131 kullanmak istendi\u011finde bir \u00fcyelik gerekiyor. O \u00fcyelik sonras\u0131nda da platformun bir \u00fcst seviyesine eri\u015febilir oluyor.&#8221; ifadelerini kulland\u0131.<\/p>\n<p style=\"text-align: justify;\">Proje kapsam\u0131nda ortak bir katalogda toplanan 500 bin bas\u0131l\u0131 yay\u0131n ile iki milyonu a\u015fk\u0131n belge ve kaynak, bibliopera.org adresinde kamunun eri\u015fimine a\u00e7\u0131lacak.<\/p>\n<p style=\"text-align: justify;\">Ko\u00e7 \u00dcniversitesi Suna K\u0131ra\u00e7 K\u00fct\u00fcphanesi taraf\u0131ndan y\u00fcr\u00fct\u00fclen, \u0130stanbul Ara\u015ft\u0131rmalar\u0131 Enstit\u00fcs\u00fc ortakl\u0131\u011f\u0131 ile hayata ge\u00e7irilen BiblioPera, Alman Arkeoloji Enstit\u00fcs\u00fc, Frans\u0131z Anadolu Ara\u015ft\u0131rmalar\u0131 Enstit\u00fcs\u00fc, Hollanda Ara\u015ft\u0131rma Enstit\u00fcs\u00fc, \u0130stanbul Ara\u015ft\u0131rmalar\u0131 Enstit\u00fcs\u00fc, \u0130sve\u00e7 Ara\u015ft\u0131rma Enstit\u00fcs\u00fc, Ko\u00e7 \u00dcniversitesi Anadolu Medeniyetleri Ara\u015ft\u0131rma Merkezi, Orient-Institut Istanbul, SALT ve Sismanoglio Megaro\u2019nun i\u015f birli\u011fiyle ger\u00e7ekle\u015ftirildi.<\/p>\n<p><a href=\"https:\/\/bibliopera.org\/\" target=\"_blank\">https:\/\/bibliopera.org\/<\/a><\/p>\n<p style=\"text-align: justify;\">AA<\/p>\n","protected":false},"excerpt":{"rendered":"<p>Beyo\u011flu\u2019nda faaliyet g\u00f6steren dokuz k\u00fclt\u00fcr ve bilimsel ara\u015ft\u0131rma kurumunun veri tabanlar\u0131na tek bir platformdan eri\u015fim sa\u011flayan BiblioPera projesi hayata ge\u00e7ti. Projenin Pera M\u00fczesi&#8217;nde ger\u00e7ekle\u015fen tan\u0131t\u0131m toplant\u0131s\u0131nda AA muhabirine a\u00e7\u0131klamada bulunan, Ko\u00e7 \u00dcniversitesi K\u00fct\u00fcphane Direkt\u00f6r\u00fc Tuba Akbayt\u00fcrk, projenin 1980&#8217;lerden itibaren d\u00fc\u015f\u00fcn\u00fcld\u00fc\u011f\u00fcn\u00fc dile getirerek, &#8220;Proje, bu b\u00f6lgede hemen hemen ayn\u0131 alanlarda hizmet veren k\u00fct\u00fcphanelerin ortak bir alandan [&hellip;]<\/p>\n","protected":false},"author":129,"featured_media":20453,"comment_status":"open","ping_status":"open","sticky":false,"template":"","format":"standard","meta":{"footnotes":""},"categories":[1],"tags":[917,1437],"class_list":["post-20397","post","type-post","status-publish","format-standard","has-post-thumbnail","hentry","category-genel","tag-bibliopera","tag-univ-arastirma-kutuphaneleri"],"_links":{"self":[{"href":"https:\/\/www.bbyhaber.com\/bby\/wp-json\/wp\/v2\/posts\/20397"}],"collection":[{"href":"https:\/\/www.bbyhaber.com\/bby\/wp-json\/wp\/v2\/posts"}],"about":[{"href":"https:\/\/www.bbyhaber.com\/bby\/wp-json\/wp\/v2\/types\/post"}],"author":[{"embeddable":true,"href":"https:\/\/www.bbyhaber.com\/bby\/wp-json\/wp\/v2\/users\/129"}],"replies":[{"embeddable":true,"href":"https:\/\/www.bbyhaber.com\/bby\/wp-json\/wp\/v2\/comments?post=20397"}],"version-history":[{"count":1,"href":"https:\/\/www.bbyhaber.com\/bby\/wp-json\/wp\/v2\/posts\/20397\/revisions"}],"predecessor-version":[{"id":20454,"href":"https:\/\/www.bbyhaber.com\/bby\/wp-json\/wp\/v2\/posts\/20397\/revisions\/20454"}],"wp:featuredmedia":[{"embeddable":true,"href":"https:\/\/www.bbyhaber.com\/bby\/wp-json\/wp\/v2\/media\/20453"}],"wp:attachment":[{"href":"https:\/\/www.bbyhaber.com\/bby\/wp-json\/wp\/v2\/media?parent=20397"}],"wp:term":[{"taxonomy":"category","embeddable":true,"href":"https:\/\/www.bbyhaber.com\/bby\/wp-json\/wp\/v2\/categories?post=20397"},{"taxonomy":"post_tag","embeddable":true,"href":"https:\/\/www.bbyhaber.com\/bby\/wp-json\/wp\/v2\/tags?post=20397"}],"curies":[{"name":"wp","href":"https:\/\/api.w.org\/{rel}","templated":true}]}}