{"id":20373,"date":"2016-11-23T01:42:40","date_gmt":"2016-11-22T22:42:40","guid":{"rendered":"http:\/\/www.bbyhaber.com\/bby\/?p=20373"},"modified":"2016-11-23T01:43:20","modified_gmt":"2016-11-22T22:43:20","slug":"koc-universitesi-kulturel-miras-calismalarina-bakis","status":"publish","type":"post","link":"https:\/\/www.bbyhaber.com\/bby\/2016\/11\/23\/koc-universitesi-kulturel-miras-calismalarina-bakis","title":{"rendered":"Ko\u00e7 \u00dcniversitesi K\u00fclt\u00fcrel Miras \u00c7al\u0131\u015fmalar\u0131na Bak\u0131\u015f Paneli"},"content":{"rendered":"<p><img loading=\"lazy\" decoding=\"async\" class=\"size-medium wp-image-20375 alignleft\" src=\"http:\/\/www.bbyhaber.com\/bby\/wp-content\/uploads\/2016\/11\/kmcb_e-davetiye_high_0-177x300.jpg\" alt=\"kmcb_e-davetiye_high_0\" width=\"177\" height=\"300\" srcset=\"https:\/\/www.bbyhaber.com\/bby\/wp-content\/uploads\/2016\/11\/kmcb_e-davetiye_high_0-177x300.jpg 177w, https:\/\/www.bbyhaber.com\/bby\/wp-content\/uploads\/2016\/11\/kmcb_e-davetiye_high_0.jpg 519w\" sizes=\"(max-width: 177px) 100vw, 177px\" \/>Ko\u00e7 \u00dcniversitesi &#8211; VEKAM k\u00fclt\u00fcrel miras koleksiyonlar\u0131na ve \u00e7al\u0131\u015fmalar\u0131na bak\u0131\u015f a\u00e7\u0131s\u0131 ile bu kaynaklar\u0131n korunmas\u0131nda kurumun benimsemi\u015f oldu\u011fu vizyonu ortaya koyacak ve Ko\u00e7 \u00dcniversitesi k\u00fct\u00fcphanelerinde bulunan k\u00fclt\u00fcrel miras koleksiyonlar\u0131n\u0131n \u00f6nemini, akademik ara\u015ft\u0131rmalara katk\u0131lar\u0131n\u0131 ve dijitalle\u015ftirme s\u00fcre\u00e7lerinin ele al\u0131naca\u011f\u0131 bir panel d\u00fczenliyor.<\/p>\n<p>&nbsp;<\/p>\n<p>Detaylara <a href=\"https:\/\/vekam.ku.edu.tr\/tr\/content\/koc-universitesi-kulturel-miras-calismalarina-bakis\">buradan <\/a>ula\u015fabilirsiniz.<\/p>\n","protected":false},"excerpt":{"rendered":"<p>Ko\u00e7 \u00dcniversitesi &#8211; VEKAM k\u00fclt\u00fcrel miras koleksiyonlar\u0131na ve \u00e7al\u0131\u015fmalar\u0131na bak\u0131\u015f a\u00e7\u0131s\u0131 ile bu kaynaklar\u0131n korunmas\u0131nda kurumun benimsemi\u015f oldu\u011fu vizyonu ortaya koyacak ve Ko\u00e7 \u00dcniversitesi k\u00fct\u00fcphanelerinde bulunan k\u00fclt\u00fcrel miras koleksiyonlar\u0131n\u0131n \u00f6nemini, akademik ara\u015ft\u0131rmalara katk\u0131lar\u0131n\u0131 ve dijitalle\u015ftirme s\u00fcre\u00e7lerinin ele al\u0131naca\u011f\u0131 bir panel d\u00fczenliyor. &nbsp; Detaylara buradan ula\u015fabilirsiniz.<\/p>\n","protected":false},"author":129,"featured_media":20375,"comment_status":"open","ping_status":"open","sticky":false,"template":"","format":"standard","meta":{"footnotes":""},"categories":[1,727],"tags":[916,915],"class_list":["post-20373","post","type-post","status-publish","format-standard","has-post-thumbnail","hentry","category-genel","category-kulturel-miras-2","tag-koc-universitesi","tag-vekam"],"_links":{"self":[{"href":"https:\/\/www.bbyhaber.com\/bby\/wp-json\/wp\/v2\/posts\/20373"}],"collection":[{"href":"https:\/\/www.bbyhaber.com\/bby\/wp-json\/wp\/v2\/posts"}],"about":[{"href":"https:\/\/www.bbyhaber.com\/bby\/wp-json\/wp\/v2\/types\/post"}],"author":[{"embeddable":true,"href":"https:\/\/www.bbyhaber.com\/bby\/wp-json\/wp\/v2\/users\/129"}],"replies":[{"embeddable":true,"href":"https:\/\/www.bbyhaber.com\/bby\/wp-json\/wp\/v2\/comments?post=20373"}],"version-history":[{"count":0,"href":"https:\/\/www.bbyhaber.com\/bby\/wp-json\/wp\/v2\/posts\/20373\/revisions"}],"wp:featuredmedia":[{"embeddable":true,"href":"https:\/\/www.bbyhaber.com\/bby\/wp-json\/"}],"wp:attachment":[{"href":"https:\/\/www.bbyhaber.com\/bby\/wp-json\/wp\/v2\/media?parent=20373"}],"wp:term":[{"taxonomy":"category","embeddable":true,"href":"https:\/\/www.bbyhaber.com\/bby\/wp-json\/wp\/v2\/categories?post=20373"},{"taxonomy":"post_tag","embeddable":true,"href":"https:\/\/www.bbyhaber.com\/bby\/wp-json\/wp\/v2\/tags?post=20373"}],"curies":[{"name":"wp","href":"https:\/\/api.w.org\/{rel}","templated":true}]}}