{"id":20370,"date":"2016-11-22T22:57:51","date_gmt":"2016-11-22T19:57:51","guid":{"rendered":"http:\/\/www.bbyhaber.com\/bby\/?p=20370"},"modified":"2016-11-23T01:48:40","modified_gmt":"2016-11-22T22:48:40","slug":"kutuphanelerde-halkla-iliskiler-ve-gonulluluk-egitimi-gerceklestirildi","status":"publish","type":"post","link":"https:\/\/www.bbyhaber.com\/bby\/2016\/11\/22\/kutuphanelerde-halkla-iliskiler-ve-gonulluluk-egitimi-gerceklestirildi","title":{"rendered":"&#8220;K\u00fct\u00fcphanelerde Halkla \u0130li\u015fkiler ve G\u00f6n\u00fcll\u00fcl\u00fck&#8221; e\u011fitimi ger\u00e7ekle\u015ftirildi"},"content":{"rendered":"<p style=\"text-align: justify;\"><img loading=\"lazy\" decoding=\"async\" class=\"alignleft size-medium wp-image-20371\" src=\"http:\/\/www.bbyhaber.com\/bby\/wp-content\/uploads\/2016\/11\/halklailiskileregitimi-kutuphane-300x164.jpg\" alt=\"halklailiskileregitimi-kutuphane\" width=\"300\" height=\"164\" srcset=\"https:\/\/www.bbyhaber.com\/bby\/wp-content\/uploads\/2016\/11\/halklailiskileregitimi-kutuphane-300x164.jpg 300w, https:\/\/www.bbyhaber.com\/bby\/wp-content\/uploads\/2016\/11\/halklailiskileregitimi-kutuphane.jpg 660w\" sizes=\"(max-width: 300px) 100vw, 300px\" \/>T\u00fcrkiye\u2019nin t\u00fcm il ve il\u00e7elerinden gelen K\u00fct\u00fcphane M\u00fcd\u00fcrlerinin kat\u0131l\u0131m\u0131 ile \u201cK\u00fct\u00fcphanelerde Halkla \u0130li\u015fkiler ve G\u00f6n\u00fcll\u00fcl\u00fck\u201d konulu e\u011fitim program\u0131 ger\u00e7ekle\u015ftirildi.<!--more--><\/p>\n<p style=\"text-align: justify;\">Gen\u00e7lik ve Spor Bakanl\u0131\u011f\u0131 E\u011fitim, K\u00fclt\u00fcr ve Ara\u015ft\u0131rma Genel M\u00fcd\u00fcrl\u00fc\u011f\u00fc ile K\u00fclt\u00fcr ve Turizm Bakanl\u0131\u011f\u0131 K\u00fct\u00fcphaneler ve Yay\u0131nlar Genel M\u00fcd\u00fcrl\u00fc\u011f\u00fc i\u015fbirli\u011finde \u201cG\u00f6n\u00fcll\u00fcl\u00fck ve G\u00f6n\u00fcll\u00fc Y\u00f6netimi\u201d ile \u201cK\u00fct\u00fcphanelerde Halkla \u0130li\u015fkiler ve G\u00f6n\u00fcll\u00fcl\u00fck\u201d konulu e\u011fitim d\u00fczenlendi. Bakanl\u0131k Merkez Binada ger\u00e7ekle\u015ftirilen bir g\u00fcnl\u00fck e\u011fitim program\u0131na 81 ilden gelen 150 il ve il\u00e7e k\u00fct\u00fcphane m\u00fcd\u00fcr\u00fc ile k\u00fct\u00fcphaneciler kat\u0131ld\u0131.<\/p>\n","protected":false},"excerpt":{"rendered":"<p>T\u00fcrkiye\u2019nin t\u00fcm il ve il\u00e7elerinden gelen K\u00fct\u00fcphane M\u00fcd\u00fcrlerinin kat\u0131l\u0131m\u0131 ile \u201cK\u00fct\u00fcphanelerde Halkla \u0130li\u015fkiler ve G\u00f6n\u00fcll\u00fcl\u00fck\u201d konulu e\u011fitim program\u0131 ger\u00e7ekle\u015ftirildi.<\/p>\n","protected":false},"author":1,"featured_media":20371,"comment_status":"open","ping_status":"open","sticky":false,"template":"","format":"standard","meta":{"footnotes":""},"categories":[1],"tags":[],"class_list":["post-20370","post","type-post","status-publish","format-standard","has-post-thumbnail","hentry","category-genel"],"_links":{"self":[{"href":"https:\/\/www.bbyhaber.com\/bby\/wp-json\/wp\/v2\/posts\/20370"}],"collection":[{"href":"https:\/\/www.bbyhaber.com\/bby\/wp-json\/wp\/v2\/posts"}],"about":[{"href":"https:\/\/www.bbyhaber.com\/bby\/wp-json\/wp\/v2\/types\/post"}],"author":[{"embeddable":true,"href":"https:\/\/www.bbyhaber.com\/bby\/wp-json\/wp\/v2\/users\/1"}],"replies":[{"embeddable":true,"href":"https:\/\/www.bbyhaber.com\/bby\/wp-json\/wp\/v2\/comments?post=20370"}],"version-history":[{"count":0,"href":"https:\/\/www.bbyhaber.com\/bby\/wp-json\/wp\/v2\/posts\/20370\/revisions"}],"wp:featuredmedia":[{"embeddable":true,"href":"https:\/\/www.bbyhaber.com\/bby\/wp-json\/"}],"wp:attachment":[{"href":"https:\/\/www.bbyhaber.com\/bby\/wp-json\/wp\/v2\/media?parent=20370"}],"wp:term":[{"taxonomy":"category","embeddable":true,"href":"https:\/\/www.bbyhaber.com\/bby\/wp-json\/wp\/v2\/categories?post=20370"},{"taxonomy":"post_tag","embeddable":true,"href":"https:\/\/www.bbyhaber.com\/bby\/wp-json\/wp\/v2\/tags?post=20370"}],"curies":[{"name":"wp","href":"https:\/\/api.w.org\/{rel}","templated":true}]}}